{"id":198763,"date":"2025-12-22T18:28:17","date_gmt":"2025-12-22T18:28:17","guid":{"rendered":"https:\/\/www.europesays.com\/pt\/198763\/"},"modified":"2025-12-22T18:28:17","modified_gmt":"2025-12-22T18:28:17","slug":"band-recorre-a-andrea-bocelli-diogo-nogueira-e-ney-matogrosso-para-encerrar-2025","status":"publish","type":"post","link":"https:\/\/www.europesays.com\/pt\/198763\/","title":{"rendered":"Band recorre a Andrea Bocelli, Diogo Nogueira e Ney Matogrosso para encerrar 2025"},"content":{"rendered":"<p>Prestes a entrar em uma nova fase, com a chegada do argentino Guillermo Pendino para tocar o Art\u00edstico e a Programa\u00e7\u00e3o, a <a href=\"https:\/\/natelinha.uol.com.br\/televisao\/emissoras\/band\" rel=\"nofollow noopener\" target=\"_blank\">Band<\/a> vai se despedir de 2025 com uma s\u00e9rie de shows e especiais.<\/p>\n<p>continua depois da publicidade<\/p>\n<p>Na quarta-feira (24), \u00e0s 23h30, a emissora exibe o Natal da Fam\u00edlia Bocelli, uma apresenta\u00e7\u00e3o na qual o tenor italiano Andrea Bocelli solta a voz ao lado dos filhos Matteo e Virginia. Na quinta (25), no mesmo hor\u00e1rio, o canal transmite o Feliz Natal na Band, com apresenta\u00e7\u00e3o de Chris Flores e show de <a href=\"https:\/\/natelinha.uol.com.br\/famosos\/tudo-sobre\/diogo-nogueira\" rel=\"nofollow noopener\" target=\"_blank\">Diogo Nogueira<\/a>.<\/p>\n<p>+ <a href=\"https:\/\/natelinha.uol.com.br\/colunas\/joao-paulo-dell-santo\/2025\/12\/15\/chefao-da-globo-e-criticado-por-abandonar-linha-de-shows-235245.php\" rel=\"nofollow noopener\" target=\"_blank\">Chef\u00e3o da Globo \u00e9 criticado por abandonar linha de shows<\/a><\/p>\n<p>+ <a href=\"https:\/\/natelinha.uol.com.br\/colunas\/joao-paulo-dell-santo\/2025\/12\/08\/com-obstaculos-pelo-caminho-globo-corre-para-emplacar-tres-gracas-234969.php\" rel=\"nofollow noopener\" target=\"_blank\">Com obst\u00e1culos pelo caminho, Globo corre para emplacar Tr\u00eas Gra\u00e7as<\/a><\/p>\n<p>J\u00e1 na sexta (26), \u00e0s 23h, vai ao ar o Ney nos A\u00e7ores, que mostra a passagem do cantor <a href=\"https:\/\/natelinha.uol.com.br\/famosos\/tudo-sobre\/ney-matogrosso\" rel=\"nofollow noopener\" target=\"_blank\">Ney Matogrosso<\/a> por Ponta Delgada, em Portugal. Imagens do artista pela Ilha de S\u00e3o Miguel se mesclam a interpreta\u00e7\u00f5es ic\u00f4nicas no Coliseu Micaelense. O evento contar\u00e1 ainda com textos de Valter Hugo M\u00e3e e locu\u00e7\u00e3o de J\u00falio Isidro, famoso apresentador portugu\u00eas.<\/p>\n<p>continua depois da publicidade<\/p>\n<p>Por fim, no domingo (28), \u00e0s 18h30, a Retrospectiva 2025, Um Olhar Para 2026 relembra os fatos que marcaram o ano. O programa ainda entrevista especialistas para tratar de economia, pol\u00edtica internacional, cinema, intelig\u00eancia artificial, entre outros assuntos, e mostra uma mensagem do fil\u00f3sofo Mario Sergio Cortella.<\/p>\n<p>A boa filha<\/p>\n<p>No sexto epis\u00f3dio do MasterChef Celebridades, que vai ao ar nesta ter\u00e7a-feira (23) a partir das 22h20, <a href=\"https:\/\/natelinha.uol.com.br\/famosos\/tudo-sobre\/ana-paula-padrao\" rel=\"nofollow noopener\" target=\"_blank\">Ana Paula Padr\u00e3o<\/a> retorna \u00e0 cozinha do programa para participar do emblem\u00e1tico Leil\u00e3o MasterChef. A apresentadora, como se sabe, se despediu do formato no ano passado.<\/p>\n<p>continua depois da publicidade<\/p>\n<p>Problemas em dobro<\/p>\n<p>A Globo vai entrar em 2026 com dois problemas para administrar. O fracasso retumbante da reprise de Rainha da Sucata, que disp\u00f5e de apenas 12,9 pontos na Grande S\u00e3o Paulo, e a dificuldade de emplacar <a href=\"https:\/\/natelinha.uol.com.br\/novelas\/tres-gracas\" rel=\"nofollow noopener\" target=\"_blank\">Tr\u00eas Gra\u00e7as<\/a> (21,6), cuja m\u00e9dia repete o padr\u00e3o de Mania de Voc\u00ea e Um Lugar ao Sol.<\/p>\n<p>Acordem, meninos!<\/p>\n<p><img decoding=\"async\" loading=\"lazy\" class=\"horizontal\" src=\"https:\/\/www.europesays.com\/pt\/wp-content\/uploads\/2025\/12\/gil-do-vigor-tati-machado_8854.jpeg\" alt=\"Band recorre a Andrea Bocelli, Diogo Nogueira e Ney Matogrosso para encerrar 2025\"\/><\/p>\n<p>Desta segunda (22) at\u00e9 o pr\u00f3ximo dia 2 de janeiro, com as f\u00e9rias de <a href=\"https:\/\/natelinha.uol.com.br\/famosos\/tudo-sobre\/ana-maria-braga\" rel=\"nofollow noopener\" target=\"_blank\">Ana Maria Braga<\/a> e Louro Man\u00e9, o Mais Voc\u00ea ser\u00e1 apresentado pela dupla Tati Machado e Gil do Vigor. A loira volta no dia 5, como esquenta para a cobertura do BBB 26.<\/p>\n<p>continua depois da publicidade<\/p>\n<p>Acerte na X<\/p>\n<p>No ar desde 16 de agosto, a Xsports segue com desempenho impressionante. At\u00e9 a \u00faltima segunda-feira (15), o canal do Grupo Kalunga alcan\u00e7ou mais de 24 milh\u00f5es de espectadores \u00fanicos. O recorde de audi\u00eancia em um \u00fanico dia aconteceu em 18 de outubro, com a final da Libertadores Feminina entre Corinthians e Deportivo Cali\/COL, quando mais de 2,2 milh\u00f5es de pessoas sintonizaram a emissora.<\/p>\n<p>Testes<\/p>\n<p>A abertura de um segundo hor\u00e1rio de novelas turcas na <a href=\"https:\/\/natelinha.uol.com.br\/televisao\/emissoras\/record\" rel=\"nofollow noopener\" target=\"_blank\">Record<\/a>, a partir do dia 5 de janeiro, \u00e0s 22h30, na ocasi\u00e3o da estreia de Chamas do Destino, deve ser vista como algo provis\u00f3rio. A emissora, por\u00e9m, estuda apostar nesse tipo de dramaturgia na faixa vespertina.<\/p>\n<p>continua depois da publicidade<\/p>\n<p>Do ba\u00fa<\/p>\n<p>O moribundo Aqui Agora pode at\u00e9 romper o ano, mas j\u00e1 se tem como certo que o policialesco ser\u00e1 descontinuado em breve. S\u00e3o fortes os rumores sobre a volta do SBT S\u00e3o Paulo, cuja \u00faltima edi\u00e7\u00e3o foi ao ar em maio de 2012.<\/p>\n<p>Gospel natalino<\/p>\n<p>O <a href=\"https:\/\/natelinha.uol.com.br\/televisao\/emissoras\/sbt\" rel=\"nofollow noopener\" target=\"_blank\">SBT<\/a> exibe na quarta-feira (24), \u00e0s 23h, o espet\u00e1culo Seja Luz. No programa comandado por Igor Faria, cantores premiados apresentam um repert\u00f3rio com can\u00e7\u00f5es como Lugar Secreto, Hino da Vit\u00f3ria, Porque Ele Vive, Marca da Promessa, Deserto, entre outras. Performances circenses de alto n\u00edvel completam a noite.<\/p>\n<p>continua depois da publicidade<\/p>\n<p>\u00c0 espera<\/p>\n<p>As dispensas de Carol Minhoto e Pamela Domingues s\u00e3o apenas o in\u00edcio de uma profunda renova\u00e7\u00e3o no casting da TV Gazeta. Do Mulheres ao Jornal da Gazeta, todos os produtos contar\u00e3o com novidades em seu comando, com exce\u00e7\u00e3o do Gazeta Esportiva.<\/p>\n<p>Paix\u00e3o cruel, desenfreada&#8230;<\/p>\n<p>Na expectativa de um novo formato para o Conversa com Bial, que passar\u00e1 a ser semanal em 2026 na Globo, <a href=\"https:\/\/natelinha.uol.com.br\/famosos\/tudo-sobre\/pedro-bial\" rel=\"nofollow noopener\" target=\"_blank\">Pedro Bial<\/a> ser\u00e1 o entrevistado desta ter\u00e7a-feira (23) no Provoca, da TV Cultura, \u00e0s 22h. O apresentador vai falar de sua amizade com Cazuza (1958-1990) desde a inf\u00e2ncia e a entrevista que eles fizeram para a escola com Vinicius de Moraes (1913-1980).<\/p>\n<p>continua depois da publicidade<\/p>\n","protected":false},"excerpt":{"rendered":"Prestes a entrar em uma nova fase, com a chegada do argentino Guillermo Pendino para tocar o Art\u00edstico&hellip;\n","protected":false},"author":2,"featured_media":198764,"comment_status":"","ping_status":"","sticky":false,"template":"","format":"standard","meta":{"footnotes":""},"categories":[142],"tags":[1391,114,115,753,1204,9987,32,33,2568,936,2970,4376,151,16330],"class_list":{"0":"post-198763","1":"post","2":"type-post","3":"status-publish","4":"format-standard","5":"has-post-thumbnail","7":"category-tv","8":"tag-band","9":"tag-entertainment","10":"tag-entretenimento","11":"tag-globo","12":"tag-ney-matogrosso","13":"tag-pedro-bial","14":"tag-portugal","15":"tag-pt","16":"tag-record","17":"tag-sbt","18":"tag-tati-machado","19":"tag-tres-gracas","20":"tag-tv","21":"tag-tv-gazeta"},"share_on_mastodon":{"url":"https:\/\/pubeurope.com\/@pt\/115764639333957812","error":""},"_links":{"self":[{"href":"https:\/\/www.europesays.com\/pt\/wp-json\/wp\/v2\/posts\/198763","targetHints":{"allow":["GET"]}}],"collection":[{"href":"https:\/\/www.europesays.com\/pt\/wp-json\/wp\/v2\/posts"}],"about":[{"href":"https:\/\/www.europesays.com\/pt\/wp-json\/wp\/v2\/types\/post"}],"author":[{"embeddable":true,"href":"https:\/\/www.europesays.com\/pt\/wp-json\/wp\/v2\/users\/2"}],"replies":[{"embeddable":true,"href":"https:\/\/www.europesays.com\/pt\/wp-json\/wp\/v2\/comments?post=198763"}],"version-history":[{"count":0,"href":"https:\/\/www.europesays.com\/pt\/wp-json\/wp\/v2\/posts\/198763\/revisions"}],"wp:featuredmedia":[{"embeddable":true,"href":"https:\/\/www.europesays.com\/pt\/wp-json\/wp\/v2\/media\/198764"}],"wp:attachment":[{"href":"https:\/\/www.europesays.com\/pt\/wp-json\/wp\/v2\/media?parent=198763"}],"wp:term":[{"taxonomy":"category","embeddable":true,"href":"https:\/\/www.europesays.com\/pt\/wp-json\/wp\/v2\/categories?post=198763"},{"taxonomy":"post_tag","embeddable":true,"href":"https:\/\/www.europesays.com\/pt\/wp-json\/wp\/v2\/tags?post=198763"}],"curies":[{"name":"wp","href":"https:\/\/api.w.org\/{rel}","templated":true}]}}