{"id":198791,"date":"2025-12-22T18:47:15","date_gmt":"2025-12-22T18:47:15","guid":{"rendered":"https:\/\/www.europesays.com\/pt\/198791\/"},"modified":"2025-12-22T18:47:15","modified_gmt":"2025-12-22T18:47:15","slug":"paolla-oliveira-anuncia-separacao-de-diogo-nogueira","status":"publish","type":"post","link":"https:\/\/www.europesays.com\/pt\/198791\/","title":{"rendered":"Paolla Oliveira anuncia separa\u00e7\u00e3o de Diogo Nogueira"},"content":{"rendered":"<p data-remotead-prev-elm=\"true\" data-remotead-elm-id=\"inread\">Ap\u00f3s quase cinco anos de relacionamento, Paolla Oliveira recorreu \u00e0s redes sociais para anunciar a separa\u00e7\u00e3o de Diogo Nogueira. A atriz brasileira, de 43 anos., partilhou uma fotografia com o m\u00fasico, de 44, e escreveu: &#8220;Foram quase cinco anos de uma hist\u00f3ria que agora chega a um final feliz, n\u00e3o como nos contos, mas como foi tudo na nossa vida: real, intenso e cheio de amor.&#8221;<\/p>\n<p>Paolla., que interpretou Of\u00e9lia na segunda temporada da s\u00e9rie portuguesa &#8220;Rabo de Peixe&#8221;, destacou que &#8220;n\u00e3o houve um \u00fanico motivo, nem um rompimento brusco, o que existiu foi conversa, respeito e maturidade&#8221;.<\/p>\n<p>&#8220;Com gratid\u00e3o pela hist\u00f3ria que constru\u00edmos e em paz com a decis\u00e3o que tomamos, seguiremos caminhos separados, guardando profundo carinho um pelo outro. Neste momento, pedimos sensibilidade e privacidade&#8221;, concluiu.<\/p>\n<p>Recorde-se que, este ano, Paolla Oliveira deixou o posto de rainha da bateria da escola de samba Grande Rio, onde brilhou durante sete anos, para viver o papel de Heleninha Roitman do remake da telenovela &#8220;Vale tudo&#8221;. Antes de Diogo Nogueira, a atriz namorou, entre 2020 e 2021, com Douglas Maluf, especialista em programa\u00e7\u00e3o neurolingu\u00edstica.<\/p>\n","protected":false},"excerpt":{"rendered":"Ap\u00f3s quase cinco anos de relacionamento, Paolla Oliveira recorreu \u00e0s redes sociais para anunciar a separa\u00e7\u00e3o de Diogo&hellip;\n","protected":false},"author":2,"featured_media":198792,"comment_status":"","ping_status":"","sticky":false,"template":"","format":"standard","meta":{"footnotes":""},"categories":[85],"tags":[726,114,115,32,33,1509],"class_list":{"0":"post-198791","1":"post","2":"type-post","3":"status-publish","4":"format-standard","5":"has-post-thumbnail","7":"category-entretenimento","8":"tag-brasil","9":"tag-entertainment","10":"tag-entretenimento","11":"tag-portugal","12":"tag-pt","13":"tag-separacao"},"share_on_mastodon":{"url":"https:\/\/pubeurope.com\/@pt\/115764713623887154","error":""},"_links":{"self":[{"href":"https:\/\/www.europesays.com\/pt\/wp-json\/wp\/v2\/posts\/198791","targetHints":{"allow":["GET"]}}],"collection":[{"href":"https:\/\/www.europesays.com\/pt\/wp-json\/wp\/v2\/posts"}],"about":[{"href":"https:\/\/www.europesays.com\/pt\/wp-json\/wp\/v2\/types\/post"}],"author":[{"embeddable":true,"href":"https:\/\/www.europesays.com\/pt\/wp-json\/wp\/v2\/users\/2"}],"replies":[{"embeddable":true,"href":"https:\/\/www.europesays.com\/pt\/wp-json\/wp\/v2\/comments?post=198791"}],"version-history":[{"count":0,"href":"https:\/\/www.europesays.com\/pt\/wp-json\/wp\/v2\/posts\/198791\/revisions"}],"wp:featuredmedia":[{"embeddable":true,"href":"https:\/\/www.europesays.com\/pt\/wp-json\/wp\/v2\/media\/198792"}],"wp:attachment":[{"href":"https:\/\/www.europesays.com\/pt\/wp-json\/wp\/v2\/media?parent=198791"}],"wp:term":[{"taxonomy":"category","embeddable":true,"href":"https:\/\/www.europesays.com\/pt\/wp-json\/wp\/v2\/categories?post=198791"},{"taxonomy":"post_tag","embeddable":true,"href":"https:\/\/www.europesays.com\/pt\/wp-json\/wp\/v2\/tags?post=198791"}],"curies":[{"name":"wp","href":"https:\/\/api.w.org\/{rel}","templated":true}]}}