{"id":198801,"date":"2025-12-22T18:56:20","date_gmt":"2025-12-22T18:56:20","guid":{"rendered":"https:\/\/www.europesays.com\/pt\/198801\/"},"modified":"2025-12-22T18:56:20","modified_gmt":"2025-12-22T18:56:20","slug":"pedro-e-liliana-perseguem-leandro-que-esta-amuado-secret-story","status":"publish","type":"post","link":"https:\/\/www.europesays.com\/pt\/198801\/","title":{"rendered":"Pedro e Liliana &#8216;perseguem&#8217; Leandro, que est\u00e1 amuado &#8211; Secret Story"},"content":{"rendered":"<p>No Secret Story 9, os concorrentes preparam uma dan\u00e7a especial de Natal, mas Leandro recusa-se a participar e isola-se no sof\u00e1. O concorrente \u00e9 chamado ao confession\u00e1rio e os colegas criticam-no. Mais tarde, a Voz oferece microfones aos concorrentes, mas Leandro continua amuado no sof\u00e1.<\/p>\n<p>Isto acontece ap\u00f3s uma noite de gala do Secret Story marcada por emo\u00e7\u00f5es fortes.<a href=\"https:\/\/tvi.iol.pt\/secretstory\/liliana\/fabio\/como-nunca-a-viu-liliana-entra-em-desespero-e-chora-desalmadamente-apos-expulsao-de-fabio\" rel=\"nofollow noopener\" target=\"_blank\"> F\u00e1bio foi o concorrente expulso da noite<\/a> a menos de duas semanas da grande final. J\u00e1 <a href=\"https:\/\/tvi.iol.pt\/secretstory\/videos\/passaporte-conquistado-este-e-o-primeiro-finalista-do-secret-story-9\/694891b60cf255913376397a\" rel=\"nofollow noopener\" target=\"_blank\">Liliana \u00e9 a primeira finalista desta edi\u00e7\u00e3o<\/a>, depois de ter conquistado o t\u00e3o desejado passaporte, numa prova exigente.<\/p>\n","protected":false},"excerpt":{"rendered":"No Secret Story 9, os concorrentes preparam uma dan\u00e7a especial de Natal, mas Leandro recusa-se a participar e&hellip;\n","protected":false},"author":2,"featured_media":198802,"comment_status":"","ping_status":"","sticky":false,"template":"","format":"standard","meta":{"footnotes":""},"categories":[142],"tags":[114,115,19033,19034,32,33,151,19032],"class_list":{"0":"post-198801","1":"post","2":"type-post","3":"status-publish","4":"format-standard","5":"has-post-thumbnail","7":"category-tv","8":"tag-entertainment","9":"tag-entretenimento","10":"tag-galas-em-video","11":"tag-melhores-momentos-casa-dos-segredos","12":"tag-portugal","13":"tag-pt","14":"tag-tv","15":"tag-videos-secret-story-tvi"},"share_on_mastodon":{"url":"https:\/\/pubeurope.com\/@pt\/115764749021301292","error":""},"_links":{"self":[{"href":"https:\/\/www.europesays.com\/pt\/wp-json\/wp\/v2\/posts\/198801","targetHints":{"allow":["GET"]}}],"collection":[{"href":"https:\/\/www.europesays.com\/pt\/wp-json\/wp\/v2\/posts"}],"about":[{"href":"https:\/\/www.europesays.com\/pt\/wp-json\/wp\/v2\/types\/post"}],"author":[{"embeddable":true,"href":"https:\/\/www.europesays.com\/pt\/wp-json\/wp\/v2\/users\/2"}],"replies":[{"embeddable":true,"href":"https:\/\/www.europesays.com\/pt\/wp-json\/wp\/v2\/comments?post=198801"}],"version-history":[{"count":0,"href":"https:\/\/www.europesays.com\/pt\/wp-json\/wp\/v2\/posts\/198801\/revisions"}],"wp:featuredmedia":[{"embeddable":true,"href":"https:\/\/www.europesays.com\/pt\/wp-json\/wp\/v2\/media\/198802"}],"wp:attachment":[{"href":"https:\/\/www.europesays.com\/pt\/wp-json\/wp\/v2\/media?parent=198801"}],"wp:term":[{"taxonomy":"category","embeddable":true,"href":"https:\/\/www.europesays.com\/pt\/wp-json\/wp\/v2\/categories?post=198801"},{"taxonomy":"post_tag","embeddable":true,"href":"https:\/\/www.europesays.com\/pt\/wp-json\/wp\/v2\/tags?post=198801"}],"curies":[{"name":"wp","href":"https:\/\/api.w.org\/{rel}","templated":true}]}}