{"id":198814,"date":"2025-12-22T19:10:32","date_gmt":"2025-12-22T19:10:32","guid":{"rendered":"https:\/\/www.europesays.com\/pt\/198814\/"},"modified":"2025-12-22T19:10:32","modified_gmt":"2025-12-22T19:10:32","slug":"cabedelo-de-viana-como-ja-nao-se-via-ha-muito-tempo","status":"publish","type":"post","link":"https:\/\/www.europesays.com\/pt\/198814\/","title":{"rendered":"Cabedelo de Viana como j\u00e1 n\u00e3o se via h\u00e1 muito tempo"},"content":{"rendered":"<p data-start=\"200\" data-end=\"314\">Cabedelo de Viana voltou a oferecer perfei\u00e7\u00e3o invernal \u2014 surf, tubos, linhas cl\u00e1ssicas e muita for\u00e7a do Atl\u00e2ntico..<\/p>\n<p data-start=\"316\" data-end=\"645\">As \u00faltimas semanas t\u00eam sido generosas para a costa oeste portuguesa, com fortes ondula\u00e7\u00f5es a varrerem sucessivamente o litoral. E, como j\u00e1 vem sendo tradi\u00e7\u00e3o, uma das praias que melhor responde ao inverno voltou a mostrar porque \u00e9 considerada um dos picos mais consistentes e fotog\u00e9nicos do pa\u00eds: <a href=\"https:\/\/surftotal.com\/camaras-report\/minho\/viana-do-castelo-hd\" target=\"_blank\" rel=\"noopener noreferrer nofollow\">o Cabedelo, em Viana do Castelo.<\/a><\/p>\n<p data-start=\"647\" data-end=\"937\"><img loading=\"lazy\" decoding=\"async\" class=\"jch-lazyload\" src=\"https:\/\/www.europesays.com\/pt\/wp-content\/uploads\/2025\/12\/IMG_7130.webp.webp\" width=\"1200\" height=\"800\"\/><\/p>\n<p data-start=\"647\" data-end=\"937\">Gra\u00e7as ao seu extenso pont\u00e3o, que trabalha como um verdadeiro \u201cmolde\u201d para a ondula\u00e7\u00e3o de inverno, e ao fundo cl\u00e1ssico que a caracteriza, esta praia tem a capacidade rara de transformar swells potentes em paredes limpas e direitas longas, muitas vezes com sec\u00e7\u00f5es tubulares quase perfeitas.<\/p>\n<p data-start=\"647\" data-end=\"937\"><img loading=\"lazy\" decoding=\"async\" class=\"jch-lazyload\" src=\"https:\/\/www.europesays.com\/pt\/wp-content\/uploads\/2025\/12\/IMG_7618.webp.webp\" width=\"1200\" height=\"800\"\/><\/p>\n<p data-start=\"939\" data-end=\"1224\">Foi exatamente isso que aconteceu nos \u00faltimos dias. Entre s\u00e9ries consistentes, o Cabedelo debitou ondas que, em algumas sess\u00f5es, passaram facilmente os dois metros, com tubos bem definidos \u2014 daqueles que fazem qualquer surfista sonhar e qualquer fot\u00f3grafo disparar sem parar.<\/p>\n<p data-start=\"939\" data-end=\"1224\"><img loading=\"lazy\" decoding=\"async\" class=\"jch-lazyload\" src=\"https:\/\/www.europesays.com\/pt\/wp-content\/uploads\/2025\/12\/IMG_7640.webp.webp\" width=\"1200\" height=\"800\"\/><\/p>\n<p data-start=\"1226\" data-end=\"1583\">Diogo Patr\u00e3o, fot\u00f3grafo e vide\u00f3grafo com olho atento para a a\u00e7\u00e3o no Norte do pa\u00eds, esteve no local e captou uma sequ\u00eancia impressionante de imagens e clips que agora partilha com a Surftotal. O resultado \u00e9 um registo fiel daquilo que o inverno portugu\u00eas tem de melhor: pot\u00eancia, forma, cor e aquele misto de caos e harmonia que s\u00f3 o Atl\u00e2ntico sabe oferecer.<\/p>\n<p data-start=\"1226\" data-end=\"1583\"><img loading=\"lazy\" decoding=\"async\" class=\"jch-lazyload\" src=\"https:\/\/www.europesays.com\/pt\/wp-content\/uploads\/2025\/12\/IMG_7714.webp.webp\" width=\"1200\" height=\"800\"\/><\/p>\n<p data-start=\"1585\" data-end=\"1815\">O Cabedelo volta assim a refor\u00e7ar o seu estatuto de arena privilegiada para o surf de inverno em Portugal.<\/p>\n<p data-start=\"1585\" data-end=\"1815\"><img loading=\"lazy\" decoding=\"async\" class=\"jch-lazyload\" src=\"https:\/\/www.europesays.com\/pt\/wp-content\/uploads\/2025\/12\/IMG_7542.webp.webp\" width=\"1200\" height=\"800\"\/><\/p>\n<p data-start=\"1817\" data-end=\"1966\">A Surftotal agradece ao Diogo Patr\u00e3o as imagens e v\u00eddeos que nos permitem levar at\u00e9 aos leitores mais um cap\u00edtulo \u00e9pico passado no norte de Portugal.<\/p>\n","protected":false},"excerpt":{"rendered":"Cabedelo de Viana voltou a oferecer perfei\u00e7\u00e3o invernal \u2014 surf, tubos, linhas cl\u00e1ssicas e muita for\u00e7a do Atl\u00e2ntico..&hellip;\n","protected":false},"author":2,"featured_media":198815,"comment_status":"","ping_status":"","sticky":false,"template":"","format":"standard","meta":{"footnotes":""},"categories":[10],"tags":[27,28,39622,11843,15,16,14,25,26,21,22,12,13,19,20,32,23,24,33,17,18,29,30,31,3105],"class_list":{"0":"post-198814","1":"post","2":"type-post","3":"status-publish","4":"format-standard","5":"has-post-thumbnail","7":"category-portugal","8":"tag-breaking-news","9":"tag-breakingnews","10":"tag-cabedelo","11":"tag-destaquehome","12":"tag-featured-news","13":"tag-featurednews","14":"tag-headlines","15":"tag-latest-news","16":"tag-latestnews","17":"tag-main-news","18":"tag-mainnews","19":"tag-news","20":"tag-noticias","21":"tag-noticias-principais","22":"tag-noticiasprincipais","23":"tag-portugal","24":"tag-principais-noticias","25":"tag-principaisnoticias","26":"tag-pt","27":"tag-top-stories","28":"tag-topstories","29":"tag-ultimas","30":"tag-ultimas-noticias","31":"tag-ultimasnoticias","32":"tag-viana-do-castelo"},"share_on_mastodon":{"url":"https:\/\/pubeurope.com\/@pt\/115764804621205720","error":""},"_links":{"self":[{"href":"https:\/\/www.europesays.com\/pt\/wp-json\/wp\/v2\/posts\/198814","targetHints":{"allow":["GET"]}}],"collection":[{"href":"https:\/\/www.europesays.com\/pt\/wp-json\/wp\/v2\/posts"}],"about":[{"href":"https:\/\/www.europesays.com\/pt\/wp-json\/wp\/v2\/types\/post"}],"author":[{"embeddable":true,"href":"https:\/\/www.europesays.com\/pt\/wp-json\/wp\/v2\/users\/2"}],"replies":[{"embeddable":true,"href":"https:\/\/www.europesays.com\/pt\/wp-json\/wp\/v2\/comments?post=198814"}],"version-history":[{"count":0,"href":"https:\/\/www.europesays.com\/pt\/wp-json\/wp\/v2\/posts\/198814\/revisions"}],"wp:featuredmedia":[{"embeddable":true,"href":"https:\/\/www.europesays.com\/pt\/wp-json\/wp\/v2\/media\/198815"}],"wp:attachment":[{"href":"https:\/\/www.europesays.com\/pt\/wp-json\/wp\/v2\/media?parent=198814"}],"wp:term":[{"taxonomy":"category","embeddable":true,"href":"https:\/\/www.europesays.com\/pt\/wp-json\/wp\/v2\/categories?post=198814"},{"taxonomy":"post_tag","embeddable":true,"href":"https:\/\/www.europesays.com\/pt\/wp-json\/wp\/v2\/tags?post=198814"}],"curies":[{"name":"wp","href":"https:\/\/api.w.org\/{rel}","templated":true}]}}