{"id":198818,"date":"2025-12-22T19:12:14","date_gmt":"2025-12-22T19:12:14","guid":{"rendered":"https:\/\/www.europesays.com\/pt\/198818\/"},"modified":"2025-12-22T19:12:14","modified_gmt":"2025-12-22T19:12:14","slug":"morreu-chris-rea-autor-de-driving-home-for-christmas-aos-74-anos","status":"publish","type":"post","link":"https:\/\/www.europesays.com\/pt\/198818\/","title":{"rendered":"Morreu Chris Rea, autor de \u00abDriving Home for Christmas\u00bb, aos 74 anos"},"content":{"rendered":"<p data-end=\"542\" data-start=\"253\">Chris Rea, cantor e compositor brit\u00e2nico conhecido por \u00eaxitos como Driving Home for Christmas, morreu aos 74 anos, informou esta segunda-feira a fam\u00edlia. O m\u00fasico faleceu no hospital, de forma tranquila, ap\u00f3s uma curta doen\u00e7a, rodeado pelos familiares mais pr\u00f3ximos.<\/p>\n<p data-end=\"731\" data-start=\"544\">\u00ab\u00c9 com imensa tristeza que anunciamos a morte do nosso querido Chris. Partiu em paz no hospital, ap\u00f3s uma curta doen\u00e7a\u00bb, refere o comunicado divulgado em nome da esposa e dos dois filhos.<\/p>\n<p data-end=\"1021\" data-start=\"733\">Nascido em 1951, em Middlesbrough, Rea construiu uma carreira marcada pela fus\u00e3o de blues, pop, soul e soft rock, ao longo de 25 \u00e1lbuns de est\u00fadio. Sofreu v\u00e1rios problemas de sa\u00fade ao longo dos anos, incluindo um cancro no p\u00e2ncreas, que levou \u00e0 remo\u00e7\u00e3o do \u00f3rg\u00e3o em 2001, e um AVC em 2016.<\/p>\n<p data-end=\"1399\" data-start=\"1023\">A fama chegou no final da d\u00e9cada de 1970, com Fool (If You Think It\u2019s Over), tema que lhe valeu uma nomea\u00e7\u00e3o para os Grammy e abriu portas ao mercado norte-americano. Nos anos seguintes, consolidou-se como um dos nomes mais populares da m\u00fasica brit\u00e2nica, sobretudo na d\u00e9cada de 1980, com \u00e1lbuns de grande sucesso como The Road to Hell e Dancing With Strangers.<\/p>\n<p data-end=\"1589\" data-start=\"1401\">Driving Home for Christmas, lan\u00e7ado em 1986, tornou-se um cl\u00e1ssico intemporal da \u00e9poca natal\u00edcia. Ao longo da carreira, Chris Rea vendeu mais de 30 milh\u00f5es de discos em todo o mundo.<\/p>\n<p data-end=\"1589\" data-start=\"1401\"><strong>Ou\u00e7a aqui a m\u00fasica Drive Home for Christmas:<\/strong><\/p>\n","protected":false},"excerpt":{"rendered":"Chris Rea, cantor e compositor brit\u00e2nico conhecido por \u00eaxitos como Driving Home for Christmas, morreu aos 74 anos,&hellip;\n","protected":false},"author":2,"featured_media":198819,"comment_status":"","ping_status":"","sticky":false,"template":"","format":"standard","meta":{"footnotes":""},"categories":[145],"tags":[211,210,39623,114,115,46,18198,150,2409,32,33,47],"class_list":{"0":"post-198818","1":"post","2":"type-post","3":"status-publish","4":"format-standard","5":"has-post-thumbnail","7":"category-celebridades","8":"tag-celebridades","9":"tag-celebrities","10":"tag-chris-rea","11":"tag-entertainment","12":"tag-entretenimento","13":"tag-maisfutebol","14":"tag-mf-mundo","15":"tag-musica","16":"tag-obito","17":"tag-portugal","18":"tag-pt","19":"tag-pura-paixao"},"share_on_mastodon":{"url":"https:\/\/pubeurope.com\/@pt\/115764811772343316","error":""},"_links":{"self":[{"href":"https:\/\/www.europesays.com\/pt\/wp-json\/wp\/v2\/posts\/198818","targetHints":{"allow":["GET"]}}],"collection":[{"href":"https:\/\/www.europesays.com\/pt\/wp-json\/wp\/v2\/posts"}],"about":[{"href":"https:\/\/www.europesays.com\/pt\/wp-json\/wp\/v2\/types\/post"}],"author":[{"embeddable":true,"href":"https:\/\/www.europesays.com\/pt\/wp-json\/wp\/v2\/users\/2"}],"replies":[{"embeddable":true,"href":"https:\/\/www.europesays.com\/pt\/wp-json\/wp\/v2\/comments?post=198818"}],"version-history":[{"count":0,"href":"https:\/\/www.europesays.com\/pt\/wp-json\/wp\/v2\/posts\/198818\/revisions"}],"wp:featuredmedia":[{"embeddable":true,"href":"https:\/\/www.europesays.com\/pt\/wp-json\/wp\/v2\/media\/198819"}],"wp:attachment":[{"href":"https:\/\/www.europesays.com\/pt\/wp-json\/wp\/v2\/media?parent=198818"}],"wp:term":[{"taxonomy":"category","embeddable":true,"href":"https:\/\/www.europesays.com\/pt\/wp-json\/wp\/v2\/categories?post=198818"},{"taxonomy":"post_tag","embeddable":true,"href":"https:\/\/www.europesays.com\/pt\/wp-json\/wp\/v2\/tags?post=198818"}],"curies":[{"name":"wp","href":"https:\/\/api.w.org\/{rel}","templated":true}]}}