{"id":198828,"date":"2025-12-22T19:20:20","date_gmt":"2025-12-22T19:20:20","guid":{"rendered":"https:\/\/www.europesays.com\/pt\/198828\/"},"modified":"2025-12-22T19:20:20","modified_gmt":"2025-12-22T19:20:20","slug":"morreu-a-princesa-tatiana-radziwill-prima-da-rainha-sofia-observador","status":"publish","type":"post","link":"https:\/\/www.europesays.com\/pt\/198828\/","title":{"rendered":"Morreu a Princesa Tatiana Radziwill, prima da rainha Sofia \u2013 Observador"},"content":{"rendered":"<p>A Princesa Tatiana Radziwill, prima, amiga e confidente da rainha Sofia, morreu na passada sexta-feira, dia 19 de dezembro, aos 86 anos, avan\u00e7ou a revista espanhola <a href=\"https:\/\/www.hola.com\/realeza\/casa_espanola\/20251220874064\/muere-tatiana-radziwill-amiga-intima-reina-sofia\/\" rel=\"nofollow noopener\" target=\"_blank\">Hola<\/a>. Muito pr\u00f3ximas, a rainha em\u00e9rita considerava-a a sua \u201cterceira irm\u00e3\u201d. A causa da morte n\u00e3o foi avan\u00e7ada.<\/p>\n<p>Filha do pr\u00edncipe polaco-lituano Dominico Raniero e da princesa Eugenia, Tatiana Radziwill era, tal como a rainha Sofia, bisneta do rei Jorge I da Gr\u00e9cia, o que as tornava<strong> primas em segundo grau<\/strong>. Com apenas um ano de diferen\u00e7a, as duas tiveram sempre uma rela\u00e7\u00e3o muito pr\u00f3xima, uma vez que, gra\u00e7as \u00e0 Segunda Guerra Mundial, tiveram que fugir de pa\u00eds em pa\u00eds at\u00e9 terem encontrado ref\u00fagio na \u00c1frica do Sul, onde estreitaram a amizade.<\/p>\n<p>\u201cA Tatiana e eu t\u00ednhamos cada uma a nossa boneca, mas s\u00f3 um carrinho para lev\u00e1-las a passear. Disput\u00e1vamos, cada uma puxando para o seu lado, para ver quem ficava com ele. E, claro, por causa das nossas lutas, as nossas m\u00e3es tamb\u00e9m acabavam a discutir, como acontece em todas as nossas fam\u00edlias\u201d, recordou a rainha Sofia no livro \u201cLa Reina Muy de Cerca\u201d, de Pilar Urbano, sustentada pela pr\u00f3pria Tatiana que, numa entrevista em 2018 para o livro \u201cTras los pasos del rey\u201d, lembrou os seus dias na \u00c1frica do Sul com a rainha em\u00e9rita: \u201cEu compartilhei a sua vida na \u00c1frica do Sul, quando \u00e9ramos beb\u00e9s e, segundo nos contaram as nossas amas, eu costumava mord\u00ea-la. Mas depois aprendemos a n\u00e3o discutir e realmente gost\u00e1vamos da companhia e das brincadeiras uma da outra\u201d.<\/p>\n<p>                    <img src=\"https:\/\/www.europesays.com\/pt\/wp-content\/uploads\/2025\/12\/gettyimages-537571135-scaled.jpg\" alt=\"GettyImages-537571135\" loading=\"lazy\" decoding=\"async\" width=\"4096\" height=\"2306\" class=\"news-photo\" onload=\"this.parentElement.classList.remove('spinner')\" onerror=\"this.parentElement.classList.remove('spinner')\"\/>                <\/p>\n<p class=\"legenda\">\n            \u25b2 Tatiana Radziwill no casamento do rei Constantino II e da princesa Ana Maria<\/p>\n<p class=\"creditos\">Gamma-Keystone via Getty Images<\/p>\n<p>\u201c<strong>A rainha \u00e9 como uma irm\u00e3, uma verdadeira amiga<\/strong> com quem tenho mem\u00f3rias t\u00e3o maravilhosas que, na idade que ambas atingimos, poucas s\u00e3o as pessoas com quem podemos falar sobre o nosso passado. Um tempo feliz que nos tornou t\u00e3o fortes para a vida e t\u00e3o afetuosas com os outros, gra\u00e7as aos valores aut\u00eanticos que nos foram transmitidos\u201d, acrescentou. C\u00famplices uma da outra, <strong>Tatiana foi dama de honor de Sofia no casamento com Juan Carlos, em 1962<\/strong>, tendo estado sempre presente nos bons e maus momentos da vida dos reis de Espanha, apesar da dist\u00e2ncia: Radziwill vivia em Paris com o marido, o cardiologista\u00a0e aristocrata Jean Henri Fruchaud, com quem teve dois filhos, mas todos os anos passava os ver\u00f5es com a m\u00e3e de Filipe VI no Pal\u00e1cio de Marivent, em Palma de Maiorca.<\/p>\n","protected":false},"excerpt":{"rendered":"A Princesa Tatiana Radziwill, prima, amiga e confidente da rainha Sofia, morreu na passada sexta-feira, dia 19 de&hellip;\n","protected":false},"author":2,"featured_media":198829,"comment_status":"","ping_status":"","sticky":false,"template":"","format":"standard","meta":{"footnotes":""},"categories":[85],"tags":[6516,211,114,115,186,32,33],"class_list":{"0":"post-198828","1":"post","2":"type-post","3":"status-publish","4":"format-standard","5":"has-post-thumbnail","7":"category-entretenimento","8":"tag-casas-reais","9":"tag-celebridades","10":"tag-entertainment","11":"tag-entretenimento","12":"tag-lifestyle","13":"tag-portugal","14":"tag-pt"},"share_on_mastodon":{"url":"https:\/\/pubeurope.com\/@pt\/115764843681144505","error":""},"_links":{"self":[{"href":"https:\/\/www.europesays.com\/pt\/wp-json\/wp\/v2\/posts\/198828","targetHints":{"allow":["GET"]}}],"collection":[{"href":"https:\/\/www.europesays.com\/pt\/wp-json\/wp\/v2\/posts"}],"about":[{"href":"https:\/\/www.europesays.com\/pt\/wp-json\/wp\/v2\/types\/post"}],"author":[{"embeddable":true,"href":"https:\/\/www.europesays.com\/pt\/wp-json\/wp\/v2\/users\/2"}],"replies":[{"embeddable":true,"href":"https:\/\/www.europesays.com\/pt\/wp-json\/wp\/v2\/comments?post=198828"}],"version-history":[{"count":0,"href":"https:\/\/www.europesays.com\/pt\/wp-json\/wp\/v2\/posts\/198828\/revisions"}],"wp:featuredmedia":[{"embeddable":true,"href":"https:\/\/www.europesays.com\/pt\/wp-json\/wp\/v2\/media\/198829"}],"wp:attachment":[{"href":"https:\/\/www.europesays.com\/pt\/wp-json\/wp\/v2\/media?parent=198828"}],"wp:term":[{"taxonomy":"category","embeddable":true,"href":"https:\/\/www.europesays.com\/pt\/wp-json\/wp\/v2\/categories?post=198828"},{"taxonomy":"post_tag","embeddable":true,"href":"https:\/\/www.europesays.com\/pt\/wp-json\/wp\/v2\/tags?post=198828"}],"curies":[{"name":"wp","href":"https:\/\/api.w.org\/{rel}","templated":true}]}}