{"id":198832,"date":"2025-12-22T19:23:17","date_gmt":"2025-12-22T19:23:17","guid":{"rendered":"https:\/\/www.europesays.com\/pt\/198832\/"},"modified":"2025-12-22T19:23:17","modified_gmt":"2025-12-22T19:23:17","slug":"russia-da-pleno-apoio-a-venezuela-contra-pressao-naval-dos-eua-nas-caraibas","status":"publish","type":"post","link":"https:\/\/www.europesays.com\/pt\/198832\/","title":{"rendered":"R\u00fassia d\u00e1 &#8220;pleno apoio&#8221; \u00e0 Venezuela contra press\u00e3o naval dos EUA nas Cara\u00edbas"},"content":{"rendered":"<p>                O respons\u00e1vel pela diplomacia russa, Sergei Lavrov, expressou depois, em comunicado, que &#8220;o lado russo confirmou o seu pleno apoio e toda a solidariedade \u00e0 lideran\u00e7a e ao povo da Venezuela&#8221;.<\/p>\n<p><b>Juntamente com Yvan Gil, Lavrov &#8220;manifestou s\u00e9ria preocupa\u00e7\u00e3o com a escalada das a\u00e7\u00f5es de Washington no Mar das Cara\u00edbas&#8221;.<\/b><\/p>\n<p>Em comunicado, Yvan Gil referiu que, no telefonema com o hom\u00f3logo russo, foram analisadas &#8220;as agress\u00f5es e as flagrantes viola\u00e7\u00f5es do direito internacional perpetradas nas Cara\u00edbas: ataques a embarca\u00e7\u00f5es, execu\u00e7\u00f5es extrajudiciais e atos ilegais de pirataria cometidos pelo governo dos Estados Unidos&#8221;.<\/p>\n<p>O venezuelano referiu que Lavrov &#8220;destacou que este tipo de agress\u00e3o n\u00e3o pode ser tolerado&#8221; e &#8220;afirmou que <b>a R\u00fassia prestar\u00e1 total coopera\u00e7\u00e3o e apoio \u00e0 Venezuela contra o bloqueio<\/b>, manifestando o seu total apoio \u00e0s a\u00e7\u00f5es empreendidas no \u00e2mbito do Conselho de Seguran\u00e7a da ONU&#8221;.<\/p>\n<p>&#13;<br \/>\nMoscovo, por sua vez, emitiu um comunicado indicando que &#8220;os ministros manifestaram a sua profunda preocupa\u00e7\u00e3o com a escalada das a\u00e7\u00f5es de Washington no Mar das Cara\u00edbas, que podem ter consequ\u00eancias graves para a regi\u00e3o e amea\u00e7ar a navega\u00e7\u00e3o internacional&#8221;.&#13;\n<\/p>\n<p>&#13;<br \/>\nNa semana passada, Pequim anunciou tamb\u00e9m o seu apoio a Caracas contra a estrat\u00e9gia norte-americana.&#13;\n<\/p>\n<p>Persegui\u00e7\u00e3o a navios<br \/>\n<b>Washington imp\u00f4s, no passado dia 17 de dezembro, um bloqueio mar\u00edtimo \u00e0 Venezuela, contra navios sancionados pelos norte-americanos por comerciarem com Caracas.<\/b><\/p>\n<p>Apreenderam j\u00e1 dois destes navios, ligados \u00e0 empresa estatal PDVS, suspeitos de transportar petr\u00f3leo venezuelano. <\/p>\n<p>Um terceiro foi perseguido no domingo sem ser apreendido., De acordo comos meios de comunica\u00e7\u00e3o norte-americanos trata-se do Bella 1, cargueiro sujeito a san\u00e7\u00f5es dos EUA desde 2024, pelas suas alegadas liga\u00e7\u00f5es ao Ir\u00e3o e ao grupo xiita liban\u00eas Hezbollah,<\/p>\n<p>O presidente da Venezuela, Nicol\u00e1s Maduro acusou os Estados Unidos de &#8220;pirataria&#8221; pela apreens\u00e3o de navios com petr\u00f3leo venezuelano. Anunciou ainda medidas para que esses atos n\u00e3o fiquem impunes, entre elas uma den\u00fancia ao Conselho de Seguran\u00e7a da ONU.<br \/>&#13;<br \/>\n&#8220;Narcoterrorismo&#8221;<br \/>&#13;<br \/>\nA Administra\u00e7\u00e3o Trump diz que a sua estrat\u00e9gia em rela\u00e7\u00e3o ao regime venezuelano, visa travar o narcotr\u00e1fico e recuperar os &#8220;direitos petrol\u00edferos&#8221; das empresas norte-americanas.<\/p>\n<p>Desde agosto que o presidente dos Estados Unidos, Donald Trump, tem pressionado militarmente a Venezuela, exigindo a demiss\u00e3o de Maduro, a quem acusa de ser o cabecilha do Cartel dos S\u00f3is. <\/p>\n<p>De acordo com a tese, <b>o presidente da Venezuela estar\u00e1 a utilizar os lucros da venda de petr\u00f3leo do pa\u00eds para financiar a produ\u00e7\u00e3o de drogas, assim como &#8220;narcoterrorismo, tr\u00e1fico de seres humanos, assassinatos e raptos&#8221;.<\/b>\u00a0Caracas nega veemente as acusa\u00e7\u00f5es. Em contraponto, afirma que Washington procura derrubar Nicol\u00e1s Maduro para se apoderar das reservas de petr\u00f3leo do seu pa\u00eds, as maiores do planeta.<\/p>\n<p>Esta segunda-feira, a secret\u00e1ria de Seguran\u00e7a Interna dos Estados Unidos, Kristi Noem, afirmou que o Presidente da Venezuela, Nicol\u00e1s Maduro, &#8220;tem de sair&#8221;, acusando-o de &#8220;manter atividades ilegais&#8221;.<\/p>\n<p>Numa entrevista \u00e0 cadeia de televis\u00e3o Fox News, Noem explicou que &#8220;n\u00e3o estamos apenas a intercetar esses navios. Tamb\u00e9m <b>estamos a enviar uma mensagem para todo o mundo: a atividade ilegal em que Maduro est\u00e1 envolvido n\u00e3o pode ser tolerada. Ele tem de sair.<\/b> Vamos defender o nosso povo&#8221;, afirmou.<\/p>\n<p>A respons\u00e1vel pela Seguran\u00e7a Nacional dos Estados Unidos insistiu que o Governo de Maduro &#8220;usa os d\u00f3lares&#8221; do neg\u00f3cio do petr\u00f3leo para propagar drogas que &#8220;est\u00e3o a matar a pr\u00f3xima gera\u00e7\u00e3o de americanos&#8221;.<\/p>\n<p>&#8220;Portanto, n\u00e3o se esque\u00e7am do que se trata. Este \u00e9 um inimigo dos Estados Unidos contra o qual estamos a tomar medidas en\u00e9rgicas&#8221;, sublinhou.<\/p>\n<p>Apesar das san\u00e7\u00f5es impostas ao crude venezuelano, a Chevron opera no pa\u00eds em associa\u00e7\u00e3o com a estatal PDVSA ao abrigo de uma licen\u00e7a especial emitida pelo Departamento do Tesouro dos EUA.<\/p>\n<p>A vice-presidente executiva e ministra dos Hidrocarbonetos da Venezuela, Delcy Rodr\u00edguez, informou entretanto no seu canal na plataforma Telegram, que o navio &#8220;Canopus Voyager&#8221; partiu &#8220;com petr\u00f3leo venezuelano rumo aos Estados Unidos&#8221;, em &#8220;rigoroso cumprimento das normas&#8221; e dos compromissos da ind\u00fastria petrol\u00edfera nacional.<\/p>\n<p>com ag\u00eancias&#13;\n            <\/p>\n","protected":false},"excerpt":{"rendered":"O respons\u00e1vel pela diplomacia russa, Sergei Lavrov, expressou depois, em comunicado, que &#8220;o lado russo confirmou o seu&hellip;\n","protected":false},"author":2,"featured_media":198833,"comment_status":"","ping_status":"","sticky":false,"template":"","format":"standard","meta":{"footnotes":""},"categories":[50],"tags":[27,28,15,16,14,25,26,21,22,62,36422,12,13,19,20,23,24,839,12155,17,18,29,30,31,3023,63,64,65,39624],"class_list":{"0":"post-198832","1":"post","2":"type-post","3":"status-publish","4":"format-standard","5":"has-post-thumbnail","7":"category-mundo","8":"tag-breaking-news","9":"tag-breakingnews","10":"tag-featured-news","11":"tag-featurednews","12":"tag-headlines","13":"tag-latest-news","14":"tag-latestnews","15":"tag-main-news","16":"tag-mainnews","17":"tag-mundo","18":"tag-narcoterrorismo","19":"tag-news","20":"tag-noticias","21":"tag-noticias-principais","22":"tag-noticiasprincipais","23":"tag-principais-noticias","24":"tag-principaisnoticias","25":"tag-russia","26":"tag-sergei-lavrov","27":"tag-top-stories","28":"tag-topstories","29":"tag-ultimas","30":"tag-ultimas-noticias","31":"tag-ultimasnoticias","32":"tag-venezuela","33":"tag-world","34":"tag-world-news","35":"tag-worldnews","36":"tag-yvan-gil"},"share_on_mastodon":{"url":"https:\/\/pubeurope.com\/@pt\/115764855171679432","error":""},"_links":{"self":[{"href":"https:\/\/www.europesays.com\/pt\/wp-json\/wp\/v2\/posts\/198832","targetHints":{"allow":["GET"]}}],"collection":[{"href":"https:\/\/www.europesays.com\/pt\/wp-json\/wp\/v2\/posts"}],"about":[{"href":"https:\/\/www.europesays.com\/pt\/wp-json\/wp\/v2\/types\/post"}],"author":[{"embeddable":true,"href":"https:\/\/www.europesays.com\/pt\/wp-json\/wp\/v2\/users\/2"}],"replies":[{"embeddable":true,"href":"https:\/\/www.europesays.com\/pt\/wp-json\/wp\/v2\/comments?post=198832"}],"version-history":[{"count":0,"href":"https:\/\/www.europesays.com\/pt\/wp-json\/wp\/v2\/posts\/198832\/revisions"}],"wp:featuredmedia":[{"embeddable":true,"href":"https:\/\/www.europesays.com\/pt\/wp-json\/wp\/v2\/media\/198833"}],"wp:attachment":[{"href":"https:\/\/www.europesays.com\/pt\/wp-json\/wp\/v2\/media?parent=198832"}],"wp:term":[{"taxonomy":"category","embeddable":true,"href":"https:\/\/www.europesays.com\/pt\/wp-json\/wp\/v2\/categories?post=198832"},{"taxonomy":"post_tag","embeddable":true,"href":"https:\/\/www.europesays.com\/pt\/wp-json\/wp\/v2\/tags?post=198832"}],"curies":[{"name":"wp","href":"https:\/\/api.w.org\/{rel}","templated":true}]}}