{"id":198838,"date":"2025-12-22T19:26:24","date_gmt":"2025-12-22T19:26:24","guid":{"rendered":"https:\/\/www.europesays.com\/pt\/198838\/"},"modified":"2025-12-22T19:26:24","modified_gmt":"2025-12-22T19:26:24","slug":"paolla-oliveira-e-diogo-nogueira-anunciam-fim-do-relacionamento","status":"publish","type":"post","link":"https:\/\/www.europesays.com\/pt\/198838\/","title":{"rendered":"Paolla Oliveira e Diogo Nogueira anunciam fim do relacionamento"},"content":{"rendered":"<p dir=\"ltr\">A semana das comemora\u00e7\u00f5es de Natal come\u00e7ou de forma abrupta no mundo amoroso dos famosos. Nesta segunda-feira (22\/12), <a href=\"https:\/\/www.correiobraziliense.com.br\/tags\/paolla-oliveira\/\" target=\"_blank\" rel=\"nofollow noopener\">Paolla Oliveira<\/a> e <a href=\"https:\/\/www.correiobraziliense.com.br\/tags\/diogo-nogueira\/\" target=\"_blank\" rel=\"nofollow noopener\">Diogo Nogueira<\/a> anunciaram o fim do relacionamento. Ap\u00f3s cinco anos juntos, o ex-casal de artistas publicou um comunicado conjunto nas redes sociais, destacando que a separa\u00e7\u00e3o n\u00e3o foi motivada por nenhum acontecimento grave.\u00a0<\/p>\n<p dir=\"ltr\">\u201cForam quase cinco anos de uma hist\u00f3ria que agora chega a um final feliz, n\u00e3o como nos contos, mas como foi tudo na nossa vida: real, intenso e cheio de amor\u201d, escreveram. \u201cAs rela\u00e7\u00f5es se transformam e, portanto, n\u00e3o houve um \u00fanico motivo, nem um rompimento brusco, o que existiu foi conversa, respeito e maturidade.\u201d<\/p>\n<p class=\"texto\"><strong><a href=\"https:\/\/whatsapp.com\/channel\/0029VaB1U9a002T64ex1Sy2w\" target=\"_blank\" rel=\"nofollow noopener\">Siga o canal do Correio no WhatsApp e receba as principais not\u00edcias do dia no seu celular<\/a><\/strong><\/p>\n<p dir=\"ltr\">\u201cCom gratid\u00e3o pela hist\u00f3ria que constru\u00edmos e em paz com a decis\u00e3o que tomamos, seguiremos caminhos separados, guardando profundo carinho um pelo outro. Neste momento, pedimos sensibilidade e privacidade\u201d, completaram, assinando a mensagem juntos.\u00a0<\/p>\n<p class=\"texto\">\n<blockquote style=\"background: #FFF; border: 0; border-radius: 3px; box-shadow: 0 0 1px 0 rgba(0,0,0,0.5),0 1px 10px 0 rgba(0,0,0,0.15); margin: 1px; max-width: 540px; min-width: 326px; padding: 0; width: calc(100% - 2px);\" class=\" instagram-media-registered\" id=\"instagram-media-payload-0\" data-instgrm-captioned=\"\" data-instgrm-permalink=\"https:\/\/www.instagram.com\/p\/DSkQ5zeDh4m\/?utm_source=ig_embed&amp;utm_campaign=loading\" data-instgrm-version=\"14\"><p>&#13;<br \/>\n&#13;\n<\/p><\/blockquote>\n<p>\u00a0              <\/p>\n<ul>\n<li><a href=\"https:\/\/wa.me\/?text=Paolla+Oliveira+e+Diogo+Nogueira+anunciam+fim+do+relacionamento%20https:\/\/www.correiobraziliense.com.br\/diversao-e-arte\/2025\/12\/7318956-paolla-oliveira-e-diogo-nogueira-anunciam-fim-do-relacionamento.html\" target=\"_blank\" title=\"Whatsapp\" aria-label=\"WhatsApp\" rel=\"nofollow noopener\"><\/a><\/li>\n<li><a href=\"https:\/\/www.facebook.com\/sharer.php?u=https:\/\/www.correiobraziliense.com.br%2Fdiversao-e-arte%2F2025%2F12%2F7318956-paolla-oliveira-e-diogo-nogueira-anunciam-fim-do-relacionamento.html&amp;text=Paolla+Oliveira+e+Diogo+Nogueira+anunciam+fim+do+relacionamento\" target=\"_blank\" title=\"Facebook\" aria-label=\"Facebook\" rel=\"nofollow noopener\"><\/a><\/li>\n<li><a href=\"https:\/\/twitter.com\/intent\/tweet?url=https:\/\/www.correiobraziliense.com.br%2Fdiversao-e-arte%2F2025%2F12%2F7318956-paolla-oliveira-e-diogo-nogueira-anunciam-fim-do-relacionamento.html&amp;text=Paolla+Oliveira+e+Diogo+Nogueira+anunciam+fim+do+relacionamento\" target=\"_blank\" title=\"Twitter\" aria-label=\"Twitter\" rel=\"nofollow noopener\"><\/a><\/li>\n<li><a href=\"https:\/\/profile.google.com\/cp\/CgovbS8wNzZ0dms1\" title=\"Google Discover\" target=\"_blank\" aria-label=\"Google Discover\" rel=\"nofollow noopener\"><img decoding=\"async\" src=\"https:\/\/www.europesays.com\/pt\/wp-content\/uploads\/2025\/12\/google-discover-icon.png\" style=\"height: 25px; margin: 0 !important; margin-left: 3px;\" alt=\"Google Discover Icon\"\/><\/a><\/li>\n<\/ul>\n<p>              <a href=\"https:\/\/www.correiobraziliense.com.br\/autor\/bianca-lucca\/page\/1\/\" style=\"height: 100%;\" rel=\"nofollow noopener\" target=\"_blank\"><img decoding=\"async\" class=\"hidden-print author-circle d-block h6 mt-0 mb-0 mr-6 text-center\" src=\"https:\/\/www.europesays.com\/pt\/wp-content\/uploads\/2025\/11\/whatsapp_image_2025_01_07_at_20_59_47-44349236.jpeg\" alt=\"\" width=\"40\" height=\"40\" loading=\"lazy\" style=\"object-fit:cover; width: 40px; height: 40px; margin-right:10px;\"\/><\/a><a href=\"https:\/\/www.correiobraziliense.com.br\/autor\/bianca-lucca\/page\/1\/\" rel=\"nofollow noopener\" target=\"_blank\"><img decoding=\"async\" class=\"hidden-print author-circle d-block h6 mt-0 mb-0 mr-6 text-center\" src=\"https:\/\/www.europesays.com\/pt\/wp-content\/uploads\/2025\/11\/whatsapp_image_2025_01_07_at_20_59_47-44349236.jpeg\" alt=\"\" width=\"40\" height=\"40\" loading=\"lazy\" style=\"object-fit:cover; width: 40px; height: 40px; margin-right:10px;\"\/><\/a>Bianca Lucca  <strong class=\"entryStrongAuthor\">Rep\u00f3rter<\/strong><\/p>\n<p class=\"entryDescricaoAuthor\">Jornalista pelo Centro Universit\u00e1rio de Bras\u00edlia, apaixonada por literatura e quest\u00f5es sociais. Passou pela editoria de Cultura e agora escreve para o CB On-line, onde assina o Blog Daquilo.<\/p>\n<p>                          <script async src=\"https:\/\/platform.twitter.com\/widgets.js\" charset=\"utf-8\"><\/script><script async src=\"\/\/www.instagram.com\/embed.js\"><\/script><\/p>\n","protected":false},"excerpt":{"rendered":"A semana das comemora\u00e7\u00f5es de Natal come\u00e7ou de forma abrupta no mundo amoroso dos famosos. Nesta segunda-feira (22\/12),&hellip;\n","protected":false},"author":2,"featured_media":198839,"comment_status":"","ping_status":"","sticky":false,"template":"","format":"standard","meta":{"footnotes":""},"categories":[145],"tags":[211,210,3426,114,115,39625,2927,39626,32,33],"class_list":{"0":"post-198838","1":"post","2":"type-post","3":"status-publish","4":"format-standard","5":"has-post-thumbnail","7":"category-celebridades","8":"tag-celebridades","9":"tag-celebrities","10":"tag-diogo-nogueira","11":"tag-entertainment","12":"tag-entretenimento","13":"tag-paola-oliveira","14":"tag-paolla-oliveira","15":"tag-paolla-oliveira-e-diogo-nogueira","16":"tag-portugal","17":"tag-pt"},"share_on_mastodon":{"url":"https:\/\/pubeurope.com\/@pt\/115764867730574422","error":""},"_links":{"self":[{"href":"https:\/\/www.europesays.com\/pt\/wp-json\/wp\/v2\/posts\/198838","targetHints":{"allow":["GET"]}}],"collection":[{"href":"https:\/\/www.europesays.com\/pt\/wp-json\/wp\/v2\/posts"}],"about":[{"href":"https:\/\/www.europesays.com\/pt\/wp-json\/wp\/v2\/types\/post"}],"author":[{"embeddable":true,"href":"https:\/\/www.europesays.com\/pt\/wp-json\/wp\/v2\/users\/2"}],"replies":[{"embeddable":true,"href":"https:\/\/www.europesays.com\/pt\/wp-json\/wp\/v2\/comments?post=198838"}],"version-history":[{"count":0,"href":"https:\/\/www.europesays.com\/pt\/wp-json\/wp\/v2\/posts\/198838\/revisions"}],"wp:featuredmedia":[{"embeddable":true,"href":"https:\/\/www.europesays.com\/pt\/wp-json\/wp\/v2\/media\/198839"}],"wp:attachment":[{"href":"https:\/\/www.europesays.com\/pt\/wp-json\/wp\/v2\/media?parent=198838"}],"wp:term":[{"taxonomy":"category","embeddable":true,"href":"https:\/\/www.europesays.com\/pt\/wp-json\/wp\/v2\/categories?post=198838"},{"taxonomy":"post_tag","embeddable":true,"href":"https:\/\/www.europesays.com\/pt\/wp-json\/wp\/v2\/tags?post=198838"}],"curies":[{"name":"wp","href":"https:\/\/api.w.org\/{rel}","templated":true}]}}