{"id":198849,"date":"2025-12-22T19:39:09","date_gmt":"2025-12-22T19:39:09","guid":{"rendered":"https:\/\/www.europesays.com\/pt\/198849\/"},"modified":"2025-12-22T19:39:09","modified_gmt":"2025-12-22T19:39:09","slug":"ana-abrunhosa-diz-que-nao-ha-dinheiro-para-investimentos-em-coimbra-habitacao","status":"publish","type":"post","link":"https:\/\/www.europesays.com\/pt\/198849\/","title":{"rendered":"Ana Abrunhosa diz que n\u00e3o h\u00e1 dinheiro para investimentos em Coimbra | Habita\u00e7\u00e3o"},"content":{"rendered":"<p>\u201cN\u00e3o temos condi\u00e7\u00f5es para baixar impostos. Temos que ter or\u00e7amento para investimento e n\u00e3o temos\u201d, disse esta segunda-feira a presidente da C\u00e2mara de Coimbra, Ana Abrunhosa, durante a reuni\u00e3o da Assembleia Municipal em que deixou claro que a receita fiscal que a autarquia recebeu de IMI \u201c\u00e9 para saldar d\u00edvidas\u201d.<\/p>\n<p>\u201cDevemos um milh\u00e3o \u00e0 SUMA (empresa de recolha de lixo urbano e meio ambiente) e um milh\u00e3o e meio \u00e0s \u00c1guas de Coimbra\u201d, disse a autarca, enquanto informava que, no primeiro caso, \u201cs\u00f3 os juros de mora j\u00e1 iam em 300 mil euros\u201d. <a href=\"https:\/\/www.publico.pt\/2025\/10\/12\/local\/noticia\/ana-abrunhosa-recupera-camara-promete-coimbra-vai-mudar-vida-2150549\" rel=\"nofollow noopener\" target=\"_blank\">Ana Abrunhosa<\/a> respondia nesse ponto a uma interven\u00e7\u00e3o de um deputado da bancada do Chega, que alertava para o excesso de litig\u00e2ncia que envolve a autarquia, e que haveria de receber a concord\u00e2ncia da presidente.<\/p>\n<p>Ana Abrunhosa disse estar a fazer \u201cum grande esfor\u00e7o para captar investimento\u201d, sem se coibir de afirmar, mais do que uma vez, que em certas mat\u00e9rias j\u00e1 fez mais num m\u00eas e meio do que o anterior executivo em quatro anos. \u201cN\u00e3o podemos continuar com servi\u00e7os p\u00fablicos em que todos os anos a C\u00e2mara cobre buracos.<a href=\"https:\/\/www.publico.pt\/2025\/11\/10\/local\/noticia\/coimbra-ana-abrunhosa-quer-criar-autoridade-transportes-regiao-2154110\" rel=\"nofollow noopener\" target=\"_blank\"> S\u00f3 no caso dos SMTUC<\/a> (transportes urbanos de Coimbra) s\u00e3o 15 milh\u00f5es de euros \u201c, sublinhou.<\/p>\n<p>Mas um dos pontos que haveria de marcar a \u00faltima reuni\u00e3o da Assembleia Municipal do ano foi o novo quadro de pessoal da autarquia, aprovado durante a manh\u00e3, em reuni\u00e3o do executivo. A deputada do Bloco de Esquerda, Maria Paix\u00e3o, questionara a presidente sobre o corte anunciado de 60 postos de trabalho, e queria saber qual foi o crit\u00e9rio. A pergunta deu azo a uma interven\u00e7\u00e3o de Ana Abrunhosa que deixou a nu as fragilidades financeiras que \u2013 garante \u2013 afligem a C\u00e2mara. \u201cO mapa de pessoal previa 2565 trabalhadores. Baix\u00e1mos para 2512. N\u00e3o sei o que \u00e9 que ainda n\u00e3o entenderam. N\u00e3o h\u00e1 dinheiro!\u201d, afirmou a presidente, aproveitando a ocasi\u00e3o para dissertar sobre a necessidade de altera\u00e7\u00f5es mais profundas na estrutura org\u00e2nica da C\u00e2mara. \u201cTemos que introduzir na gest\u00e3o do munic\u00edpio maior flexibilidade. As necessidades numa C\u00e2mara mudam radicalmente de um ano para o outro\u201d, enfatizou, acrescentando que, na C\u00e2mara de Coimbra, \u201cos recursos humanos representam 22,2% do or\u00e7amento. \u00c9 um peso excessivo\u201d.<\/p>\n<p>Mas as preocupa\u00e7\u00f5es de Ana Abrunhosa centram-se tamb\u00e9m noutras quest\u00f5es. \u201cCoimbra est\u00e1 no s\u00e9culo passado no que toca \u00e0s quest\u00f5es ambientais. Temos que fazer um grande investimento\u201d, disse a presidente, que aproveitou a reuni\u00e3o da Assembleia para partilhar o que vira, dias antes, no que respeita \u00e0 salubridade: \u201cOs cidad\u00e3os que depositam sacos do lixo fora dos contentores. Eu pr\u00f3pria fotografei. O problema \u00e9 que o cidad\u00e3o que se queixa da limpeza \u00e9 o mesmo que atira piriscas para o ch\u00e3o e deixa o lixo no passeio\u201d, afirmou, justificando que \u201cnem sequer s\u00e3o pessoas de um bairro social, mas antes de uma zona com poder de compra\u201d. \u201cN\u00e3o h\u00e1 literacia que supere a falta de urbanidade\u201d, concluiu, deixando a ideia de que o cen\u00e1rio \u201cexige uma grande reorganiza\u00e7\u00e3o nos servi\u00e7os municipais\u201d.<\/p>\n<p>A reuni\u00e3o ficou ainda marcada pela aprova\u00e7\u00e3o de tr\u00eas mo\u00e7\u00f5es do Chega (voto de louvor aos profissionais do Hospital dos Cov\u00f5es, que perdeu o servi\u00e7o de urg\u00eancia recentemente; voto de sauda\u00e7\u00e3o \u00e0 Obra de Promo\u00e7\u00e3o Social do Distrito de Coimbra e ainda um voto de recomenda\u00e7\u00e3o com vista \u00e0 requalifica\u00e7\u00e3o integral da esquadra da PSP na baixa de Coimbra) e tamb\u00e9m de uma mo\u00e7\u00e3o da CDU exortando a C\u00e2mara a elaborar um plano de reabilita\u00e7\u00e3o dos edif\u00edcios devolutos. O tema haveria de servir de mote a uma outra interven\u00e7\u00e3o de Ana Abrunhosa, particularmente no que respeita \u00e0 habita\u00e7\u00e3o, deixando claro que n\u00e3o vai aceitar os termos em que o IHRU (Instituto de Habita\u00e7\u00e3o e Reabilita\u00e7\u00e3o Urbana) est\u00e1 a executar o programa de habita\u00e7\u00e3o 1\u00ba Direito. \u201cFoi um erro grave do PS que a AD est\u00e1 a continuar\u201d, disse a presidente, frisando que n\u00e3o vai aceitar \u201cque seja o IHRU a fazer a pol\u00edtica municipal de habita\u00e7\u00e3o em Coimbra\u201d. \u201cN\u00e3o vou aceitar a forma provinciana como olham para n\u00f3s, as decis\u00f5es que tomam e afectam o nosso territ\u00f3rio e nem sequer nos t\u00eam em conta\u201d, disse.<\/p>\n","protected":false},"excerpt":{"rendered":"\u201cN\u00e3o temos condi\u00e7\u00f5es para baixar impostos. Temos que ter or\u00e7amento para investimento e n\u00e3o temos\u201d, disse esta segunda-feira&hellip;\n","protected":false},"author":2,"featured_media":198850,"comment_status":"","ping_status":"","sticky":false,"template":"","format":"standard","meta":{"footnotes":""},"categories":[10],"tags":[26457,9378,27,28,17592,1911,476,15,16,456,14,25,26,352,21,22,851,12,13,19,20,32,23,24,33,20398,17,18,29,30,31],"class_list":{"0":"post-198849","1":"post","2":"type-post","3":"status-publish","4":"format-standard","5":"has-post-thumbnail","7":"category-portugal","8":"tag-ana-abrunhosa","9":"tag-arrendamento","10":"tag-breaking-news","11":"tag-breakingnews","12":"tag-camara-de-coimbra","13":"tag-coimbra","14":"tag-economia","15":"tag-featured-news","16":"tag-featurednews","17":"tag-habitacao","18":"tag-headlines","19":"tag-latest-news","20":"tag-latestnews","21":"tag-local","22":"tag-main-news","23":"tag-mainnews","24":"tag-negocios-e-financas","25":"tag-news","26":"tag-noticias","27":"tag-noticias-principais","28":"tag-noticiasprincipais","29":"tag-portugal","30":"tag-principais-noticias","31":"tag-principaisnoticias","32":"tag-pt","33":"tag-reabilitacao-urbana","34":"tag-top-stories","35":"tag-topstories","36":"tag-ultimas","37":"tag-ultimas-noticias","38":"tag-ultimasnoticias"},"share_on_mastodon":{"url":"","error":"Validation failed: Text character limit of 500 exceeded"},"_links":{"self":[{"href":"https:\/\/www.europesays.com\/pt\/wp-json\/wp\/v2\/posts\/198849","targetHints":{"allow":["GET"]}}],"collection":[{"href":"https:\/\/www.europesays.com\/pt\/wp-json\/wp\/v2\/posts"}],"about":[{"href":"https:\/\/www.europesays.com\/pt\/wp-json\/wp\/v2\/types\/post"}],"author":[{"embeddable":true,"href":"https:\/\/www.europesays.com\/pt\/wp-json\/wp\/v2\/users\/2"}],"replies":[{"embeddable":true,"href":"https:\/\/www.europesays.com\/pt\/wp-json\/wp\/v2\/comments?post=198849"}],"version-history":[{"count":0,"href":"https:\/\/www.europesays.com\/pt\/wp-json\/wp\/v2\/posts\/198849\/revisions"}],"wp:featuredmedia":[{"embeddable":true,"href":"https:\/\/www.europesays.com\/pt\/wp-json\/wp\/v2\/media\/198850"}],"wp:attachment":[{"href":"https:\/\/www.europesays.com\/pt\/wp-json\/wp\/v2\/media?parent=198849"}],"wp:term":[{"taxonomy":"category","embeddable":true,"href":"https:\/\/www.europesays.com\/pt\/wp-json\/wp\/v2\/categories?post=198849"},{"taxonomy":"post_tag","embeddable":true,"href":"https:\/\/www.europesays.com\/pt\/wp-json\/wp\/v2\/tags?post=198849"}],"curies":[{"name":"wp","href":"https:\/\/api.w.org\/{rel}","templated":true}]}}