{"id":198855,"date":"2025-12-22T19:42:19","date_gmt":"2025-12-22T19:42:19","guid":{"rendered":"https:\/\/www.europesays.com\/pt\/198855\/"},"modified":"2025-12-22T19:42:19","modified_gmt":"2025-12-22T19:42:19","slug":"fotografo-capta-dois-fenomenos-atmosfericos-raros-em-simultaneo","status":"publish","type":"post","link":"https:\/\/www.europesays.com\/pt\/198855\/","title":{"rendered":"Fot\u00f3grafo capta dois fen\u00f3menos atmosf\u00e9ricos raros em simult\u00e2neo"},"content":{"rendered":"<p data-remotead-prev-elm=\"true\" data-remotead-elm-id=\"inread\">Um fot\u00f3grafo italiano captou, ao mesmo tempo, dois fen\u00f3menos atmosf\u00e9ricos extremamente raros: um ELVE e um sprite vermelho.<\/p>\n<p>A imagem, registada por Valter Binotto no norte de It\u00e1lia, mostra um anel luminoso avermelhado a envolver descargas em forma de tent\u00e1culos, ap\u00f3s um raio muito intenso entre as pen\u00ednsulas It\u00e1lica e Balc\u00e2nica.<\/p>\n<p>O pulso eletromagn\u00e9tico atingiu a ionosfera e desencadeou os dois eventos quase em simult\u00e2neo, sobre a regi\u00e3o de Possagno, perto de Veneza. Estes fen\u00f3menos pertencem aos chamados Eventos Luminosos Transit\u00f3rios, s\u00e3o de curt\u00edssima dura\u00e7\u00e3o e dif\u00edceis de observar.<\/p>\n<p data-remotead-prev-elm=\"true\" data-remotead-elm-id=\"centro1\">A colora\u00e7\u00e3o vermelha resulta do movimento exaltado de mol\u00e9culas de azoto na alta atmosfera. Segundo os cientistas, os ELVE s\u00e3o particularmente raros e exigem condi\u00e7\u00f5es muito espec\u00edficas para ocorrer.<\/p>\n<p>Registos como este contribuem para uma melhor compreens\u00e3o da intera\u00e7\u00e3o entre tempestades el\u00e9tricas e a atmosfera superior da Terra.<\/p>\n<p>O fen\u00f3meno s\u00f3 p\u00f4de ser captado gra\u00e7as a equipamento fotogr\u00e1fico especializado, capaz de detetar flashes quase invis\u00edveis a olho nu.<\/p>\n","protected":false},"excerpt":{"rendered":"Um fot\u00f3grafo italiano captou, ao mesmo tempo, dois fen\u00f3menos atmosf\u00e9ricos extremamente raros: um ELVE e um sprite vermelho.&hellip;\n","protected":false},"author":2,"featured_media":198856,"comment_status":"","ping_status":"","sticky":false,"template":"","format":"standard","meta":{"footnotes":""},"categories":[144],"tags":[207,205,206,203,201,202,204,114,115,13095,39627,22064,32,33],"class_list":{"0":"post-198855","1":"post","2":"type-post","3":"status-publish","4":"format-standard","5":"has-post-thumbnail","7":"category-arte-e-design","8":"tag-arte","9":"tag-arte-e-design","10":"tag-artedesign","11":"tag-arts","12":"tag-arts-and-design","13":"tag-artsanddesign","14":"tag-design","15":"tag-entertainment","16":"tag-entretenimento","17":"tag-fenomeno","18":"tag-fenomeno-meteorologico","19":"tag-historias","20":"tag-portugal","21":"tag-pt"},"share_on_mastodon":{"url":"https:\/\/pubeurope.com\/@pt\/115764929623541305","error":""},"_links":{"self":[{"href":"https:\/\/www.europesays.com\/pt\/wp-json\/wp\/v2\/posts\/198855","targetHints":{"allow":["GET"]}}],"collection":[{"href":"https:\/\/www.europesays.com\/pt\/wp-json\/wp\/v2\/posts"}],"about":[{"href":"https:\/\/www.europesays.com\/pt\/wp-json\/wp\/v2\/types\/post"}],"author":[{"embeddable":true,"href":"https:\/\/www.europesays.com\/pt\/wp-json\/wp\/v2\/users\/2"}],"replies":[{"embeddable":true,"href":"https:\/\/www.europesays.com\/pt\/wp-json\/wp\/v2\/comments?post=198855"}],"version-history":[{"count":0,"href":"https:\/\/www.europesays.com\/pt\/wp-json\/wp\/v2\/posts\/198855\/revisions"}],"wp:featuredmedia":[{"embeddable":true,"href":"https:\/\/www.europesays.com\/pt\/wp-json\/wp\/v2\/media\/198856"}],"wp:attachment":[{"href":"https:\/\/www.europesays.com\/pt\/wp-json\/wp\/v2\/media?parent=198855"}],"wp:term":[{"taxonomy":"category","embeddable":true,"href":"https:\/\/www.europesays.com\/pt\/wp-json\/wp\/v2\/categories?post=198855"},{"taxonomy":"post_tag","embeddable":true,"href":"https:\/\/www.europesays.com\/pt\/wp-json\/wp\/v2\/tags?post=198855"}],"curies":[{"name":"wp","href":"https:\/\/api.w.org\/{rel}","templated":true}]}}