{"id":198863,"date":"2025-12-22T19:48:14","date_gmt":"2025-12-22T19:48:14","guid":{"rendered":"https:\/\/www.europesays.com\/pt\/198863\/"},"modified":"2025-12-22T19:48:14","modified_gmt":"2025-12-22T19:48:14","slug":"confira-o-funcionamento-dos-servicos-da-saude-durante-as-festas","status":"publish","type":"post","link":"https:\/\/www.europesays.com\/pt\/198863\/","title":{"rendered":"Confira o funcionamento dos servi\u00e7os da Sa\u00fade durante as festas"},"content":{"rendered":"<p>Natal e Ano Novo trazem altera\u00e7\u00f5es nos hor\u00e1rios de atendimento da rede p\u00fablica. Emerg\u00eancias, contudo, funcionam 24 horas\u00a0<\/p>\n<p style=\"text-align: justify;\">\n       Nos dias 24 e 25 de dezembro e 31 de dezembro e 1\u00ba de janeiro, alguns servi\u00e7os da Secretaria de Sa\u00fade do Distrito Federal (SES-DF) ter\u00e3o mudan\u00e7as nos hor\u00e1rios de funcionamento. Confira abaixo:\u00a0<br \/>\u00a0<\/p>\n<p>        <img loading=\"lazy\" decoding=\"async\" alt=\"\" height=\"512\" src=\"https:\/\/www.europesays.com\/pt\/wp-content\/uploads\/2025\/12\/84501416-935a-7f6d-bb73-f70e72b94876\" style=\"margin: 0px;\" width=\"768\"\/> <\/p>\n<p>         Servi\u00e7os de emerg\u00eancias dos hospitais regionais, Unidades de Pronto Atendimento (UPAs) e Casa de Parto de S\u00e3o Sebasti\u00e3o atendem de forma ininterrupta, em plant\u00e3o 24h. Foto: Sandro Ara\u00fajo\/Ag\u00eancia Sa\u00fade DF<\/p>\n<p style=\"text-align: justify;\">SAMU\u00a0\u2013 Atendimento 24 horas, todos os dias, pelo telefone 192.\u00a0<br \/>\u00a0<br \/>EMERG\u00caNCIAS\u00a0\u2013 As emerg\u00eancias dos\u00a0<a href=\"https:\/\/www.saude.df.gov.br\/infos-hospitais\" rel=\"noopener nofollow\" target=\"_blank\">hospitais regionais<\/a>, das <a href=\"https:\/\/www.saude.df.gov.br\/upa-24h\" rel=\"noopener nofollow\" target=\"_blank\">Unidades de Pronto Atendimento<\/a> (UPAs) e da<a href=\"https:\/\/www.saude.df.gov.br\/casa-de-parto-de-sao-sebastiao\" rel=\"noopener nofollow\" target=\"_blank\">\u00a0Casa de Parto de S\u00e3o Sebasti\u00e3o<\/a>\u00a0atendem de forma ininterrupta, em plant\u00e3o 24h.\u00a0<br \/>\u00a0<br \/>SA\u00daDE BUCAL\u00a0&#8211; A assist\u00eancia nas\u00a0<a href=\"https:\/\/www.saude.df.gov.br\/unidades-basicas\" rel=\"noopener nofollow\" target=\"_blank\">Unidades B\u00e1sicas de Sa\u00fade\u00a0<\/a>(UBSs) e nos\u00a0<a href=\"https:\/\/www.saude.df.gov.br\/centros-de-especialidades-odontologicas-ceo\" rel=\"noopener nofollow\" target=\"_blank\">Centros de Especialidades Odontol\u00f3gicas\u00a0<\/a>(CEOs) funcionam nos dias 24 e 31 de dezembro at\u00e9 \u00e0s 14 horas, permanecendo fechadas nos dias 25 de dezembro e 1\u00ba de janeiro. No pr\u00f3ximo fim de semana (27 e 28 de dezembro), a urg\u00eancia odontol\u00f3gica do <a href=\"https:\/\/www.saude.df.gov.br\/carta-servicos-hran\" rel=\"noopener nofollow\" target=\"_blank\">Hospital Regional da Asa Norte<\/a> (Hran) atende em plant\u00e3o 24h, todos os dias. A urg\u00eancia odontol\u00f3gica do <a href=\"https:\/\/www.saude.df.gov.br\/hospital-de-taguatinga\" rel=\"noopener nofollow\" target=\"_blank\">Hospital Regional de Taguatinga\u00a0<\/a>(HRT) abre s\u00e1bado (28) e domingo (29) das 7h \u00e0s 19h. J\u00e1 no <a href=\"https:\/\/www.saude.df.gov.br\/hospital-regional-do-gama\" rel=\"noopener nofollow\" target=\"_blank\">Hospital Regional do Gama<\/a> (HRG), o servi\u00e7o de urg\u00eancia funciona de segunda a sexta-feira, de 18h \u00e0 meia-noite, e no s\u00e1bado e domingo das 7h \u00e0s 19h.\u00a0<br \/>\u00a0<br \/>VACINA\u00c7\u00c3O &#8211; Em 24 e 31 de dezembro, as salas de vacina funcionam at\u00e9 12h. N\u00e3o haver\u00e1 imuniza\u00e7\u00e3o nos dias 25 de dezembro e 1\u00ba de janeiro. No s\u00e1bado (27), haver\u00e1 vacina\u00e7\u00e3o nos locais divulgados em\u00a0<a href=\"http:\/\/www.saude.df.gov.br\/locaisdevacinacao\" rel=\"noopener nofollow\" target=\"_blank\">www.saude.df.gov.br\/locaisdevacinacao<\/a>\u00a0<br \/>\u00a0<br \/>UBSs \u2013 A rede de unidades b\u00e1sicas funciona nos dias 24 e 31 de dezembro at\u00e9 14h, permanecendo fechadas em 25 de dezembro e 1\u00ba de janeiro.\u00a0<br \/>\u00a0<br \/>CAPS\u00a0\u2013 Os\u00a0<a href=\"https:\/\/www.saude.df.gov.br\/carta-caps\" rel=\"noopener nofollow\" target=\"_blank\">Centros de Aten\u00e7\u00e3o Psicossocial<\/a> (Caps) do tipo III e os Centros de Aten\u00e7\u00e3o Psicossocial \u00c1lcool e outras Drogas (Caps AD) III realizam acolhimento todos os dias, 24h. J\u00e1 os Caps tipos I e II e o Centro de Aten\u00e7\u00e3o Psicossocial Infanto-Juvenil (Capsi) funcionam nos dias 24 e 31 de dezembro at\u00e9 14h, permanecendo fechados nos dias 25 de dezembro e 1\u00ba de janeiro.\u00a0<br \/>\u00a0<br \/>FARM\u00c1CIAS DE ALTO CUSTO\u00a0\u2013 As unidades do Componente Especializado da Assist\u00eancia Farmac\u00eautica (Ceaf), mais conhecidas como\u00a0<a href=\"https:\/\/www.saude.df.gov.br\/medicamentos\" rel=\"noopener nofollow\" target=\"_blank\">Farm\u00e1cias de Alto Custo<\/a>, funcionam nos dias 24 e 31 de dezembro at\u00e9 12h, permanecendo fechadas nos dias 25 de dezembro e 1\u00ba de janeiro.\u00a0<br \/>\u00a0<br \/>AMBULAT\u00d3RIOS E POLICL\u00cdNICAS \u2013 Os ambulat\u00f3rios e as policl\u00ednicas atendem nos dias 24 e 31 de dezembro at\u00e9 14h, permanecendo fechadas\u00a0 em 25 de dezembro e 1\u00ba de janeiro.\u00a0<\/p>\n","protected":false},"excerpt":{"rendered":"Natal e Ano Novo trazem altera\u00e7\u00f5es nos hor\u00e1rios de atendimento da rede p\u00fablica. Emerg\u00eancias, contudo, funcionam 24 horas\u00a0&hellip;\n","protected":false},"author":2,"featured_media":198864,"comment_status":"","ping_status":"","sticky":false,"template":"","format":"standard","meta":{"footnotes":""},"categories":[86],"tags":[3980,7558,1661,2047,39629,39630,39628,116,7561,1133,32,33,117,4086,2820],"class_list":{"0":"post-198863","1":"post","2":"type-post","3":"status-publish","4":"format-standard","5":"has-post-thumbnail","7":"category-saude","8":"tag-3980","9":"tag-ano-novo","10":"tag-destaque","11":"tag-emergencia","12":"tag-feriado-natal","13":"tag-funcionamento-no-feriado","14":"tag-funcionamento-secretaria-de-saude","15":"tag-health","16":"tag-natal","17":"tag-noticia","18":"tag-portugal","19":"tag-pt","20":"tag-saude","21":"tag-secretaria-de-saude","22":"tag-vacinacao"},"share_on_mastodon":{"url":"https:\/\/pubeurope.com\/@pt\/115764953648025653","error":""},"_links":{"self":[{"href":"https:\/\/www.europesays.com\/pt\/wp-json\/wp\/v2\/posts\/198863","targetHints":{"allow":["GET"]}}],"collection":[{"href":"https:\/\/www.europesays.com\/pt\/wp-json\/wp\/v2\/posts"}],"about":[{"href":"https:\/\/www.europesays.com\/pt\/wp-json\/wp\/v2\/types\/post"}],"author":[{"embeddable":true,"href":"https:\/\/www.europesays.com\/pt\/wp-json\/wp\/v2\/users\/2"}],"replies":[{"embeddable":true,"href":"https:\/\/www.europesays.com\/pt\/wp-json\/wp\/v2\/comments?post=198863"}],"version-history":[{"count":0,"href":"https:\/\/www.europesays.com\/pt\/wp-json\/wp\/v2\/posts\/198863\/revisions"}],"wp:featuredmedia":[{"embeddable":true,"href":"https:\/\/www.europesays.com\/pt\/wp-json\/wp\/v2\/media\/198864"}],"wp:attachment":[{"href":"https:\/\/www.europesays.com\/pt\/wp-json\/wp\/v2\/media?parent=198863"}],"wp:term":[{"taxonomy":"category","embeddable":true,"href":"https:\/\/www.europesays.com\/pt\/wp-json\/wp\/v2\/categories?post=198863"},{"taxonomy":"post_tag","embeddable":true,"href":"https:\/\/www.europesays.com\/pt\/wp-json\/wp\/v2\/tags?post=198863"}],"curies":[{"name":"wp","href":"https:\/\/api.w.org\/{rel}","templated":true}]}}