{"id":198868,"date":"2025-12-22T19:55:01","date_gmt":"2025-12-22T19:55:01","guid":{"rendered":"https:\/\/www.europesays.com\/pt\/198868\/"},"modified":"2025-12-22T19:55:01","modified_gmt":"2025-12-22T19:55:01","slug":"benfica-ataca-juizes-do-derbi-feminino-sporting-escapa-a-mais-uma-derrota-com-ajuda-da-arbitragem","status":"publish","type":"post","link":"https:\/\/www.europesays.com\/pt\/198868\/","title":{"rendered":"Benfica ataca ju\u00edzes do d\u00e9rbi feminino: &#8220;Sporting escapa a mais uma derrota com ajuda da arbitragem&#8221;"},"content":{"rendered":"<blockquote class=\"twitter-tweet\">\n<p>Dois pontos perdidos pelo Sport Lisboa e Benfica devido a erros de arbitragem. Uma vez mais. At\u00e9 no feminino!<\/p>\n<p>Um golo mal anulado ao Benfica, com as imagens a deixarem claro que n\u00e3o h\u00e1 fora de jogo e com as linhas do VAR a serem colocadas de forma errada.<\/p>\n<p>J\u00e1 no final da&#8230; <a href=\"https:\/\/t.co\/rF37fR8O7K\" rel=\"nofollow\">pic.twitter.com\/rF37fR8O7K<\/a><\/p>\n<p>&#8211; SL Benfica (@SLBenfica) <a href=\"https:\/\/twitter.com\/SLBenfica\/status\/2002836711534120981?ref_src=twsrc%5Etfw\" rel=\"nofollow noopener\" target=\"_blank\">December 21, 2025<\/a><\/p><\/blockquote>\n<p data-remotead-prev-elm=\"true\" data-remotead-elm-id=\"inread\">O Benfica critica a arbitragem do d\u00e9rbi com o Sporting, em Alvalade. O jogo terminou empatado (1-1), mas as \u00e1guias censuram os juizes, VAR inclu\u00eddo. &#8220;O Sporting escapa a mais uma derrota com a ajuda da arbitragem&#8221;, alegam os encarnados, que indicam v\u00e1rios erros.<\/p>\n<p>&#8220;Uma vez mais. At\u00e9 no feminino! Um golo mal anulado ao Benfica, com as imagens a deixarem claro que n\u00e3o h\u00e1 fora de jogo e com as linhas do VAR a serem colocadas de forma errada&#8221;, refere-se na nota divulgada pelos encarnados. Segundo as \u00e1guias, houve uma &#8220;total falta de vergonha&#8221;. &#8220;Mesmo com o VAR a chamar a \u00e1rbitra para rever a decis\u00e3o de marcar pen\u00e1lti, o resultado foi o mesmo de sempre: o Sporting escapa a mais uma derrota com ajuda da arbitragem&#8221;, remata a nota.<\/p>\n<p><script async src=\"https:\/\/platform.twitter.com\/widgets.js\" charset=\"utf-8\"><\/script><\/p>\n","protected":false},"excerpt":{"rendered":"Dois pontos perdidos pelo Sport Lisboa e Benfica devido a erros de arbitragem. Uma vez mais. At\u00e9 no&hellip;\n","protected":false},"author":2,"featured_media":198869,"comment_status":"","ping_status":"","sticky":false,"template":"","format":"standard","meta":{"footnotes":""},"categories":[8],"tags":[3266,51,27,28,135,15,16,14,25,26,21,22,12,13,19,20,32,23,24,33,22943,17,18,29,30,31],"class_list":{"0":"post-198868","1":"post","2":"type-post","3":"status-publish","4":"format-standard","5":"has-post-thumbnail","7":"category-principais-noticias","8":"tag-arbitragem","9":"tag-benfica","10":"tag-breaking-news","11":"tag-breakingnews","12":"tag-desporto","13":"tag-featured-news","14":"tag-featurednews","15":"tag-headlines","16":"tag-latest-news","17":"tag-latestnews","18":"tag-main-news","19":"tag-mainnews","20":"tag-news","21":"tag-noticias","22":"tag-noticias-principais","23":"tag-noticiasprincipais","24":"tag-portugal","25":"tag-principais-noticias","26":"tag-principaisnoticias","27":"tag-pt","28":"tag-sporting-c-p","29":"tag-top-stories","30":"tag-topstories","31":"tag-ultimas","32":"tag-ultimas-noticias","33":"tag-ultimasnoticias"},"share_on_mastodon":{"url":"https:\/\/pubeurope.com\/@pt\/115764981001873626","error":""},"_links":{"self":[{"href":"https:\/\/www.europesays.com\/pt\/wp-json\/wp\/v2\/posts\/198868","targetHints":{"allow":["GET"]}}],"collection":[{"href":"https:\/\/www.europesays.com\/pt\/wp-json\/wp\/v2\/posts"}],"about":[{"href":"https:\/\/www.europesays.com\/pt\/wp-json\/wp\/v2\/types\/post"}],"author":[{"embeddable":true,"href":"https:\/\/www.europesays.com\/pt\/wp-json\/wp\/v2\/users\/2"}],"replies":[{"embeddable":true,"href":"https:\/\/www.europesays.com\/pt\/wp-json\/wp\/v2\/comments?post=198868"}],"version-history":[{"count":0,"href":"https:\/\/www.europesays.com\/pt\/wp-json\/wp\/v2\/posts\/198868\/revisions"}],"wp:featuredmedia":[{"embeddable":true,"href":"https:\/\/www.europesays.com\/pt\/wp-json\/wp\/v2\/media\/198869"}],"wp:attachment":[{"href":"https:\/\/www.europesays.com\/pt\/wp-json\/wp\/v2\/media?parent=198868"}],"wp:term":[{"taxonomy":"category","embeddable":true,"href":"https:\/\/www.europesays.com\/pt\/wp-json\/wp\/v2\/categories?post=198868"},{"taxonomy":"post_tag","embeddable":true,"href":"https:\/\/www.europesays.com\/pt\/wp-json\/wp\/v2\/tags?post=198868"}],"curies":[{"name":"wp","href":"https:\/\/api.w.org\/{rel}","templated":true}]}}