{"id":198870,"date":"2025-12-22T19:56:08","date_gmt":"2025-12-22T19:56:08","guid":{"rendered":"https:\/\/www.europesays.com\/pt\/198870\/"},"modified":"2025-12-22T19:56:08","modified_gmt":"2025-12-22T19:56:08","slug":"morreu-chris-rea-cnn-portugal","status":"publish","type":"post","link":"https:\/\/www.europesays.com\/pt\/198870\/","title":{"rendered":"Morreu Chris Rea &#8211; CNN Portugal"},"content":{"rendered":"<p>\t                Trata-se de um cantor que era, para muitos, sin\u00f3nimo da \u00e9poca natal\u00edcia<\/p>\n<p style=\"margin-bottom:11px\">O cantor e compositor brit\u00e2nico Chris Rea morreu esta segunda-feira, aos 74 anos, na sequ\u00eancia de uma \u201cbreve doen\u00e7a\u201d, confirmou um porta-voz da fam\u00edlia \u00e0 <a href=\"https:\/\/www.bbc.com\/news\/live\/c0q5g3v02qjt\" target=\"_blank\" rel=\"nofollow noopener\">BBC<\/a>. O m\u00fasico faleceu no hospital, nas primeiras horas do dia, rodeado da mulher e dos dois filhos.<\/p>\n<p>\u201c\u00c9 com imensa tristeza que anunciamos o falecimento do nosso amado Chris. Ele faleceu tranquilamente no hospital hoje cedo, ap\u00f3s uma breve doen\u00e7a, cercado pela sua fam\u00edlia\u201d, l\u00ea-se na declara\u00e7\u00e3o divulgada em nome da fam\u00edlia.<\/p>\n<p>Chris Rea \u00e9, para muitos, sin\u00f3nimo da \u00e9poca natal\u00edcia gra\u00e7as a &#8220;Driving Home for Christmas&#8221;, can\u00e7\u00e3o lan\u00e7ada em 1986 e que continua a marcar presen\u00e7a nas tabelas musicais d\u00e9cadas depois. Este ano, o tema ocupa o 30.\u00ba lugar nos tops de Natal, al\u00e9m de integrar an\u00fancios natal\u00edcios. De acordo com o site oficial do artista, a m\u00fasica \u201cconta a hist\u00f3ria de um viajante cansado a regressar a casa, um momento de calor humano, humor e esp\u00edrito natal\u00edcio que nunca perdeu a sua magia\u201d.<\/p>\n<p style=\"margin-bottom:11px\">Christopher Anton Rea nasceu em Middlesbrough, em 1951, filho de pai italiano e m\u00e3e irlandesa. A fam\u00edlia era conhecida localmente pela f\u00e1brica de gelados e pelos caf\u00e9s Camillo\u2019s, pertencentes ao pai, Camillo Rea. Na adolesc\u00eancia, Chris trabalhou nesses caf\u00e9s e fez o exame de condu\u00e7\u00e3o numa das carrinhas de gelados da fam\u00edlia, um epis\u00f3dio marcado por um incidente ins\u00f3lito, quando o examinador caiu da caixa onde estava sentado durante uma travagem de emerg\u00eancia e cortou a perna.<\/p>\n","protected":false},"excerpt":{"rendered":"Trata-se de um cantor que era, para muitos, sin\u00f3nimo da \u00e9poca natal\u00edcia O cantor e compositor brit\u00e2nico Chris&hellip;\n","protected":false},"author":2,"featured_media":198871,"comment_status":"","ping_status":"","sticky":false,"template":"","format":"standard","meta":{"footnotes":""},"categories":[145],"tags":[609,836,611,27,211,210,39623,607,608,333,832,604,135,610,39634,476,114,115,301,830,603,570,831,833,1437,62,834,13,835,602,52,32,33,29],"class_list":{"0":"post-198870","1":"post","2":"type-post","3":"status-publish","4":"format-standard","5":"has-post-thumbnail","7":"category-celebridades","8":"tag-alerta","9":"tag-analise","10":"tag-ao-minuto","11":"tag-breaking-news","12":"tag-celebridades","13":"tag-celebrities","14":"tag-chris-rea","15":"tag-cnn","16":"tag-cnn-portugal","17":"tag-comentadores","18":"tag-costa","19":"tag-crime","20":"tag-desporto","21":"tag-direto","22":"tag-driving-home-for-christmas","23":"tag-economia","24":"tag-entertainment","25":"tag-entretenimento","26":"tag-governo","27":"tag-guerra","28":"tag-justica","29":"tag-live","30":"tag-mais-vistas","31":"tag-marcelo","32":"tag-morte","33":"tag-mundo","34":"tag-negocios","35":"tag-noticias","36":"tag-opiniao","37":"tag-pais","38":"tag-politica","39":"tag-portugal","40":"tag-pt","41":"tag-ultimas"},"share_on_mastodon":{"url":"https:\/\/pubeurope.com\/@pt\/115764984853075158","error":""},"_links":{"self":[{"href":"https:\/\/www.europesays.com\/pt\/wp-json\/wp\/v2\/posts\/198870","targetHints":{"allow":["GET"]}}],"collection":[{"href":"https:\/\/www.europesays.com\/pt\/wp-json\/wp\/v2\/posts"}],"about":[{"href":"https:\/\/www.europesays.com\/pt\/wp-json\/wp\/v2\/types\/post"}],"author":[{"embeddable":true,"href":"https:\/\/www.europesays.com\/pt\/wp-json\/wp\/v2\/users\/2"}],"replies":[{"embeddable":true,"href":"https:\/\/www.europesays.com\/pt\/wp-json\/wp\/v2\/comments?post=198870"}],"version-history":[{"count":0,"href":"https:\/\/www.europesays.com\/pt\/wp-json\/wp\/v2\/posts\/198870\/revisions"}],"wp:featuredmedia":[{"embeddable":true,"href":"https:\/\/www.europesays.com\/pt\/wp-json\/wp\/v2\/media\/198871"}],"wp:attachment":[{"href":"https:\/\/www.europesays.com\/pt\/wp-json\/wp\/v2\/media?parent=198870"}],"wp:term":[{"taxonomy":"category","embeddable":true,"href":"https:\/\/www.europesays.com\/pt\/wp-json\/wp\/v2\/categories?post=198870"},{"taxonomy":"post_tag","embeddable":true,"href":"https:\/\/www.europesays.com\/pt\/wp-json\/wp\/v2\/tags?post=198870"}],"curies":[{"name":"wp","href":"https:\/\/api.w.org\/{rel}","templated":true}]}}