{"id":198872,"date":"2025-12-22T19:57:11","date_gmt":"2025-12-22T19:57:11","guid":{"rendered":"https:\/\/www.europesays.com\/pt\/198872\/"},"modified":"2025-12-22T19:57:11","modified_gmt":"2025-12-22T19:57:11","slug":"ribeirao-inaugura-escultura-que-celebra-a-identidade-da-vila","status":"publish","type":"post","link":"https:\/\/www.europesays.com\/pt\/198872\/","title":{"rendered":"Ribeir\u00e3o inaugura escultura que celebra a identidade da vila"},"content":{"rendered":"<p>Foi inaugurada no domingo, 21 de dezembro, uma nova escultura na Rotunda de Santana \u2013 Ferreiros, em Ribeir\u00e3o, apresentada como um tributo \u00e0 identidade e ao dinamismo da comunidade local. A obra valoriza uma das principais portas de entrada do concelho de Vila Nova de Famalic\u00e3o e refor\u00e7a o orgulho ribeirense.<\/p>\n<p>Da autoria do arquiteto ribeirense Jo\u00e3o S\u00e1, com execu\u00e7\u00e3o da empresa Prisma Din\u00e2mico e projeto paisag\u00edstico da arquiteta Ana Estef\u00e2nia, do Munic\u00edpio de Famalic\u00e3o, a escultura foi criada pelos artes\u00e3os Alexandre S\u00e1 e Jo\u00e3o S\u00e1. A pe\u00e7a representa dois rostos humanos inacabados, simbolizando uma comunidade em permanente constru\u00e7\u00e3o e evolu\u00e7\u00e3o.<\/p>\n<p>\t\t<img decoding=\"async\" src=\"https:\/\/www.europesays.com\/pt\/wp-content\/uploads\/2025\/12\/1766433431_372_thumbs.web.sapo.io\"  loading=\"true\"\/><\/p>\n<p>Na inaugura\u00e7\u00e3o, o presidente da C\u00e2mara Municipal de Famalic\u00e3o, M\u00e1rio Passos, destacou que a interven\u00e7\u00e3o vai al\u00e9m da requalifica\u00e7\u00e3o urbana, afirmando-se como um s\u00edmbolo da ambi\u00e7\u00e3o e da capacidade de supera\u00e7\u00e3o de Ribeir\u00e3o. O autarca sublinhou ainda a import\u00e2ncia do envolvimento de autores e profissionais da regi\u00e3o, colocando as pessoas no centro do desenvolvimento do territ\u00f3rio.<\/p>\n","protected":false},"excerpt":{"rendered":"Foi inaugurada no domingo, 21 de dezembro, uma nova escultura na Rotunda de Santana \u2013 Ferreiros, em Ribeir\u00e3o,&hellip;\n","protected":false},"author":2,"featured_media":198873,"comment_status":"","ping_status":"","sticky":false,"template":"","format":"standard","meta":{"footnotes":""},"categories":[144],"tags":[207,205,206,203,201,202,204,114,115,32,33],"class_list":{"0":"post-198872","1":"post","2":"type-post","3":"status-publish","4":"format-standard","5":"has-post-thumbnail","7":"category-arte-e-design","8":"tag-arte","9":"tag-arte-e-design","10":"tag-artedesign","11":"tag-arts","12":"tag-arts-and-design","13":"tag-artsanddesign","14":"tag-design","15":"tag-entertainment","16":"tag-entretenimento","17":"tag-portugal","18":"tag-pt"},"share_on_mastodon":{"url":"https:\/\/pubeurope.com\/@pt\/115764988939888849","error":""},"_links":{"self":[{"href":"https:\/\/www.europesays.com\/pt\/wp-json\/wp\/v2\/posts\/198872","targetHints":{"allow":["GET"]}}],"collection":[{"href":"https:\/\/www.europesays.com\/pt\/wp-json\/wp\/v2\/posts"}],"about":[{"href":"https:\/\/www.europesays.com\/pt\/wp-json\/wp\/v2\/types\/post"}],"author":[{"embeddable":true,"href":"https:\/\/www.europesays.com\/pt\/wp-json\/wp\/v2\/users\/2"}],"replies":[{"embeddable":true,"href":"https:\/\/www.europesays.com\/pt\/wp-json\/wp\/v2\/comments?post=198872"}],"version-history":[{"count":0,"href":"https:\/\/www.europesays.com\/pt\/wp-json\/wp\/v2\/posts\/198872\/revisions"}],"wp:featuredmedia":[{"embeddable":true,"href":"https:\/\/www.europesays.com\/pt\/wp-json\/wp\/v2\/media\/198873"}],"wp:attachment":[{"href":"https:\/\/www.europesays.com\/pt\/wp-json\/wp\/v2\/media?parent=198872"}],"wp:term":[{"taxonomy":"category","embeddable":true,"href":"https:\/\/www.europesays.com\/pt\/wp-json\/wp\/v2\/categories?post=198872"},{"taxonomy":"post_tag","embeddable":true,"href":"https:\/\/www.europesays.com\/pt\/wp-json\/wp\/v2\/tags?post=198872"}],"curies":[{"name":"wp","href":"https:\/\/api.w.org\/{rel}","templated":true}]}}