{"id":198875,"date":"2025-12-22T20:01:17","date_gmt":"2025-12-22T20:01:17","guid":{"rendered":"https:\/\/www.europesays.com\/pt\/198875\/"},"modified":"2025-12-22T20:01:17","modified_gmt":"2025-12-22T20:01:17","slug":"james-gunn-desmente-rumores-sobre-cara-de-barro-em-batman-parte-2","status":"publish","type":"post","link":"https:\/\/www.europesays.com\/pt\/198875\/","title":{"rendered":"James Gunn desmente rumores sobre Cara-de-Barro em Batman: Parte 2"},"content":{"rendered":"<p class=\"wp-block-yoast-seo-estimated-reading-time yoast-reading-time__wrapper\">Estimated reading time: 2 minutos<\/p>\n<p>Muito antes do<strong> Cara-de-Barro<\/strong> ter tido seu pr\u00f3prio filme anunciado, havia rumores de que <strong>Matt Reeves <\/strong>tinha planos para incluir o vil\u00e3o em <a href=\"https:\/\/ovicio.com.br\/tag\/batman\" target=\"_blank\" rel=\"noreferrer noopener nofollow\">Batman: Parte 2 (2027)<\/a>. Esses rumores est\u00e3o sendo lembrados neste momento, quando est\u00e1 claro n\u00e3o haver\u00e1 <strong>Basil Karlo <\/strong>ou<strong> Matt Hagen <\/strong>no filme Elseworld.<\/p>\n<p>Algumas pessoas chegaram a supor que a exclus\u00e3o do<strong> Cara-de-Barro <\/strong>passou pelo veto de <strong>James Gunn<\/strong>, que est\u00e1 tratando o vil\u00e3o como parte importante do DCU. <strong>Gunn<\/strong>, no entanto, negou isso e foi al\u00e9m: revelou que o <strong>Cara-de-Barro <\/strong>nunca esteve no roteiro de<strong> Batman: Parte 2 (2027)<\/strong>.<\/p>\n<p>&#8220;<strong>O roteiro [de Matt Reeves] \u00e9 exatamente o mesmo desde o come\u00e7o.<\/strong>&#8220;, garantiu <strong>Gunn <\/strong>no <strong>Threads<\/strong>.<\/p>\n<p>O que \u00e9 fato \u00e9 que <strong>Matt Reeves <\/strong>esteve profundamente envolvido com o desenvolvimento de <strong>Cara-de-Barro (2026)<\/strong>. O pr\u00f3prio<strong> Mike Flanagan <\/strong>admitiu que o diretor de <strong>Batman (2022)<\/strong> esteve sempre presente com anota\u00e7\u00f5es sobre o roteiro original.<\/p>\n<p><strong>Reeves<\/strong>, inclusive, foi determinante para a escolha de<strong> Tom Rhys Harries<\/strong> para o papel de <strong>Matt Hagen<\/strong>. O <strong>Cara-de-Barro<\/strong> \u00e9 um vil\u00e3o que ele adora, embora nunca o tenha inclu\u00eddo em seus planos. Provavelmente, quem reproduziu os rumores antigos participou de um &#8220;<strong>telefone sem fio<\/strong>&#8221; sobre esse envolvimento profundo do diretor com o filme do DCU.<\/p>\n<p><strong>Cara-de-Barro (2026) <\/strong>chega aos cinemas brasileiros em 10 de setembro. <strong>Batman: Parte 2<\/strong>, por sua vez, estreia em 30 de setembro de 2027.<\/p>\n<p>Leia tamb\u00e9m sobre Batman:<\/p>\n<p><strong>Fonte:<\/strong> <a href=\"https:\/\/www.threads.com\/@jamesgunn\/post\/DSktM7TEdF2?xmt=AQF09AW9aEquIL083h1IgU31yxtTZxsFW6dMWsaV2DcYkA\" target=\"_blank\" rel=\"noreferrer noopener nofollow\">Threads<\/a><\/p>\n","protected":false},"excerpt":{"rendered":"Estimated reading time: 2 minutos Muito antes do Cara-de-Barro ter tido seu pr\u00f3prio filme anunciado, havia rumores de&hellip;\n","protected":false},"author":2,"featured_media":198876,"comment_status":"","ping_status":"","sticky":false,"template":"","format":"standard","meta":{"footnotes":""},"categories":[140],"tags":[1948,16365,37744,37692,7319,114,115,147,148,7320,14901,146,32,33,37993,16809,37695],"class_list":{"0":"post-198875","1":"post","2":"type-post","3":"status-publish","4":"format-standard","5":"has-post-thumbnail","7":"category-filmes","8":"tag-batman","9":"tag-batman-parte-2","10":"tag-batman-parte-ii","11":"tag-cara-de-barro","12":"tag-dc-studios","13":"tag-entertainment","14":"tag-entretenimento","15":"tag-film","16":"tag-filmes","17":"tag-james-gunn","18":"tag-matt-reeves","19":"tag-movies","20":"tag-portugal","21":"tag-pt","22":"tag-scarlett-johanson","23":"tag-warner-bros-discovery","24":"tag-warner-bros-pictures"},"share_on_mastodon":{"url":"https:\/\/pubeurope.com\/@pt\/115765004589126147","error":""},"_links":{"self":[{"href":"https:\/\/www.europesays.com\/pt\/wp-json\/wp\/v2\/posts\/198875","targetHints":{"allow":["GET"]}}],"collection":[{"href":"https:\/\/www.europesays.com\/pt\/wp-json\/wp\/v2\/posts"}],"about":[{"href":"https:\/\/www.europesays.com\/pt\/wp-json\/wp\/v2\/types\/post"}],"author":[{"embeddable":true,"href":"https:\/\/www.europesays.com\/pt\/wp-json\/wp\/v2\/users\/2"}],"replies":[{"embeddable":true,"href":"https:\/\/www.europesays.com\/pt\/wp-json\/wp\/v2\/comments?post=198875"}],"version-history":[{"count":0,"href":"https:\/\/www.europesays.com\/pt\/wp-json\/wp\/v2\/posts\/198875\/revisions"}],"wp:featuredmedia":[{"embeddable":true,"href":"https:\/\/www.europesays.com\/pt\/wp-json\/wp\/v2\/media\/198876"}],"wp:attachment":[{"href":"https:\/\/www.europesays.com\/pt\/wp-json\/wp\/v2\/media?parent=198875"}],"wp:term":[{"taxonomy":"category","embeddable":true,"href":"https:\/\/www.europesays.com\/pt\/wp-json\/wp\/v2\/categories?post=198875"},{"taxonomy":"post_tag","embeddable":true,"href":"https:\/\/www.europesays.com\/pt\/wp-json\/wp\/v2\/tags?post=198875"}],"curies":[{"name":"wp","href":"https:\/\/api.w.org\/{rel}","templated":true}]}}