{"id":198885,"date":"2025-12-22T20:11:12","date_gmt":"2025-12-22T20:11:12","guid":{"rendered":"https:\/\/www.europesays.com\/pt\/198885\/"},"modified":"2025-12-22T20:11:12","modified_gmt":"2025-12-22T20:11:12","slug":"morreu-chris-rea-interprete-de-driving-home-for-christmas","status":"publish","type":"post","link":"https:\/\/www.europesays.com\/pt\/198885\/","title":{"rendered":"Morreu Chris Rea, int\u00e9rprete de &#8220;Driving home for Christmas&#8221;"},"content":{"rendered":"<p data-remotead-prev-elm=\"true\" data-remotead-elm-id=\"inread\">Chris Rea morreu num hospital, na sequ\u00eancia de uma curta doen\u00e7a, escreveu a BBC.<\/p>\n<p>Filho de pai italiano e m\u00e3e irlandesa, Chris Rea nasceu em 1951, em Middlesbrough, e lan\u00e7ou o primeiro \u00e1lbum, &#8220;Whatever happened to Benny Santini?&#8221;, em 1978, mas o sucesso s\u00f3 chegaria anos mais tarde, com &#8220;The road to hell&#8221; (1989) e &#8220;Auberge&#8221; (1991).<\/p>\n<p>A carreira do cantor e guitarrista, ancorada no rock e nos blues, seria v\u00e1rias vezes posta \u00e0 prova por causa de problemas de sa\u00fade, nomeadamente um cancro no p\u00e2ncreas, diabetes e um ataque card\u00edaco.<\/p>\n<p data-remotead-prev-elm=\"true\" data-remotead-elm-id=\"centro1\">Ainda assim, lan\u00e7ou mais de duas dezenas de registos discogr\u00e1ficos, sendo os mais recentes &#8220;Road songs for lovers&#8221; (2017) e &#8220;One fine day&#8221; (2019).<\/p>\n<p>Fervoroso adepto de automobilismo, Chris Rea incluiu refer\u00eancias a carros e \u00e0 condu\u00e7\u00e3o em v\u00e1rias m\u00fasicas, nomeadamente num dos temas mais populares da sua discografia, &#8220;Driving home for Christmas&#8221;.<\/p>\n<p>Em 1994, Chris Rea chegou a gravar o tema &#8220;Saudade&#8221;, em tributo ao piloto brasileiro Ayrton Senna, que morreu naquele ano.<\/p>\n","protected":false},"excerpt":{"rendered":"Chris Rea morreu num hospital, na sequ\u00eancia de uma curta doen\u00e7a, escreveu a BBC. Filho de pai italiano&hellip;\n","protected":false},"author":2,"featured_media":198886,"comment_status":"","ping_status":"","sticky":false,"template":"","format":"standard","meta":{"footnotes":""},"categories":[145],"tags":[1753,211,210,114,115,150,2409,32,33],"class_list":{"0":"post-198885","1":"post","2":"type-post","3":"status-publish","4":"format-standard","5":"has-post-thumbnail","7":"category-celebridades","8":"tag-artes","9":"tag-celebridades","10":"tag-celebrities","11":"tag-entertainment","12":"tag-entretenimento","13":"tag-musica","14":"tag-obito","15":"tag-portugal","16":"tag-pt"},"share_on_mastodon":{"url":"https:\/\/pubeurope.com\/@pt\/115765044564557854","error":""},"_links":{"self":[{"href":"https:\/\/www.europesays.com\/pt\/wp-json\/wp\/v2\/posts\/198885","targetHints":{"allow":["GET"]}}],"collection":[{"href":"https:\/\/www.europesays.com\/pt\/wp-json\/wp\/v2\/posts"}],"about":[{"href":"https:\/\/www.europesays.com\/pt\/wp-json\/wp\/v2\/types\/post"}],"author":[{"embeddable":true,"href":"https:\/\/www.europesays.com\/pt\/wp-json\/wp\/v2\/users\/2"}],"replies":[{"embeddable":true,"href":"https:\/\/www.europesays.com\/pt\/wp-json\/wp\/v2\/comments?post=198885"}],"version-history":[{"count":0,"href":"https:\/\/www.europesays.com\/pt\/wp-json\/wp\/v2\/posts\/198885\/revisions"}],"wp:featuredmedia":[{"embeddable":true,"href":"https:\/\/www.europesays.com\/pt\/wp-json\/wp\/v2\/media\/198886"}],"wp:attachment":[{"href":"https:\/\/www.europesays.com\/pt\/wp-json\/wp\/v2\/media?parent=198885"}],"wp:term":[{"taxonomy":"category","embeddable":true,"href":"https:\/\/www.europesays.com\/pt\/wp-json\/wp\/v2\/categories?post=198885"},{"taxonomy":"post_tag","embeddable":true,"href":"https:\/\/www.europesays.com\/pt\/wp-json\/wp\/v2\/tags?post=198885"}],"curies":[{"name":"wp","href":"https:\/\/api.w.org\/{rel}","templated":true}]}}