{"id":198887,"date":"2025-12-22T20:12:17","date_gmt":"2025-12-22T20:12:17","guid":{"rendered":"https:\/\/www.europesays.com\/pt\/198887\/"},"modified":"2025-12-22T20:12:17","modified_gmt":"2025-12-22T20:12:17","slug":"centro-de-vivencia-ilum-23-sul","status":"publish","type":"post","link":"https:\/\/www.europesays.com\/pt\/198887\/","title":{"rendered":"Centro de Viv\u00eancia ILUM \/ 23 SUL"},"content":{"rendered":"<p><a class=\"js-image-size__link \" href=\"https:\/\/www.archdaily.com.br\/br\/1037200\/centro-de-vivencia-ilum-23-sul\/6943ec18c3f4d50001276ee8-centro-de-vivencia-ilum-23-sul-foto\" rel=\"attachment nofollow noopener\" style=\"width: 100%; height: 100%;\" target=\"_blank\"><img decoding=\"async\" alt=\"Centro de Viv\u00eancia ILUM \/ 23 SUL - Imagem 1 de 25\" data-nr-picture-id=\"6943ec18c3f4d50001276ee8\" fetchpriority=\"high\" height=\"480\" itemprop=\"image\" loading=\"eager\" longdesc=\"https:\/\/www.archdaily.com.br\/br\/1037200\/centro-de-vivencia-ilum-23-sul\/6943ec18c3f4d50001276ee8-centro-de-vivencia-ilum-23-sul-foto\" src=\"https:\/\/www.europesays.com\/pt\/wp-content\/uploads\/2025\/12\/0403.23Sul.ILUM-PKOK3021.jpg\" style=\"min-height: var(--featured-height, auto); aspect-ratio: auto 640 \/ 480\" width=\"640\"\/><\/a>\u00a9 Pedro Kok<\/p>\n<p class=\"thumbs afd-desktop-e clearfix\"><a class=\"thumbs__link\" data-nr-picture-id=\"6943ec18c3f4d50001276ee7\" href=\"https:\/\/www.archdaily.com.br\/br\/1037200\/centro-de-vivencia-ilum-23-sul\/6943ec18c3f4d50001276ee7-centro-de-vivencia-ilum-23-sul-foto\" rel=\"attachment nofollow noopener\" target=\"_blank\"><img loading=\"lazy\" decoding=\"async\" alt=\"Centro de Viv\u00eancia ILUM \/ 23 SUL - Imagem 2 de 25\" class=\"thumbs__img b-lazy\" data-nr-picture-id=\"6943ec18c3f4d50001276ee7\" data-pin-nopin=\"true\" src=\"https:\/\/www.europesays.com\/pt\/wp-content\/uploads\/2025\/12\/0403.23Sul.ILUM-PKOK3012.jpg\" height=\"125\" longdesc=\"https:\/\/www.archdaily.com.br\/br\/1037200\/centro-de-vivencia-ilum-23-sul\/6943ec18c3f4d50001276ee7-centro-de-vivencia-ilum-23-sul-foto\" title=\"\u00a9 Pedro Kok\" width=\"125\"\/><\/a><a class=\"thumbs__link\" data-nr-picture-id=\"6943ec15c3f4d50001276ed9\" href=\"https:\/\/www.archdaily.com.br\/br\/1037200\/centro-de-vivencia-ilum-23-sul\/6943ec15c3f4d50001276ed9-centro-de-vivencia-ilum-23-sul-foto\" rel=\"attachment nofollow noopener\" target=\"_blank\"><img loading=\"lazy\" decoding=\"async\" alt=\"Centro de Viv\u00eancia ILUM \/ 23 SUL - Fotografia de Interiores, Sala de Jantar, Madeira, Mesa, Cadeira\" class=\"thumbs__img b-lazy\" data-nr-picture-id=\"6943ec15c3f4d50001276ed9\" data-pin-nopin=\"true\" src=\"https:\/\/www.europesays.com\/pt\/wp-content\/uploads\/2025\/12\/0403.23Sul.ILUM-PKOK3485.jpg\" height=\"125\" longdesc=\"https:\/\/www.archdaily.com.br\/br\/1037200\/centro-de-vivencia-ilum-23-sul\/6943ec15c3f4d50001276ed9-centro-de-vivencia-ilum-23-sul-foto\" title=\"\u00a9 Pedro Kok\" width=\"125\"\/><\/a><a class=\"thumbs__link\" data-nr-picture-id=\"6943ec18c3f4d50001276ef0\" href=\"https:\/\/www.archdaily.com.br\/br\/1037200\/centro-de-vivencia-ilum-23-sul\/6943ec18c3f4d50001276ef0-centro-de-vivencia-ilum-23-sul-foto\" rel=\"attachment nofollow noopener\" target=\"_blank\"><img loading=\"lazy\" decoding=\"async\" alt=\"Centro de Viv\u00eancia ILUM \/ 23 SUL - Fotografia de Interiores, Viga\" class=\"thumbs__img b-lazy\" data-nr-picture-id=\"6943ec18c3f4d50001276ef0\" data-pin-nopin=\"true\" src=\"https:\/\/www.europesays.com\/pt\/wp-content\/uploads\/2025\/12\/0403.23Sul.ILUM-PKOK3343.jpg\" height=\"125\" longdesc=\"https:\/\/www.archdaily.com.br\/br\/1037200\/centro-de-vivencia-ilum-23-sul\/6943ec18c3f4d50001276ef0-centro-de-vivencia-ilum-23-sul-foto\" title=\"\u00a9 Pedro Kok\" width=\"125\"\/><\/a><a class=\"thumbs__link\" data-nr-picture-id=\"6943ec16c3f4d50001276eda\" href=\"https:\/\/www.archdaily.com.br\/br\/1037200\/centro-de-vivencia-ilum-23-sul\/6943ec16c3f4d50001276eda-centro-de-vivencia-ilum-23-sul-foto\" rel=\"attachment nofollow noopener\" target=\"_blank\"><img loading=\"lazy\" decoding=\"async\" alt=\"Centro de Viv\u00eancia ILUM \/ 23 SUL - Imagem 5 de 25\" class=\"thumbs__img b-lazy\" data-nr-picture-id=\"6943ec16c3f4d50001276eda\" data-pin-nopin=\"true\" src=\"https:\/\/www.europesays.com\/pt\/wp-content\/uploads\/2025\/12\/0403.23Sul.ILUM-PKOK3537P.jpg\" height=\"125\" longdesc=\"https:\/\/www.archdaily.com.br\/br\/1037200\/centro-de-vivencia-ilum-23-sul\/6943ec16c3f4d50001276eda-centro-de-vivencia-ilum-23-sul-foto\" title=\"\u00a9 Pedro Kok\" width=\"125\"\/><\/a><a class=\"gallery-link afd-desktop-e\" href=\"https:\/\/www.archdaily.com.br\/br\/1037200\/centro-de-vivencia-ilum-23-sul\/6943ec18c3f4d50001276ee8-centro-de-vivencia-ilum-23-sul-foto\" rel=\"nofollow noopener\" target=\"_blank\"><img decoding=\"async\" alt=\"Centro de Viv\u00eancia ILUM \/ 23 SUL - Mais Imagens\" class=\"thumbs__img b-lazy\" src=\"https:\/\/www.europesays.com\/pt\/wp-content\/uploads\/2025\/12\/0403.23Sul.ILUM-PKOK3021.jpg\" itemprop=\"image\" bad-src=\"data:image\/gif;base64,R0lGODlhAQABAIAAAAUEBAAAACwAAAAAAQABAAACAkQBADs=\"\/>+ 20<\/a><\/p>\n<p>    Compartilhar<\/p>\n<p>Compartilhar<\/p>\n<ul class=\"afd-share__networks clearfix\">\n<li class=\"afd-share__social\"><a aria-label=\"Facebook\" class=\"afd-share__button\" data-insights-category=\"share\" data-insights-label=\"facebook_sharing_options\" data-insights-value=\"1037200\" data-social=\"facebook\" href=\"https:\/\/www.facebook.com\/sharer\/sharer.php?u=https:\/\/www.archdaily.com.br\/br\/1037200\/centro-de-vivencia-ilum-23-sul\" rel=\"nofollow noopener\" target=\"_blank\"><\/a>\n<p>Facebook<\/p>\n<\/li>\n<li class=\"afd-share__social\"><a aria-label=\"Twitter\" class=\"afd-share__button\" data-insights-category=\"share\" data-insights-label=\"twitter_sharing_options\" data-insights-value=\"1037200\" data-social=\"twitter\" href=\"https:\/\/twitter.com\/intent\/tweet?text=Centro%20de%20Viv%C3%AAncia%20ILUM%20%2F%2023%20SUL&amp;url=https:\/\/www.archdaily.com.br\/br\/1037200\/centro-de-vivencia-ilum-23-sul&amp;via=archdailybr\" rel=\"nofollow noopener\" target=\"_blank\"><\/a>\n<p>Twitter<\/p>\n<\/li>\n<li class=\"afd-share__social\"><a class=\"afd-share__button\" data-insights-category=\"share\" data-insights-label=\"email_sharing_options\" data-insights-value=\"1037200\" data-social=\"email\" href=\"mailto:?subject=Centro de Viv\u00eancia ILUM \/ 23 SUL&amp;body=https:\/\/www.archdaily.com.br\/br\/1037200\/centro-de-vivencia-ilum-23-sul\"><\/a>\n<p>Mail<\/p>\n<\/li>\n<li class=\"afd-share__social\"><a aria-label=\"Pinterest\" class=\"afd-share__button\" data-insights-category=\"share\" data-insights-label=\"pinterest_sharing_options\" data-insights-value=\"1037200\" data-social=\"pinterest\" href=\"https:\/\/pinterest.com\/pin\/create\/button\/?url=https%3A%2F%2Fwww.archdaily.com.br%2Fbr%2F1037200%2Fcentro-de-vivencia-ilum-23-sul&amp;media=https%3A%2F%2Fimages.adsttc.com%2Fmedia%2Fimages%2F6943%2Fec18%2Fc3f4%2Fd500%2F0127%2F6ee8%2Flarge_jpg%2F0403.23Sul.ILUM-PKOK3021.jpg%3F1766059126&amp;description=Centro%20de%20Viv%C3%AAncia%20ILUM%20%2F%2023%20SUL\" rel=\"nofollow noopener\" target=\"_blank\"><\/a>\n<p>Pinterest<\/p>\n<\/li>\n<li class=\"afd-share__social\"><a aria-label=\"Whatsapp\" class=\"afd-share__button\" data-action=\"share\/whatsapp\/share\" data-insights-category=\"share\" data-insights-label=\"whatsapp_sharing_options\" data-insights-value=\"1037200\" data-social=\"whatsapp\" href=\"whatsapp:\/\/send?text=Centro+de+Viv%C3%AAncia+ILUM+%2F+23+SUL+%7C+https%3A%2F%2Fwww.archdaily.com.br%2Fbr%2F1037200%2Fcentro-de-vivencia-ilum-23-sul%3Futm_source%3DWhatsapp%26utm_medium%3DIM%26utm_campaign%3Dshare-button\" rel=\"nofollow\"><\/a>\n<p>Whatsapp<\/p>\n<\/li>\n<\/ul>\n<p>Ou<\/p>\n<p>https:\/\/www.archdaily.com.br\/br\/1037200\/centro-de-vivencia-ilum-23-sul<\/p>\n<ul class=\"afd-char-list afd-specs__item-container js-char-list\" wp_automatic_readability=\"-0.92358803986711\">\n<li class=\"afd-specs__item\">\n<\/li>\n<li class=\"afd-specs__item\">\n  \u00c1rea<br \/>\n  \u00c1rea deste projeto de arquitetura<\/p>\n<p>\u00c1rea:\u00a0<br \/>\n        <a href=\"https:\/\/www.archdaily.com.br\/search\/br\/projects\/min_area\/2580\/max_area\/3870?ad_name=project-specs&amp;ad_medium=single\" rel=\"nofollow noopener\" target=\"_blank\">3225<\/a> m\u00b2<\/li>\n<li class=\"afd-specs__item\">\n<p>  Ano<br \/>\n  Ano de conclus\u00e3o deste projeto de arquitetura<\/p>\n<p>            Ano:\u00a0<\/p>\n<p>                    <a href=\"https:\/\/www.archdaily.com.br\/search\/br\/projects\/year\/2024?ad_name=project-specs&amp;ad_medium=single\" rel=\"nofollow noopener\" target=\"_blank\"><br \/>\n          2024<br \/>\n        <\/a><\/p>\n<\/li>\n<li class=\"afd-specs__item\">\n<p>  Fot\u00f3grafo<\/p>\n<\/li>\n<li class=\"afd-specs__item\" wp_automatic_readability=\"1\">\n<p>  Fabricantes<br \/>\n  Marcas com produtos usados neste projeto de arquitetura<\/p>\n<p>Fabricantes: \u00a0Crosslam, Kingspan Isoeste, Sonex Nexacustic<\/p>\n<\/li>\n<\/ul>\n<p><a class=\"js-image-size__link lazy-anchor\" href=\"https:\/\/www.archdaily.com.br\/br\/1037200\/centro-de-vivencia-ilum-23-sul\/6943ec18c3f4d50001276ee7-centro-de-vivencia-ilum-23-sul-foto\" rel=\"nofollow noopener\" target=\"_blank\"><img decoding=\"async\" alt=\"Centro de Viv\u00eancia ILUM \/ 23 SUL - Imagem 2 de 25\" data-nr-picture-id=\"6943ec18c3f4d50001276ee7\" height=\"427\" itemprop=\"image\" loading=\"lazy\" longdesc=\"https:\/\/www.archdaily.com.br\/br\/1037200\/centro-de-vivencia-ilum-23-sul\/6943ec18c3f4d50001276ee7-centro-de-vivencia-ilum-23-sul-foto\" src=\"https:\/\/www.europesays.com\/pt\/wp-content\/uploads\/2025\/12\/1766434334_919_0403.23Sul.ILUM-PKOK3012.jpg\" width=\"640\"\/>\u00a9 Pedro Kok<\/a><\/p>\n<p>Descri\u00e7\u00e3o enviada pela equipe de projeto. O Centro Nacional de Pesquisa em Energia e Materiais (CNPEM) opera quatro Laborat\u00f3rios Nacionais e \u00e9 o ber\u00e7o do projeto mais complexo da ci\u00eancia brasileira \u2013 o Sirius. O CNPEM expandiu suas atividades com a abertura da Ilum Escola Superior de Ci\u00eancia \u2013 curso de gradua\u00e7\u00e3o inovador e interdisciplinar em Ci\u00eancia, Tecnologia e Inova\u00e7\u00e3o.<\/p>\n<p><a class=\"js-image-size__link lazy-anchor\" href=\"https:\/\/www.archdaily.com.br\/br\/1037200\/centro-de-vivencia-ilum-23-sul\/6943ec16c3f4d50001276ede-centro-de-vivencia-ilum-23-sul-foto\" rel=\"nofollow noopener\" target=\"_blank\"><img decoding=\"async\" alt=\"Centro de Viv\u00eancia ILUM \/ 23 SUL - Imagem 17 de 25\" data-nr-picture-id=\"6943ec16c3f4d50001276ede\" height=\"427\" itemprop=\"image\" loading=\"lazy\" longdesc=\"https:\/\/www.archdaily.com.br\/br\/1037200\/centro-de-vivencia-ilum-23-sul\/6943ec16c3f4d50001276ede-centro-de-vivencia-ilum-23-sul-foto\" src=\"https:\/\/www.europesays.com\/pt\/wp-content\/uploads\/2025\/12\/0403.23Sul.ILUM-PKOK3602.jpg\" width=\"640\"\/>\u00a9 Pedro Kok<\/a><a class=\"js-image-size__link lazy-anchor\" href=\"https:\/\/www.archdaily.com.br\/br\/1037200\/centro-de-vivencia-ilum-23-sul\/6943ec15c3f4d50001276ed8-centro-de-vivencia-ilum-23-sul-foto\" rel=\"nofollow noopener\" target=\"_blank\"><img decoding=\"async\" alt=\"Centro de Viv\u00eancia ILUM \/ 23 SUL - Imagem 14 de 25\" data-nr-picture-id=\"6943ec15c3f4d50001276ed8\" height=\"427\" itemprop=\"image\" loading=\"lazy\" longdesc=\"https:\/\/www.archdaily.com.br\/br\/1037200\/centro-de-vivencia-ilum-23-sul\/6943ec15c3f4d50001276ed8-centro-de-vivencia-ilum-23-sul-foto\" src=\"https:\/\/www.europesays.com\/pt\/wp-content\/uploads\/2025\/12\/0403.23Sul.ILUM-PKOK3582.jpg\" width=\"640\"\/>\u00a9 Pedro Kok<\/a><\/p>\n<p>Portanto, o projeto da Ilum no campus, inclui salas de aula, salas de estudos individuais, audit\u00f3rio, biblioteca, e espa\u00e7os para descanso. Reconhecendo a voca\u00e7\u00e3o do curso em integrar conhecimentos e disciplinas, como escolha da proposta vencedora de concurso de projeto, definimos uma posi\u00e7\u00e3o para o Centro de Viv\u00eancia da Ilum que fosse capaz de ser um articulador entre a cota do campus, onde se localizam todos os laborat\u00f3rios do CNPEM, e a cota do aterro do Sirius, atualmente 6 metros acima do restante do terreno.<\/p>\n<p><a class=\"js-image-size__link lazy-anchor\" href=\"https:\/\/www.archdaily.com.br\/br\/1037200\/centro-de-vivencia-ilum-23-sul\/6943ec18c3f4d50001276ef0-centro-de-vivencia-ilum-23-sul-foto\" rel=\"nofollow noopener\" target=\"_blank\"><img decoding=\"async\" alt=\"Centro de Viv\u00eancia ILUM \/ 23 SUL - Fotografia de Interiores, Viga\" data-nr-picture-id=\"6943ec18c3f4d50001276ef0\" height=\"427\" itemprop=\"image\" loading=\"lazy\" longdesc=\"https:\/\/www.archdaily.com.br\/br\/1037200\/centro-de-vivencia-ilum-23-sul\/6943ec18c3f4d50001276ef0-centro-de-vivencia-ilum-23-sul-foto\" src=\"https:\/\/www.europesays.com\/pt\/wp-content\/uploads\/2025\/12\/1766434335_905_0403.23Sul.ILUM-PKOK3343.jpg\" width=\"640\"\/>\u00a9 Pedro Kok<\/a><a class=\"js-image-size__link lazy-anchor\" href=\"https:\/\/www.archdaily.com.br\/br\/1037200\/centro-de-vivencia-ilum-23-sul\/6943ec16c3f4d50001276edb-centro-de-vivencia-ilum-23-sul-foto\" rel=\"nofollow noopener\" target=\"_blank\"><img decoding=\"async\" alt=\"Centro de Viv\u00eancia ILUM \/ 23 SUL - Fotografia de Interiores, Sala de Jantar, Madeira, Aido\" data-nr-picture-id=\"6943ec16c3f4d50001276edb\" height=\"427\" itemprop=\"image\" loading=\"lazy\" longdesc=\"https:\/\/www.archdaily.com.br\/br\/1037200\/centro-de-vivencia-ilum-23-sul\/6943ec16c3f4d50001276edb-centro-de-vivencia-ilum-23-sul-foto\" src=\"https:\/\/www.europesays.com\/pt\/wp-content\/uploads\/2025\/12\/0403.23Sul.ILUM-PKOK3575.jpg\" width=\"640\"\/>\u00a9 Pedro Kok<\/a><\/p>\n<p>O pavilh\u00e3o da ILUM foi implementado junto ao talude, conectado por 2 passarelas de acesso, elevadores e escadas, permitindo a acessibilidade universal de todos os pesquisadores no campus.<\/p>\n<p><a class=\"js-image-size__link lazy-anchor\" href=\"https:\/\/www.archdaily.com.br\/br\/1037200\/centro-de-vivencia-ilum-23-sul\/6943ec18c3f4d50001276ef2-centro-de-vivencia-ilum-23-sul-planta-terreo\" rel=\"nofollow noopener\" target=\"_blank\"><img decoding=\"async\" alt=\"Centro de Viv\u00eancia ILUM \/ 23 SUL - Imagem 22 de 25\" data-nr-picture-id=\"6943ec18c3f4d50001276ef2\" height=\"427\" itemprop=\"image\" loading=\"lazy\" longdesc=\"https:\/\/www.archdaily.com.br\/br\/1037200\/centro-de-vivencia-ilum-23-sul\/6943ec18c3f4d50001276ef2-centro-de-vivencia-ilum-23-sul-planta-terreo\" src=\"https:\/\/www.europesays.com\/pt\/wp-content\/uploads\/2025\/12\/PLANTA_BAIXA_-_FINAIS_02-T_RREO_500_S_E.jpg\" width=\"640\"\/>Planta &#8211; T\u00e9rreo<\/a><a class=\"js-image-size__link lazy-anchor\" href=\"https:\/\/www.archdaily.com.br\/br\/1037200\/centro-de-vivencia-ilum-23-sul\/6943ec18c3f4d50001276ef4-centro-de-vivencia-ilum-23-sul-isometrica-explodida\" rel=\"nofollow noopener\" target=\"_blank\"><img decoding=\"async\" alt=\"Centro de Viv\u00eancia ILUM \/ 23 SUL - Imagem 25 de 25\" data-nr-picture-id=\"6943ec18c3f4d50001276ef4\" height=\"427\" itemprop=\"image\" loading=\"lazy\" longdesc=\"https:\/\/www.archdaily.com.br\/br\/1037200\/centro-de-vivencia-ilum-23-sul\/6943ec18c3f4d50001276ef4-centro-de-vivencia-ilum-23-sul-isometrica-explodida\" src=\"https:\/\/www.europesays.com\/pt\/wp-content\/uploads\/2025\/12\/Isom_trica_Explodida-1-_redux.jpg\" width=\"640\"\/>Isom\u00e9trica explodida<\/a><\/p>\n<p>Entre as rampas, foi concebida uma arquibancada, para aulas abertas, confer\u00eancias e exposi\u00e7\u00f5es localizadas no \u00e1trio central. Sobre uma cobertura em laje jardim, dotada de apoio para eventos, paira uma cobertura de madeira engenheirada, com coberturas transl\u00facidas nos \u00e1trios de p\u00e9-direito duplo.<\/p>\n<p><a class=\"js-image-size__link lazy-anchor\" href=\"https:\/\/www.archdaily.com.br\/br\/1037200\/centro-de-vivencia-ilum-23-sul\/6943ec16c3f4d50001276ee0-centro-de-vivencia-ilum-23-sul-foto\" rel=\"nofollow noopener\" target=\"_blank\"><img decoding=\"async\" alt=\"Centro de Viv\u00eancia ILUM \/ 23 SUL - Imagem 19 de 25\" data-nr-picture-id=\"6943ec16c3f4d50001276ee0\" height=\"427\" itemprop=\"image\" loading=\"lazy\" longdesc=\"https:\/\/www.archdaily.com.br\/br\/1037200\/centro-de-vivencia-ilum-23-sul\/6943ec16c3f4d50001276ee0-centro-de-vivencia-ilum-23-sul-foto\" src=\"https:\/\/www.europesays.com\/pt\/wp-content\/uploads\/2025\/12\/0403.23Sul.ILUM-PKOK3606.jpg\" width=\"640\"\/>\u00a9 Pedro Kok<\/a><script async src=\"https:\/\/platform.twitter.com\/widgets.js\" charset=\"utf-8\"><\/script><\/p>\n","protected":false},"excerpt":{"rendered":"\u00a9 Pedro Kok + 20 Compartilhar Compartilhar Facebook Twitter Mail Pinterest Whatsapp Ou https:\/\/www.archdaily.com.br\/br\/1037200\/centro-de-vivencia-ilum-23-sul \u00c1rea \u00c1rea deste projeto&hellip;\n","protected":false},"author":2,"featured_media":198888,"comment_status":"","ping_status":"","sticky":false,"template":"","format":"standard","meta":{"footnotes":""},"categories":[144],"tags":[304,13707,207,205,206,203,201,202,1259,204,114,115,25143,32,33],"class_list":{"0":"post-198887","1":"post","2":"type-post","3":"status-publish","4":"format-standard","5":"has-post-thumbnail","7":"category-arte-e-design","8":"tag-arquitetura","9":"tag-arquitetura-educacional","10":"tag-arte","11":"tag-arte-e-design","12":"tag-artedesign","13":"tag-arts","14":"tag-arts-and-design","15":"tag-artsanddesign","16":"tag-campinas","17":"tag-design","18":"tag-entertainment","19":"tag-entretenimento","20":"tag-outros-edificios","21":"tag-portugal","22":"tag-pt"},"share_on_mastodon":{"url":"https:\/\/pubeurope.com\/@pt\/115765048260531043","error":""},"_links":{"self":[{"href":"https:\/\/www.europesays.com\/pt\/wp-json\/wp\/v2\/posts\/198887","targetHints":{"allow":["GET"]}}],"collection":[{"href":"https:\/\/www.europesays.com\/pt\/wp-json\/wp\/v2\/posts"}],"about":[{"href":"https:\/\/www.europesays.com\/pt\/wp-json\/wp\/v2\/types\/post"}],"author":[{"embeddable":true,"href":"https:\/\/www.europesays.com\/pt\/wp-json\/wp\/v2\/users\/2"}],"replies":[{"embeddable":true,"href":"https:\/\/www.europesays.com\/pt\/wp-json\/wp\/v2\/comments?post=198887"}],"version-history":[{"count":0,"href":"https:\/\/www.europesays.com\/pt\/wp-json\/wp\/v2\/posts\/198887\/revisions"}],"wp:featuredmedia":[{"embeddable":true,"href":"https:\/\/www.europesays.com\/pt\/wp-json\/wp\/v2\/media\/198888"}],"wp:attachment":[{"href":"https:\/\/www.europesays.com\/pt\/wp-json\/wp\/v2\/media?parent=198887"}],"wp:term":[{"taxonomy":"category","embeddable":true,"href":"https:\/\/www.europesays.com\/pt\/wp-json\/wp\/v2\/categories?post=198887"},{"taxonomy":"post_tag","embeddable":true,"href":"https:\/\/www.europesays.com\/pt\/wp-json\/wp\/v2\/tags?post=198887"}],"curies":[{"name":"wp","href":"https:\/\/api.w.org\/{rel}","templated":true}]}}