{"id":198891,"date":"2025-12-22T20:18:11","date_gmt":"2025-12-22T20:18:11","guid":{"rendered":"https:\/\/www.europesays.com\/pt\/198891\/"},"modified":"2025-12-22T20:18:11","modified_gmt":"2025-12-22T20:18:11","slug":"rafinha-termina-a-carreira-aos-32-anos-foi-dificil-aceitar","status":"publish","type":"post","link":"https:\/\/www.europesays.com\/pt\/198891\/","title":{"rendered":"Rafinha termina a carreira aos 32 anos: \u00abFoi dif\u00edcil aceitar&#8230;\u00bb"},"content":{"rendered":"<p style=\"margin-bottom:11px\">Rafinha, irm\u00e3o de Thiago Alc\u00e2ntara, colocou, aos 32 anos, um ponto final na carreira. \u00abObrigado, futebol, por me fazeres quem sou. At\u00e9 sempre\u00bb, escreveu, nas redes sociais, na confirma\u00e7\u00e3o do adeus aos relvados.<\/p>\n<p>\u00abTomei a decis\u00e3o de me retirar. H\u00e1 pouco mais de um ano, sofri uma les\u00e3o no joelho que, infelizmente, me impede de voltar a competir ao mais alto n\u00edvel. Foi dif\u00edcil aceitar que n\u00e3o podia continuar. Obrigado \u00e0 minha fam\u00edlia por estar sempre presente e a todos pelo carinho e apoio\u00bb, acrescentou o internacional brasileiro.<\/p>\n<p>Formado em La Masia, Rafinha escalou at\u00e9 \u00e0 equipa principal do Barcelona, que representou em 90 ocasi\u00f5es. Jogou ainda no Inter, no Celta de Vigo, no PSG, na Real Sociedad e nos qataris do Al Arabi, onde terminou a carreira.<\/p>\n<p>Autor de mais 50 golos enquanto profissional, conquistou, entre outros trof\u00e9us, uma Liga dos Campe\u00f5es e tr\u00eas Ligas espanholas, pelo Barcelona, e uma Liga francesa, ao servi\u00e7o do PSG.<\/p>\n<p>A n\u00edvel internacional, ajudou a sele\u00e7\u00e3o ol\u00edmpica do Brasil a vencer as olimp\u00edadas do Rio de Janeiro, em 2016.<\/p>\n","protected":false},"excerpt":{"rendered":"Rafinha, irm\u00e3o de Thiago Alc\u00e2ntara, colocou, aos 32 anos, um ponto final na carreira. \u00abObrigado, futebol, por me&hellip;\n","protected":false},"author":2,"featured_media":198892,"comment_status":"","ping_status":"","sticky":false,"template":"","format":"standard","meta":{"footnotes":""},"categories":[87],"tags":[39640,1235,1760,135,3015,82,1356,46,32,1758,33,47,39638,6412,134,39639],"class_list":{"0":"post-198891","1":"post","2":"type-post","3":"status-publish","4":"format-standard","5":"has-post-thumbnail","7":"category-desporto","8":"tag-al-arabi","9":"tag-barcelona","10":"tag-celta-de-vigo","11":"tag-desporto","12":"tag-inter","13":"tag-internacional","14":"tag-mais-futebol","15":"tag-maisfutebol","16":"tag-portugal","17":"tag-psg","18":"tag-pt","19":"tag-pura-paixao","20":"tag-rafinha","21":"tag-real-sociedad","22":"tag-sports","23":"tag-thiago-alcantara"},"share_on_mastodon":{"url":"https:\/\/pubeurope.com\/@pt\/115765071464683627","error":""},"_links":{"self":[{"href":"https:\/\/www.europesays.com\/pt\/wp-json\/wp\/v2\/posts\/198891","targetHints":{"allow":["GET"]}}],"collection":[{"href":"https:\/\/www.europesays.com\/pt\/wp-json\/wp\/v2\/posts"}],"about":[{"href":"https:\/\/www.europesays.com\/pt\/wp-json\/wp\/v2\/types\/post"}],"author":[{"embeddable":true,"href":"https:\/\/www.europesays.com\/pt\/wp-json\/wp\/v2\/users\/2"}],"replies":[{"embeddable":true,"href":"https:\/\/www.europesays.com\/pt\/wp-json\/wp\/v2\/comments?post=198891"}],"version-history":[{"count":0,"href":"https:\/\/www.europesays.com\/pt\/wp-json\/wp\/v2\/posts\/198891\/revisions"}],"wp:featuredmedia":[{"embeddable":true,"href":"https:\/\/www.europesays.com\/pt\/wp-json\/wp\/v2\/media\/198892"}],"wp:attachment":[{"href":"https:\/\/www.europesays.com\/pt\/wp-json\/wp\/v2\/media?parent=198891"}],"wp:term":[{"taxonomy":"category","embeddable":true,"href":"https:\/\/www.europesays.com\/pt\/wp-json\/wp\/v2\/categories?post=198891"},{"taxonomy":"post_tag","embeddable":true,"href":"https:\/\/www.europesays.com\/pt\/wp-json\/wp\/v2\/tags?post=198891"}],"curies":[{"name":"wp","href":"https:\/\/api.w.org\/{rel}","templated":true}]}}