{"id":198898,"date":"2025-12-22T20:25:11","date_gmt":"2025-12-22T20:25:11","guid":{"rendered":"https:\/\/www.europesays.com\/pt\/198898\/"},"modified":"2025-12-22T20:25:11","modified_gmt":"2025-12-22T20:25:11","slug":"ar-chega-afasta-se-do-bangladesh-e-o-ps-de-israel-observador","status":"publish","type":"post","link":"https:\/\/www.europesays.com\/pt\/198898\/","title":{"rendered":"AR. Chega afasta-se do Bangladesh e o PS de Israel \u2013 Observador"},"content":{"rendered":"<p>S\u00e3o 66 os grupos parlamentares de amizade nesta legislatura (mais um se considerarmos o da UNESCO) e s\u00e3o v\u00e1rias as escolhas dos grupos parlamentares que permitem retirar uma leitura pol\u00edtica sobre as prioridades de cada grupo parlamentar nas rela\u00e7\u00f5es internacionais. O Chega ficou fora do grupo de amizade com o Bangladesh, o PS do deIsrael e o Livre lidera o da Palestina. J\u00e1 o PCP est\u00e1 presente no de Cuba e da Venezuela.<\/p>\n<p>Os grupos parlamentares de amizade s\u00e3o f\u00f3runs de coopera\u00e7\u00e3o entre o Parlamento portugu\u00eas e de Estados estrangeiros. O PSD \u00e9 o partido que lidera mais grupos, 27, seguido pelo PS e o Chega, com 18 cada um. Tamb\u00e9m a Iniciativa Liberal e o Livre ficaram com uma presid\u00eancia.<\/p>\n<p>Desde logo, na escolha da IL e do Livre h\u00e1 uma prioridade nas rela\u00e7\u00f5es internacionais. O deputado, e candidato presidencial, Jorge Pinto lidera o grupo de amizade com a Palestina, em que o PCP tem um vice-presidente e o CDS e o Chega n\u00e3o est\u00e3o representados.<\/p>\n<p>J\u00e1 a Iniciativa Liberal ficou com a lideran\u00e7a do grupo de amizade com a Irlanda, que \u00e9 sempre apontada como o exemplo liberal das pol\u00edticas fiscais. Neste caso, a presid\u00eancia ficou para o l\u00edder da bancada, M\u00e1rio Amorim Lopes. Mas, se a IL n\u00e3o conseguiu ficar com a lideran\u00e7a do grupo com a Argentina \u2014 que ficou para Rita Matias \u2013, a l\u00edder do partido Mariana Leit\u00e3o ficou como vice-presidente, podendo assim ter contacto com as pol\u00edticas de Javier Millei.<\/p>\n<p>O Chega, que lidera o grupo de amizade com a Hungria de Viktor Orb\u00e1n ou a It\u00e1lia de Georgia Meloni, escolheu ficar de fora do grupo com o Bangladesh, que \u00e9 liderado pelo deputado do PS, Davide Amado.<\/p>\n<p>J\u00e1 os socialistas ficaram \u00e0 margem do f\u00f3rum de amizade com Israel, que n\u00e3o tem qualquer partido de esquerda. J\u00e1 no grupo de amizade com a Ucr\u00e2nia, o PS est\u00e1 representado pelo pr\u00f3prio l\u00edder parlamentar,\u00a0Eurico Brilhante Dias. Entre os grupos parlamentares, nesse grupo com a Ucr\u00e2nia, fica apenas de fora o PCP.<\/p>\n<p>Os comunistas, para al\u00e9m da Palestina, t\u00eam uma vice-presid\u00eancia no grupo de amizade com Cuba \u2014 liderado pelo socialista Tiago Barbosa Ribeiro \u2013, e marcam ainda presen\u00e7a nos grupos da China e da Venezuela, ambos liderados pelo PSD.<\/p>\n<p>Entre os principais piv\u00f4s europeus e mundiais, o PSD ficou tamb\u00e9m com a maioria das lideran\u00e7as. Alexandre Po\u00e7o \u00e9 o presidente do grupo de amizade com os Estados Unidos da Am\u00e9rica, Carlos Alberto Gon\u00e7alves com Fran\u00e7a e Ant\u00f3nio Rodrigues com o Reino Unido. Pedro Delgado Alves, do PS, vai liderar o grupo de amizade com a Alemanha.<\/p>\n","protected":false},"excerpt":{"rendered":"S\u00e3o 66 os grupos parlamentares de amizade nesta legislatura (mais um se considerarmos o da UNESCO) e s\u00e3o&hellip;\n","protected":false},"author":2,"featured_media":198899,"comment_status":"","ping_status":"","sticky":false,"template":"","format":"standard","meta":{"footnotes":""},"categories":[8],"tags":[19766,27,28,15,16,14,25,26,21,22,12,13,19,20,4532,302,32,23,24,33,8271,17,18,29,30,31],"class_list":{"0":"post-198898","1":"post","2":"type-post","3":"status-publish","4":"format-standard","5":"has-post-thumbnail","7":"category-principais-noticias","8":"tag-assembleia-da-repu00fablica","9":"tag-breaking-news","10":"tag-breakingnews","11":"tag-featured-news","12":"tag-featurednews","13":"tag-headlines","14":"tag-latest-news","15":"tag-latestnews","16":"tag-main-news","17":"tag-mainnews","18":"tag-news","19":"tag-noticias","20":"tag-noticias-principais","21":"tag-noticiasprincipais","22":"tag-parlamento","23":"tag-polu00edtica","24":"tag-portugal","25":"tag-principais-noticias","26":"tag-principaisnoticias","27":"tag-pt","28":"tag-relau00e7u00f5es-internacionais","29":"tag-top-stories","30":"tag-topstories","31":"tag-ultimas","32":"tag-ultimas-noticias","33":"tag-ultimasnoticias"},"share_on_mastodon":{"url":"https:\/\/pubeurope.com\/@pt\/115765099436439270","error":""},"_links":{"self":[{"href":"https:\/\/www.europesays.com\/pt\/wp-json\/wp\/v2\/posts\/198898","targetHints":{"allow":["GET"]}}],"collection":[{"href":"https:\/\/www.europesays.com\/pt\/wp-json\/wp\/v2\/posts"}],"about":[{"href":"https:\/\/www.europesays.com\/pt\/wp-json\/wp\/v2\/types\/post"}],"author":[{"embeddable":true,"href":"https:\/\/www.europesays.com\/pt\/wp-json\/wp\/v2\/users\/2"}],"replies":[{"embeddable":true,"href":"https:\/\/www.europesays.com\/pt\/wp-json\/wp\/v2\/comments?post=198898"}],"version-history":[{"count":0,"href":"https:\/\/www.europesays.com\/pt\/wp-json\/wp\/v2\/posts\/198898\/revisions"}],"wp:featuredmedia":[{"embeddable":true,"href":"https:\/\/www.europesays.com\/pt\/wp-json\/wp\/v2\/media\/198899"}],"wp:attachment":[{"href":"https:\/\/www.europesays.com\/pt\/wp-json\/wp\/v2\/media?parent=198898"}],"wp:term":[{"taxonomy":"category","embeddable":true,"href":"https:\/\/www.europesays.com\/pt\/wp-json\/wp\/v2\/categories?post=198898"},{"taxonomy":"post_tag","embeddable":true,"href":"https:\/\/www.europesays.com\/pt\/wp-json\/wp\/v2\/tags?post=198898"}],"curies":[{"name":"wp","href":"https:\/\/api.w.org\/{rel}","templated":true}]}}