{"id":198900,"date":"2025-12-22T20:26:10","date_gmt":"2025-12-22T20:26:10","guid":{"rendered":"https:\/\/www.europesays.com\/pt\/198900\/"},"modified":"2025-12-22T20:26:10","modified_gmt":"2025-12-22T20:26:10","slug":"alianca-elogios-e-cobranca-marcam-encontro-de-duda-wendling-com-otavio-mesquita-r7-entretenimento","status":"publish","type":"post","link":"https:\/\/www.europesays.com\/pt\/198900\/","title":{"rendered":"Alian\u00e7a, elogios e cobran\u00e7a marcam encontro de Duda Wendling com Ot\u00e1vio Mesquita \u2013 R7 Entretenimento"},"content":{"rendered":"<p>LEIA AQUI O RESUMO DA NOT\u00cdCIA<\/p>\n<ul class=\"b-article-body-custom-embed-brief-news__list\" style=\"margin: 0; padding-left: 20px; list-style-type: disc;\">\n<li>Duda Wendling, vice-campe\u00e3 de A Fazenda 17, aparece usando alian\u00e7a em almo\u00e7o familiar.<\/li>\n<li>O sogro, Ot\u00e1vio Mesquita, elogia Duda e sugere planos futuros para o casal.<\/li>\n<li>Duda menciona que ainda est\u00e1 avaliando os rumos do relacionamento ap\u00f3s o confinamento.<\/li>\n<li>Ap\u00f3s uma confus\u00e3o em uma festa, Duda critica ataques machistas e desrespeitosos que tem enfrentado.<\/li>\n<\/ul>\n<p style=\"font-size: 0.8em; font-style: italic; text-align: right; margin-top: 15px; padding-bottom: 5px; margin-bottom: 0;\">Produzido pela Ri7a &#8211; a Intelig\u00eancia Artificial do R7<\/p>\n<p><img decoding=\"async\" data-chromatic=\"ignore\" alt=\"\" class=\"c-image\" loading=\"lazy\" src=\"https:\/\/www.europesays.com\/pt\/wp-content\/uploads\/2025\/12\/2K2A2UU2YRCFDP6FPILDTHOHKY.jpg\"  width=\"1216\" height=\"694\"\/>Duda Wendling em almo\u00e7o com o sogro, Ot\u00e1vio Mesquita Reprodu\u00e7\u00e3o\/Instagram\/otaviomesquita <\/p>\n<p class=\"jarvics:base-text-neutral-high-400 base-text-[calc(theme(fontSize.xs)_*_var(--font-size,_1))] base-font-normal base-font-primary base-text-neutral-low-500 base-text-left\">Ap\u00f3s deixar <a href=\"https:\/\/record.r7.com\/a-fazenda\/\" target=\"_blank\" rel=\"noreferrer nofollow noopener\" title=\"https:\/\/record.r7.com\/a-fazenda\/\">A Fazenda 17<\/a> como vice-campe\u00e3, <a href=\"https:\/\/record.r7.com\/a-fazenda\/a-fazenda-17\/conteudo-exclusivo\/selfie-service-live-do-eliminado\/video\/duda-comenta-relacionamento-com-mesquita-me-trata-que-nem-uma-rainha-live-dos-finalistas-19122025\/\" target=\"_blank\" rel=\"noreferrer nofollow noopener\" title=\"https:\/\/record.r7.com\/a-fazenda\/a-fazenda-17\/conteudo-exclusivo\/selfie-service-live-do-eliminado\/video\/duda-comenta-relacionamento-com-mesquita-me-trata-que-nem-uma-rainha-live-dos-finalistas-19122025\/\">Duda Wendling<\/a> voltou a chamar aten\u00e7\u00e3o ao aparecer usando alian\u00e7a durante um almo\u00e7o em fam\u00edlia no \u00faltimo domingo (21). <\/p>\n<p class=\"jarvics:base-text-neutral-high-400 base-text-[calc(theme(fontSize.xs)_*_var(--font-size,_1))] base-font-normal base-font-primary base-text-neutral-low-500 base-text-left\">O encontro reuniu a atriz de 19 anos, o namorado <a href=\"https:\/\/record.r7.com\/a-fazenda\/a-fazenda-17\/video\/melhores-momentos-confira-as-maiores-tretas-de-mesquita-em-a-fazenda-17-18122025\/\" target=\"_blank\" rel=\"noreferrer nofollow noopener\" title=\"https:\/\/record.r7.com\/a-fazenda\/a-fazenda-17\/video\/melhores-momentos-confira-as-maiores-tretas-de-mesquita-em-a-fazenda-17-18122025\/\">Luiz Ot\u00e1vio Mesquita<\/a> e o pai dele, Ot\u00e1vio Mesquita.<\/p>\n<p class=\"jarvics:base-text-neutral-high-400 base-text-[calc(theme(fontSize.xs)_*_var(--font-size,_1))] base-font-normal base-font-primary base-text-neutral-low-500 base-text-left\">No restaurante, o apresentador fez elogios \u00e0 jovem e afirmou aprovar o relacionamento. Em tom direto, Ot\u00e1vio ainda fez uma \u201ccobran\u00e7a\u201d ao casal, sugerindo planos futuros. \u201c\u00c9 a melhor namorada sua e eu vou adorar, porque ela vai ser a m\u00e3e do meu neto\u201d, disse, arrancando risadas do filho e da atriz.<\/p>\n<p class=\"jarvics:base-text-neutral-high-400 base-text-[calc(theme(fontSize.xs)_*_var(--font-size,_1))] base-font-normal base-font-primary base-text-neutral-low-500 base-text-left\">A apari\u00e7\u00e3o p\u00fablica ocorre dias depois de Duda declarar que ainda avaliava os rumos do romance ap\u00f3s o confinamento. Em entrevistas, ela afirmou que o reality imp\u00f5e din\u00e2micas diferentes e evitou cravar decis\u00f5es, apesar de confirmar que passaria o Natal ao lado de Luiz Ot\u00e1vio, com apoio da m\u00e3e.<\/p>\n<p class=\"jarvics:base-text-neutral-high-400 base-text-[calc(theme(fontSize.xs)_*_var(--font-size,_1))] base-font-normal base-font-primary base-text-neutral-low-500 base-text-left\">O p\u00f3s-programa tamb\u00e9m foi marcado por confus\u00e3o. Duda contou que deixou mais cedo uma festa promovida por Lucas Selfie ap\u00f3s uma briga envolvendo Matheus Martins. Em v\u00eddeo nas redes sociais, ela criticou o clima no evento e pediu imagens do desentendimento para expor a situa\u00e7\u00e3o.<\/p>\n<p class=\"jarvics:base-text-neutral-high-400 base-text-[calc(theme(fontSize.xs)_*_var(--font-size,_1))] base-font-normal base-font-primary base-text-neutral-low-500 base-text-left\">A repercuss\u00e3o do epis\u00f3dio se espalhou pelas redes, com internautas criticando os envolvidos e relembrando tens\u00f5es do confinamento. Duda, por sua vez, voltou a rebater ataques machistas sofridos durante o reality, dizendo n\u00e3o concordar com piadas sobre sua vida afetiva.<\/p>\n<p class=\"jarvics:base-text-neutral-high-400 base-text-[calc(theme(fontSize.xs)_*_var(--font-size,_1))] base-font-normal base-font-primary base-text-neutral-low-500 base-text-left\">A atriz tamb\u00e9m comentou declara\u00e7\u00f5es de Fabiano Moraes, pai de Viih Tube, que a teria chamado de \u201crodada\u201d. Segundo ela, o coment\u00e1rio foi desrespeitoso e pode resultar em medidas legais, decis\u00e3o que ainda ser\u00e1 discutida com os pais.<\/p>\n<p><video controls=\"\" class=\"video-js\" preload=\"metadata\" poster=\"https:\/\/d22yf0mxeu0gma.cloudfront.net\/12-20-2025\/t_b22462d301104ba7a4d8fa9fb1da97f3_name_file_960x540_1600_v4_.jpg\" title=\"Live dos Finalistas: Assista &#xE0; &#xED;ntegra do Selfie Service com Duda Wendling | A Fazenda 17\" data-sprite-url=\"\" data-metadata=\"{&quot;title&quot;:&quot;Live dos Finalistas: Assista &#xE0; &#xED;ntegra do Selfie Service com Duda Wendling | A Fazenda 17&quot;,&quot;sectionName&quot;:&quot;R7&quot;,&quot;mainSection&quot;:&quot;Famosos e TV&quot;,&quot;subSection&quot;:&quot;&quot;,&quot;views&quot;:&quot;&quot;,&quot;disableAdv&quot;:&quot;false&quot;,&quot;createdDate&quot;:&quot;2025-12-19T23:27:04Z&quot;,&quot;mainSectionUrl&quot;:&quot;https:\/\/record.r7.com\/a-fazenda\/a-fazenda-17\/conteudo-exclusivo\/selfie-service-live-do-eliminado\/video\/live-dos-finalistas-assista-a-integra-do-selfie-service-com-duda-wendling-a-fazenda-17-20122025\/&quot;,&quot;sectionPath&quot;:&quot;https:\/\/record.r7.com\/a-fazenda\/a-fazenda-17\/conteudo-exclusivo\/selfie-service-live-do-eliminado&quot;,&quot;ageRating&quot;:&quot;&quot;,&quot;ageRatingDescription&quot;:&quot;&quot;,&quot;duration&quot;:6559040,&quot;playerUrl&quot;:&quot;https:\/\/record.r7.com\/player\/13af3502-7ddd-4670-878e-23086194a0a2\/&quot;}\" data-player-params=\"{&quot;p&quot;:&quot;true&quot;,&quot;autoPlay&quot;:&quot;false&quot;,&quot;logo&quot;:&quot;true&quot;,&quot;playlistId&quot;:&quot;false&quot;,&quot;calhau&quot;:&quot;false&quot;,&quot;share&quot;:&quot;true&quot;,&quot;sz&quot;:&quot;false&quot;,&quot;full&quot;:&quot;true&quot;,&quot;customAdHash&quot;:&quot;\/7542\/R7entretenimento\/famosostv&quot;,&quot;referrerUrl&quot;:&quot;&quot;,&quot;externalLinks&quot;:&quot;true&quot;,&quot;debug&quot;:&quot;false&quot;,&quot;debugHash&quot;:&quot;false&quot;,&quot;debugRelated&quot;:&quot;false&quot;,&quot;timerRelated&quot;:&quot;true&quot;,&quot;logoRecord&quot;:&quot;false&quot;,&quot;contextModal&quot;:&quot;false&quot;,&quot;parentUrl&quot;:&quot;https:\/\/record.r7.com\/&quot;,&quot;t&quot;:&quot;0&quot;,&quot;noTitle&quot;:false,&quot;endBehavior&quot;:&quot;default&quot;}\" data-related-videos=\"[{&quot;title&quot;:&quot;Live do Campe&#xE3;o: Assista &#xE0; &#xED;ntegra do Selfie Service com Dudu Camargo | A Fazenda 17&quot;,&quot;thumb&quot;:&quot;https:\/\/d22yf0mxeu0gma.cloudfront.net\/12-20-2025\/t_845807df39ca4eafb43dd3640812ffb0_name_file_960x540_1600_v4_.jpg&quot;,&quot;url&quot;:&quot;https:\/\/record.r7.com\/a-fazenda\/a-fazenda-17\/conteudo-exclusivo\/selfie-service-live-do-eliminado\/video\/live-do-campeao-assista-a-integra-do-selfie-service-com-dudu-camargo-a-fazenda-17-20122025\/&quot;,&quot;embedUrl&quot;:&quot;https:\/\/record.r7.com\/player\/2a96b957-f563-4382-96b9-7c39fbf0f87f\/&quot;},{&quot;title&quot;:&quot;Live dos Finalistas: Assista &#xE0; &#xED;ntegra do Selfie Service com Fabiano e Saory | A Fazenda 17&quot;,&quot;thumb&quot;:&quot;https:\/\/d22yf0mxeu0gma.cloudfront.net\/12-20-2025\/t_00c959bc726f4ad59b16d845d8d19a41_name_file_960x540_1600_v4_.jpg&quot;,&quot;url&quot;:&quot;https:\/\/record.r7.com\/a-fazenda\/a-fazenda-17\/conteudo-exclusivo\/selfie-service-live-do-eliminado\/video\/live-dos-finalistas-assista-a-integra-do-selfie-service-com-fabiano-e-saory-a-fazenda-17-20122025\/&quot;,&quot;embedUrl&quot;:&quot;https:\/\/record.r7.com\/player\/10c95469-9aa5-475d-bd47-481586bb68bb\/&quot;},{&quot;title&quot;:&quot;Dudu fala sobre ci&#xFA;mes, declara&#xE7;&#xF5;es e planos com Saory: 'Ideia &#xE9; morar junto' | Live do Campe&#xE3;o&quot;,&quot;thumb&quot;:&quot;https:\/\/d22yf0mxeu0gma.cloudfront.net\/12-19-2025\/t_caf8349ce0f04a48ac0302aad91f9ed3_name_file_960x540_1600_v4_.jpg&quot;,&quot;url&quot;:&quot;https:\/\/record.r7.com\/a-fazenda\/a-fazenda-17\/conteudo-exclusivo\/selfie-service-live-do-eliminado\/video\/dudu-fala-sobre-ciumes-declaracoes-e-planos-com-saory-ideia-e-morar-junto-live-do-campeao-19122025\/&quot;,&quot;embedUrl&quot;:&quot;https:\/\/record.r7.com\/player\/54a20f9a-42ac-4451-b49c-22c6ae09df2a\/&quot;}]\" data-player-url=\"https:\/\/record.r7.com\/player\/13af3502-7ddd-4670-878e-23086194a0a2\/\" data-arc-video=\"\" data-arc-id=\"13af3502-7ddd-4670-878e-23086194a0a2\" data-short=\"false\" style=\"visibility:hidden\"><\/video><\/p>\n","protected":false},"excerpt":{"rendered":"LEIA AQUI O RESUMO DA NOT\u00cdCIA Duda Wendling, vice-campe\u00e3 de A Fazenda 17, aparece usando alian\u00e7a em almo\u00e7o&hellip;\n","protected":false},"author":2,"featured_media":198901,"comment_status":"","ping_status":"","sticky":false,"template":"","format":"standard","meta":{"footnotes":""},"categories":[145],"tags":[657,211,210,22553,114,115,32,33],"class_list":{"0":"post-198900","1":"post","2":"type-post","3":"status-publish","4":"format-standard","5":"has-post-thumbnail","7":"category-celebridades","8":"tag-a-fazenda","9":"tag-celebridades","10":"tag-celebrities","11":"tag-duda-wendling","12":"tag-entertainment","13":"tag-entretenimento","14":"tag-portugal","15":"tag-pt"},"share_on_mastodon":{"url":"https:\/\/pubeurope.com\/@pt\/115765107042586679","error":""},"_links":{"self":[{"href":"https:\/\/www.europesays.com\/pt\/wp-json\/wp\/v2\/posts\/198900","targetHints":{"allow":["GET"]}}],"collection":[{"href":"https:\/\/www.europesays.com\/pt\/wp-json\/wp\/v2\/posts"}],"about":[{"href":"https:\/\/www.europesays.com\/pt\/wp-json\/wp\/v2\/types\/post"}],"author":[{"embeddable":true,"href":"https:\/\/www.europesays.com\/pt\/wp-json\/wp\/v2\/users\/2"}],"replies":[{"embeddable":true,"href":"https:\/\/www.europesays.com\/pt\/wp-json\/wp\/v2\/comments?post=198900"}],"version-history":[{"count":0,"href":"https:\/\/www.europesays.com\/pt\/wp-json\/wp\/v2\/posts\/198900\/revisions"}],"wp:featuredmedia":[{"embeddable":true,"href":"https:\/\/www.europesays.com\/pt\/wp-json\/wp\/v2\/media\/198901"}],"wp:attachment":[{"href":"https:\/\/www.europesays.com\/pt\/wp-json\/wp\/v2\/media?parent=198900"}],"wp:term":[{"taxonomy":"category","embeddable":true,"href":"https:\/\/www.europesays.com\/pt\/wp-json\/wp\/v2\/categories?post=198900"},{"taxonomy":"post_tag","embeddable":true,"href":"https:\/\/www.europesays.com\/pt\/wp-json\/wp\/v2\/tags?post=198900"}],"curies":[{"name":"wp","href":"https:\/\/api.w.org\/{rel}","templated":true}]}}