{"id":198902,"date":"2025-12-22T20:27:57","date_gmt":"2025-12-22T20:27:57","guid":{"rendered":"https:\/\/www.europesays.com\/pt\/198902\/"},"modified":"2025-12-22T20:27:57","modified_gmt":"2025-12-22T20:27:57","slug":"as-100-melhores-casas-latino-americanas-de-2025","status":"publish","type":"post","link":"https:\/\/www.europesays.com\/pt\/198902\/","title":{"rendered":"As 100 melhores casas latino-americanas de 2025"},"content":{"rendered":"<p>]]]]]]]]>]]]]]]>]]]]>]]><a class=\"js-image-size__link \" href=\"https:\/\/www.archdaily.com.br\/br\/1037197\/as-100-melhores-casas-latino-americanas-de-2025\/694071560943f0461d85e010-the-100-best-latin-american-houses-of-2025-image\" rel=\"attachment nofollow noopener\" style=\"width: 100%; height: 100%;\" target=\"_blank\"><img decoding=\"async\" alt=\"As 100 melhores casas latino-americanas de 2025 - Imagem 1 de 102\" data-nr-picture-id=\"694071560943f0461d85e010\" fetchpriority=\"high\" height=\"426\" itemprop=\"image\" loading=\"eager\" longdesc=\"https:\/\/www.archdaily.com.br\/br\/1037197\/as-100-melhores-casas-latino-americanas-de-2025\/694071560943f0461d85e010-the-100-best-latin-american-houses-of-2025-image\" src=\"https:\/\/www.europesays.com\/pt\/wp-content\/uploads\/2025\/12\/the-50-best-latin-american-houses-of-2025_1.jpg\" style=\"min-height: var(--featured-height, auto); aspect-ratio: auto 640 \/ 426\" width=\"640\"\/><\/a>\u00a9 Alejandro Arango<\/p>\n<p>    Compartilhar<\/p>\n<p>Compartilhar<\/p>\n<ul class=\"afd-share__networks clearfix\">\n<li class=\"afd-share__social\"><a aria-label=\"Facebook\" class=\"afd-share__button\" data-insights-category=\"share\" data-insights-label=\"facebook_sharing_options\" data-insights-value=\"1037197\" data-social=\"facebook\" href=\"https:\/\/www.facebook.com\/sharer\/sharer.php?u=https:\/\/www.archdaily.com.br\/br\/1037197\/as-100-melhores-casas-latino-americanas-de-2025\" rel=\"nofollow noopener\" target=\"_blank\"><\/a>\n<p>Facebook<\/p>\n<\/li>\n<li class=\"afd-share__social\"><a aria-label=\"Twitter\" class=\"afd-share__button\" data-insights-category=\"share\" data-insights-label=\"twitter_sharing_options\" data-insights-value=\"1037197\" data-social=\"twitter\" href=\"https:\/\/twitter.com\/intent\/tweet?text=As%20100%20melhores%20casas%20latino-americanas%20de%202025&amp;url=https:\/\/www.archdaily.com.br\/br\/1037197\/as-100-melhores-casas-latino-americanas-de-2025&amp;via=archdailybr\" rel=\"nofollow noopener\" target=\"_blank\"><\/a>\n<p>Twitter<\/p>\n<\/li>\n<li class=\"afd-share__social\"><a class=\"afd-share__button\" data-insights-category=\"share\" data-insights-label=\"email_sharing_options\" data-insights-value=\"1037197\" data-social=\"email\" href=\"mailto:?subject=As 100 melhores casas latino-americanas de 2025&amp;body=https:\/\/www.archdaily.com.br\/br\/1037197\/as-100-melhores-casas-latino-americanas-de-2025\"><\/a>\n<p>Mail<\/p>\n<\/li>\n<li class=\"afd-share__social\"><a aria-label=\"Pinterest\" class=\"afd-share__button\" data-insights-category=\"share\" data-insights-label=\"pinterest_sharing_options\" data-insights-value=\"1037197\" data-social=\"pinterest\" href=\"https:\/\/pinterest.com\/pin\/create\/button\/?url=https%3A%2F%2Fwww.archdaily.com.br%2Fbr%2F1037197%2Fas-100-melhores-casas-latino-americanas-de-2025&amp;media=https%3A%2F%2Fimages.adsttc.com%2Fmedia%2Fimages%2F6940%2F7156%2F0943%2Ff046%2F1d85%2Fe010%2Flarge_jpg%2Fthe-50-best-latin-american-houses-of-2025_1.jpg%3F1765831011&amp;description=As%20100%20melhores%20casas%20latino-americanas%20de%202025\" rel=\"nofollow noopener\" target=\"_blank\"><\/a>\n<p>Pinterest<\/p>\n<\/li>\n<li class=\"afd-share__social\"><a aria-label=\"Whatsapp\" class=\"afd-share__button\" data-action=\"share\/whatsapp\/share\" data-insights-category=\"share\" data-insights-label=\"whatsapp_sharing_options\" data-insights-value=\"1037197\" data-social=\"whatsapp\" href=\"whatsapp:\/\/send?text=As+100+melhores+casas+latino-americanas+de+2025+%7C+https%3A%2F%2Fwww.archdaily.com.br%2Fbr%2F1037197%2Fas-100-melhores-casas-latino-americanas-de-2025%3Futm_source%3DWhatsapp%26utm_medium%3DIM%26utm_campaign%3Dshare-button\" rel=\"nofollow\"><\/a>\n<p>Whatsapp<\/p>\n<\/li>\n<\/ul>\n<p>Ou<\/p>\n<p>https:\/\/www.archdaily.com.br\/br\/1037197\/as-100-melhores-casas-latino-americanas-de-2025<\/p>\n<p>A cada ano, a <a href=\"https:\/\/www.archdaily.com\/1036342\/archdailys-best-architectural-projects-of-2025\" target=\"_blank\" rel=\"noopener nofollow\">equipe curatorial do ArchDaily analisa os projetos mais populares entre os nossos leitores<\/a>, identificando as tend\u00eancias arquitet\u00f4nicas e abordagens projetuais que mais despertaram o interesse da nossa audi\u00eancia ao longo do ano. Em nossos sites locais \u2013 <a href=\"https:\/\/www.archdaily.com.br\/br\" target=\"_blank\" rel=\"noopener nofollow\">ArchDaily Brasil<\/a> e <a href=\"https:\/\/www.archdaily.cl\/cl\" target=\"_blank\" rel=\"noopener nofollow\">ArchDaily en Espa\u00f1ol<\/a> \u2013 a arquitetura residencial continua a ser a categoria mais popular, com projetos constru\u00eddos na Am\u00e9rica Latina se destacando ano ap\u00f3s ano.<\/p>\n<p>A sele\u00e7\u00e3o deste ano das melhores casas latino-americanas re\u00fane tanto renova\u00e7\u00f5es quanto projetos constru\u00eddos do zero, abarcando reinterpreta\u00e7\u00f5es de t\u00e9cnicas construtivas locais e respostas arquitet\u00f4nicas inovadoras. As obras est\u00e3o situadas em uma ampla variedade de contextos, desde ambientes urbanos densos at\u00e9 paisagens rurais e litor\u00e2neas isoladas.<\/p>\n<p class=\"thumbs afd-desktop-e clearfix\"><a class=\"thumbs__link\" data-nr-picture-id=\"694071a64ec7392f13d3dbe8\" href=\"https:\/\/www.archdaily.com.br\/br\/1037197\/as-100-melhores-casas-latino-americanas-de-2025\/694071a64ec7392f13d3dbe8-the-100-best-latin-american-houses-of-2025-image\" rel=\"attachment nofollow noopener\" target=\"_blank\"><img loading=\"lazy\" decoding=\"async\" alt=\"As 100 melhores casas latino-americanas de 2025 - Imagem 2 de 102\" class=\"thumbs__img b-lazy\" data-nr-picture-id=\"694071a64ec7392f13d3dbe8\" data-pin-nopin=\"true\" src=\"https:\/\/www.europesays.com\/pt\/wp-content\/uploads\/2025\/12\/1766435234_325_the-50-best-latin-american-houses-of-2025_1.jpg\" height=\"125\" longdesc=\"https:\/\/www.archdaily.com.br\/br\/1037197\/as-100-melhores-casas-latino-americanas-de-2025\/694071a64ec7392f13d3dbe8-the-100-best-latin-american-houses-of-2025-image\" title=\"\u00a9 Pedro Kok\" width=\"125\"\/><\/a><a class=\"thumbs__link\" data-nr-picture-id=\"694071670943f0461d85e012\" href=\"https:\/\/www.archdaily.com.br\/br\/1037197\/as-100-melhores-casas-latino-americanas-de-2025\/694071670943f0461d85e012-the-100-best-latin-american-houses-of-2025-photo\" rel=\"attachment nofollow noopener\" target=\"_blank\"><img loading=\"lazy\" decoding=\"async\" alt=\"As 100 melhores casas latino-americanas de 2025 - Imagem 3 de 102\" class=\"thumbs__img b-lazy\" data-nr-picture-id=\"694071670943f0461d85e012\" data-pin-nopin=\"true\" src=\"https:\/\/www.europesays.com\/pt\/wp-content\/uploads\/2025\/12\/1766435235_742_the-50-best-latin-american-houses-of-2025_1.jpg\" height=\"125\" longdesc=\"https:\/\/www.archdaily.com.br\/br\/1037197\/as-100-melhores-casas-latino-americanas-de-2025\/694071670943f0461d85e012-the-100-best-latin-american-houses-of-2025-photo\" title=\"\u00a9 Fabian Martinez\" width=\"125\"\/><\/a><a class=\"thumbs__link\" data-nr-picture-id=\"694071944ec7392f13d3dbe6\" href=\"https:\/\/www.archdaily.com.br\/br\/1037197\/as-100-melhores-casas-latino-americanas-de-2025\/694071944ec7392f13d3dbe6-the-100-best-latin-american-houses-of-2025-image\" rel=\"attachment nofollow noopener\" target=\"_blank\"><img loading=\"lazy\" decoding=\"async\" alt=\"As 100 melhores casas latino-americanas de 2025 - Imagem 4 de 102\" class=\"thumbs__img b-lazy\" data-nr-picture-id=\"694071944ec7392f13d3dbe6\" data-pin-nopin=\"true\" src=\"https:\/\/www.europesays.com\/pt\/wp-content\/uploads\/2025\/12\/1766435235_161_the-50-best-latin-american-houses-of-2025_1.jpg\" height=\"125\" longdesc=\"https:\/\/www.archdaily.com.br\/br\/1037197\/as-100-melhores-casas-latino-americanas-de-2025\/694071944ec7392f13d3dbe6-the-100-best-latin-american-houses-of-2025-image\" title=\"\u00a9 BoysPlayNice\" width=\"125\"\/><\/a><a class=\"thumbs__link\" data-nr-picture-id=\"6940718b4ec7392f13d3dbe5\" href=\"https:\/\/www.archdaily.com.br\/br\/1037197\/as-100-melhores-casas-latino-americanas-de-2025\/6940718b4ec7392f13d3dbe5-the-100-best-latin-american-houses-of-2025-photo\" rel=\"attachment nofollow noopener\" target=\"_blank\"><img loading=\"lazy\" decoding=\"async\" alt=\"As 100 melhores casas latino-americanas de 2025 - Imagem 5 de 102\" class=\"thumbs__img b-lazy\" data-nr-picture-id=\"6940718b4ec7392f13d3dbe5\" data-pin-nopin=\"true\" src=\"https:\/\/www.europesays.com\/pt\/wp-content\/uploads\/2025\/12\/1766435235_444_the-50-best-latin-american-houses-of-2025_1.jpg\" height=\"125\" longdesc=\"https:\/\/www.archdaily.com.br\/br\/1037197\/as-100-melhores-casas-latino-americanas-de-2025\/6940718b4ec7392f13d3dbe5-the-100-best-latin-american-houses-of-2025-photo\" title=\"\u00a9 Jos\u00e9 Roz\u00f3n\" width=\"125\"\/><\/a><a class=\"gallery-link afd-desktop-e\" href=\"https:\/\/www.archdaily.com.br\/br\/1037197\/as-100-melhores-casas-latino-americanas-de-2025\/694071560943f0461d85e010-the-100-best-latin-american-houses-of-2025-image\" rel=\"nofollow noopener\" target=\"_blank\"><img decoding=\"async\" alt=\"As 100 melhores casas latino-americanas de 2025 - Mais Imagens\" class=\"thumbs__img b-lazy\" src=\"https:\/\/www.europesays.com\/pt\/wp-content\/uploads\/2025\/12\/the-50-best-latin-american-houses-of-2025_1.jpg\" itemprop=\"image\" bad-src=\"data:image\/gif;base64,R0lGODlhAQABAIAAAAUEBAAAACwAAAAAAQABAAACAkQBADs=\"\/>+ 97<\/a><\/p>\n<p>Esta sele\u00e7\u00e3o oferece uma leitura da arquitetura residencial contempor\u00e2nea na <a href=\"https:\/\/www.archdaily.com\/tag\/latin-american-architecture\" target=\"_blank\" rel=\"noopener nofollow\">Am\u00e9rica Latina<\/a>, onde geografias e condi\u00e7\u00f5es culturais diversas d\u00e3o origem a abordagens de design igualmente variadas. Muitos projetos demonstram um envolvimento deliberado com seus locais, integrando a gest\u00e3o da paisagem atrav\u00e9s de constru\u00e7\u00e3o de baixo impacto, reflorestamento e estrat\u00e9gias responsivas ao clima.<\/p>\n<p>Em toda a regi\u00e3o, arquitetos e arquitetas equilibram clareza material e honestidade construtiva com reinterpreta\u00e7\u00f5es criativas das tradi\u00e7\u00f5es construtivas locais, combinando materiais substanciais e sensorialmente ricos com detalhes cuidadosamente elaborados. A organiza\u00e7\u00e3o espacial enfatiza layouts compactos e eficientes, programas flex\u00edveis e espa\u00e7os de transi\u00e7\u00e3o entre interior e exterior, criando lares que promovem uma rela\u00e7\u00e3o pr\u00f3xima e \u00edntima com o entorno. Este conjunto de obras exemplifica a riqueza e a diversidade de abordagens que caracterizam a arquitetura residencial contempor\u00e2nea da Am\u00e9rica Latina.<\/p>\n<p>Confira a sele\u00e7\u00e3o das melhores casas latino-americanas deste ano abaixo:<\/p>\n<p><a class=\"js-image-size__link lazy-anchor\" href=\"https:\/\/www.archdaily.com.br\/br\/1037197\/as-100-melhores-casas-latino-americanas-de-2025\/694071a64ec7392f13d3dbe8-the-100-best-latin-american-houses-of-2025-image\" rel=\"nofollow noopener\" target=\"_blank\"><img decoding=\"async\" alt=\"As 100 melhores casas latino-americanas de 2025 - Imagem 2 de 102\" data-nr-picture-id=\"694071a64ec7392f13d3dbe8\" height=\"427\" itemprop=\"image\" loading=\"lazy\" longdesc=\"https:\/\/www.archdaily.com.br\/br\/1037197\/as-100-melhores-casas-latino-americanas-de-2025\/694071a64ec7392f13d3dbe8-the-100-best-latin-american-houses-of-2025-image\" src=\"https:\/\/www.europesays.com\/pt\/wp-content\/uploads\/2025\/12\/1766435236_645_the-50-best-latin-american-houses-of-2025_1.jpg\" width=\"640\"\/>\u00a9 Pedro Kok<\/a><a class=\"js-image-size__link lazy-anchor\" href=\"https:\/\/www.archdaily.com.br\/br\/1037197\/as-100-melhores-casas-latino-americanas-de-2025\/69429f265773f054d5eb54b3-the-100-best-latin-american-houses-of-2025-image\" rel=\"nofollow noopener\" target=\"_blank\"><img decoding=\"async\" alt=\"As 100 melhores casas latino-americanas de 2025 - Imagem 6 de 102\" data-nr-picture-id=\"69429f265773f054d5eb54b3\" height=\"427\" itemprop=\"image\" loading=\"lazy\" longdesc=\"https:\/\/www.archdaily.com.br\/br\/1037197\/as-100-melhores-casas-latino-americanas-de-2025\/69429f265773f054d5eb54b3-the-100-best-latin-american-houses-of-2025-image\" src=\"https:\/\/www.europesays.com\/pt\/wp-content\/uploads\/2025\/12\/the-100-best-latin-american-houses-of-2025_102.jpg\" width=\"640\"\/>\u00a9 Alejandro Arango<\/a><a class=\"js-image-size__link lazy-anchor\" href=\"https:\/\/www.archdaily.com.br\/br\/1037197\/as-100-melhores-casas-latino-americanas-de-2025\/6940715b0943f0461d85e011-the-100-best-latin-american-houses-of-2025-photo\" rel=\"nofollow noopener\" target=\"_blank\"><img decoding=\"async\" alt=\"As 100 melhores casas latino-americanas de 2025 - Imagem 7 de 102\" data-nr-picture-id=\"6940715b0943f0461d85e011\" height=\"427\" itemprop=\"image\" loading=\"lazy\" longdesc=\"https:\/\/www.archdaily.com.br\/br\/1037197\/as-100-melhores-casas-latino-americanas-de-2025\/6940715b0943f0461d85e011-the-100-best-latin-american-houses-of-2025-photo\" src=\"https:\/\/www.europesays.com\/pt\/wp-content\/uploads\/2025\/12\/1766435237_23_the-50-best-latin-american-houses-of-2025_1.jpg\" width=\"640\"\/>\u00a9 Bruto Studio<\/a><a class=\"js-image-size__link lazy-anchor\" href=\"https:\/\/www.archdaily.com.br\/br\/1037197\/as-100-melhores-casas-latino-americanas-de-2025\/694071670943f0461d85e012-the-100-best-latin-american-houses-of-2025-photo\" rel=\"nofollow noopener\" target=\"_blank\"><img decoding=\"async\" alt=\"As 100 melhores casas latino-americanas de 2025 - Imagem 3 de 102\" data-nr-picture-id=\"694071670943f0461d85e012\" height=\"427\" itemprop=\"image\" loading=\"lazy\" longdesc=\"https:\/\/www.archdaily.com.br\/br\/1037197\/as-100-melhores-casas-latino-americanas-de-2025\/694071670943f0461d85e012-the-100-best-latin-american-houses-of-2025-photo\" src=\"https:\/\/www.europesays.com\/pt\/wp-content\/uploads\/2025\/12\/1766435238_250_the-50-best-latin-american-houses-of-2025_1.jpg\" width=\"640\"\/>\u00a9 Fabian Martinez<\/a><a class=\"js-image-size__link lazy-anchor\" href=\"https:\/\/www.archdaily.com.br\/br\/1037197\/as-100-melhores-casas-latino-americanas-de-2025\/694071a50943f0461d85e014-the-100-best-latin-american-houses-of-2025-image\" rel=\"nofollow noopener\" target=\"_blank\"><img decoding=\"async\" alt=\"As 100 melhores casas latino-americanas de 2025 - Imagem 8 de 102\" data-nr-picture-id=\"694071a50943f0461d85e014\" height=\"427\" itemprop=\"image\" loading=\"lazy\" longdesc=\"https:\/\/www.archdaily.com.br\/br\/1037197\/as-100-melhores-casas-latino-americanas-de-2025\/694071a50943f0461d85e014-the-100-best-latin-american-houses-of-2025-image\" src=\"https:\/\/www.europesays.com\/pt\/wp-content\/uploads\/2025\/12\/the-50-best-latin-american-houses-of-2025_2.jpg\" width=\"640\"\/>\u00a9 Federico Cairoli<\/a><a class=\"js-image-size__link lazy-anchor\" href=\"https:\/\/www.archdaily.com.br\/br\/1037197\/as-100-melhores-casas-latino-americanas-de-2025\/694071a54ec7392f13d3dbe7-the-100-best-latin-american-houses-of-2025-image\" rel=\"nofollow noopener\" target=\"_blank\"><img decoding=\"async\" alt=\"As 100 melhores casas latino-americanas de 2025 - Imagem 9 de 102\" data-nr-picture-id=\"694071a54ec7392f13d3dbe7\" height=\"427\" itemprop=\"image\" loading=\"lazy\" longdesc=\"https:\/\/www.archdaily.com.br\/br\/1037197\/as-100-melhores-casas-latino-americanas-de-2025\/694071a54ec7392f13d3dbe7-the-100-best-latin-american-houses-of-2025-image\" src=\"https:\/\/www.europesays.com\/pt\/wp-content\/uploads\/2025\/12\/the-50-best-latin-american-houses-of-2025_3.jpg\" width=\"640\"\/>\u00a9 Federico Cairoli<\/a><a class=\"js-image-size__link lazy-anchor\" href=\"https:\/\/www.archdaily.com.br\/br\/1037197\/as-100-melhores-casas-latino-americanas-de-2025\/694071740943f0461d85e013-the-100-best-latin-american-houses-of-2025-photo\" rel=\"nofollow noopener\" target=\"_blank\"><img decoding=\"async\" alt=\"As 100 melhores casas latino-americanas de 2025 - Imagem 10 de 102\" data-nr-picture-id=\"694071740943f0461d85e013\" height=\"427\" itemprop=\"image\" loading=\"lazy\" longdesc=\"https:\/\/www.archdaily.com.br\/br\/1037197\/as-100-melhores-casas-latino-americanas-de-2025\/694071740943f0461d85e013-the-100-best-latin-american-houses-of-2025-photo\" src=\"https:\/\/www.europesays.com\/pt\/wp-content\/uploads\/2025\/12\/1766435239_514_the-50-best-latin-american-houses-of-2025_1.jpg\" width=\"640\"\/>\u00a9 Cesar Bejar Studio<\/a><a class=\"js-image-size__link lazy-anchor\" href=\"https:\/\/www.archdaily.com.br\/br\/1037197\/as-100-melhores-casas-latino-americanas-de-2025\/6940717e4ec7392f13d3dbe4-the-100-best-latin-american-houses-of-2025-image\" rel=\"nofollow noopener\" target=\"_blank\"><img decoding=\"async\" alt=\"As 100 melhores casas latino-americanas de 2025 - Imagem 11 de 102\" data-nr-picture-id=\"6940717e4ec7392f13d3dbe4\" height=\"427\" itemprop=\"image\" loading=\"lazy\" longdesc=\"https:\/\/www.archdaily.com.br\/br\/1037197\/as-100-melhores-casas-latino-americanas-de-2025\/6940717e4ec7392f13d3dbe4-the-100-best-latin-american-houses-of-2025-image\" src=\"https:\/\/www.europesays.com\/pt\/wp-content\/uploads\/2025\/12\/1766435239_671_the-50-best-latin-american-houses-of-2025_1.jpg\" width=\"640\"\/>\u00a9 JAG Studio<\/a><a class=\"js-image-size__link lazy-anchor\" href=\"https:\/\/www.archdaily.com.br\/br\/1037197\/as-100-melhores-casas-latino-americanas-de-2025\/6940718b4ec7392f13d3dbe5-the-100-best-latin-american-houses-of-2025-photo\" rel=\"nofollow noopener\" target=\"_blank\"><img decoding=\"async\" alt=\"As 100 melhores casas latino-americanas de 2025 - Imagem 5 de 102\" data-nr-picture-id=\"6940718b4ec7392f13d3dbe5\" height=\"427\" itemprop=\"image\" loading=\"lazy\" longdesc=\"https:\/\/www.archdaily.com.br\/br\/1037197\/as-100-melhores-casas-latino-americanas-de-2025\/6940718b4ec7392f13d3dbe5-the-100-best-latin-american-houses-of-2025-photo\" src=\"https:\/\/www.europesays.com\/pt\/wp-content\/uploads\/2025\/12\/1766435240_871_the-50-best-latin-american-houses-of-2025_1.jpg\" width=\"640\"\/>\u00a9 Jos\u00e9 Roz\u00f3n<\/a><a class=\"js-image-size__link lazy-anchor\" href=\"https:\/\/www.archdaily.com.br\/br\/1037197\/as-100-melhores-casas-latino-americanas-de-2025\/694071944ec7392f13d3dbe6-the-100-best-latin-american-houses-of-2025-image\" rel=\"nofollow noopener\" target=\"_blank\"><img decoding=\"async\" alt=\"As 100 melhores casas latino-americanas de 2025 - Imagem 4 de 102\" data-nr-picture-id=\"694071944ec7392f13d3dbe6\" height=\"427\" itemprop=\"image\" loading=\"lazy\" longdesc=\"https:\/\/www.archdaily.com.br\/br\/1037197\/as-100-melhores-casas-latino-americanas-de-2025\/694071944ec7392f13d3dbe6-the-100-best-latin-american-houses-of-2025-image\" src=\"https:\/\/www.europesays.com\/pt\/wp-content\/uploads\/2025\/12\/1766435241_241_the-50-best-latin-american-houses-of-2025_1.jpg\" width=\"640\"\/>\u00a9 BoysPlayNice<\/a><a class=\"js-image-size__link lazy-anchor\" href=\"https:\/\/www.archdaily.com.br\/br\/1037197\/as-100-melhores-casas-latino-americanas-de-2025\/694073b70943f0461d85e01b-the-100-best-latin-american-houses-of-2025-photo\" rel=\"nofollow noopener\" target=\"_blank\"><img decoding=\"async\" alt=\"As 100 melhores casas latino-americanas de 2025 - Imagem 12 de 102\" data-nr-picture-id=\"694073b70943f0461d85e01b\" height=\"427\" itemprop=\"image\" loading=\"lazy\" longdesc=\"https:\/\/www.archdaily.com.br\/br\/1037197\/as-100-melhores-casas-latino-americanas-de-2025\/694073b70943f0461d85e01b-the-100-best-latin-american-houses-of-2025-photo\" src=\"https:\/\/www.europesays.com\/pt\/wp-content\/uploads\/2025\/12\/the-50-best-latin-american-houses-of-2025_11.jpg\" width=\"640\"\/>\u00a9 Filippo Bamberghi<\/a><a class=\"js-image-size__link lazy-anchor\" href=\"https:\/\/www.archdaily.com.br\/br\/1037197\/as-100-melhores-casas-latino-americanas-de-2025\/694073bb4ec7392f13d3dbed-the-100-best-latin-american-houses-of-2025-image\" rel=\"nofollow noopener\" target=\"_blank\"><img decoding=\"async\" alt=\"As 100 melhores casas latino-americanas de 2025 - Imagem 13 de 102\" data-nr-picture-id=\"694073bb4ec7392f13d3dbed\" height=\"427\" itemprop=\"image\" loading=\"lazy\" longdesc=\"https:\/\/www.archdaily.com.br\/br\/1037197\/as-100-melhores-casas-latino-americanas-de-2025\/694073bb4ec7392f13d3dbed-the-100-best-latin-american-houses-of-2025-image\" src=\"https:\/\/www.europesays.com\/pt\/wp-content\/uploads\/2025\/12\/1766435242_459_the-50-best-latin-american-houses-of-2025_11.jpg\" width=\"640\"\/>\u00a9 Joana Fran\u00e7a<\/a><a class=\"js-image-size__link lazy-anchor\" href=\"https:\/\/www.archdaily.com.br\/br\/1037197\/as-100-melhores-casas-latino-americanas-de-2025\/694073d4241af201886854d2-the-100-best-latin-american-houses-of-2025-photo\" rel=\"nofollow noopener\" target=\"_blank\"><img decoding=\"async\" alt=\"As 100 melhores casas latino-americanas de 2025 - Imagem 14 de 102\" data-nr-picture-id=\"694073d4241af201886854d2\" height=\"427\" itemprop=\"image\" loading=\"lazy\" longdesc=\"https:\/\/www.archdaily.com.br\/br\/1037197\/as-100-melhores-casas-latino-americanas-de-2025\/694073d4241af201886854d2-the-100-best-latin-american-houses-of-2025-photo\" src=\"https:\/\/www.europesays.com\/pt\/wp-content\/uploads\/2025\/12\/1766435243_855_the-50-best-latin-american-houses-of-2025_11.jpg\" width=\"640\"\/>\u00a9 Hugo Tirso Dom\u00ednguez<\/a><a class=\"js-image-size__link lazy-anchor\" href=\"https:\/\/www.archdaily.com.br\/br\/1037197\/as-100-melhores-casas-latino-americanas-de-2025\/694073dc0943f0461d85e01c-the-100-best-latin-american-houses-of-2025-photo\" rel=\"nofollow noopener\" target=\"_blank\"><img decoding=\"async\" alt=\"As 100 melhores casas latino-americanas de 2025 - Imagem 15 de 102\" data-nr-picture-id=\"694073dc0943f0461d85e01c\" height=\"427\" itemprop=\"image\" loading=\"lazy\" longdesc=\"https:\/\/www.archdaily.com.br\/br\/1037197\/as-100-melhores-casas-latino-americanas-de-2025\/694073dc0943f0461d85e01c-the-100-best-latin-american-houses-of-2025-photo\" src=\"https:\/\/www.europesays.com\/pt\/wp-content\/uploads\/2025\/12\/1766435243_975_the-50-best-latin-american-houses-of-2025_11.jpg\" width=\"640\"\/>\u00a9 Juan Muller<\/a><a class=\"js-image-size__link lazy-anchor\" href=\"https:\/\/www.archdaily.com.br\/br\/1037197\/as-100-melhores-casas-latino-americanas-de-2025\/694073ee4ec7392f13d3dbee-the-100-best-latin-american-houses-of-2025-image\" rel=\"nofollow noopener\" target=\"_blank\"><img decoding=\"async\" alt=\"As 100 melhores casas latino-americanas de 2025 - Imagem 16 de 102\" data-nr-picture-id=\"694073ee4ec7392f13d3dbee\" height=\"427\" itemprop=\"image\" loading=\"lazy\" longdesc=\"https:\/\/www.archdaily.com.br\/br\/1037197\/as-100-melhores-casas-latino-americanas-de-2025\/694073ee4ec7392f13d3dbee-the-100-best-latin-american-houses-of-2025-image\" src=\"https:\/\/www.europesays.com\/pt\/wp-content\/uploads\/2025\/12\/1766435244_606_the-50-best-latin-american-houses-of-2025_11.jpg\" width=\"640\"\/>\u00a9 Marcos Zegers<\/a><a class=\"js-image-size__link lazy-anchor\" href=\"https:\/\/www.archdaily.com.br\/br\/1037197\/as-100-melhores-casas-latino-americanas-de-2025\/694073f3241af201886854d3-the-100-best-latin-american-houses-of-2025-photo\" rel=\"nofollow noopener\" target=\"_blank\"><img decoding=\"async\" alt=\"As 100 melhores casas latino-americanas de 2025 - Imagem 17 de 102\" data-nr-picture-id=\"694073f3241af201886854d3\" height=\"427\" itemprop=\"image\" loading=\"lazy\" longdesc=\"https:\/\/www.archdaily.com.br\/br\/1037197\/as-100-melhores-casas-latino-americanas-de-2025\/694073f3241af201886854d3-the-100-best-latin-american-houses-of-2025-photo\" src=\"https:\/\/www.europesays.com\/pt\/wp-content\/uploads\/2025\/12\/1766435244_349_the-50-best-latin-american-houses-of-2025_11.jpg\" width=\"640\"\/>\u00a9 Isabel Delgado<\/a><a class=\"js-image-size__link lazy-anchor\" href=\"https:\/\/www.archdaily.com.br\/br\/1037197\/as-100-melhores-casas-latino-americanas-de-2025\/694073ff0943f0461d85e01d-the-100-best-latin-american-houses-of-2025-image\" rel=\"nofollow noopener\" target=\"_blank\"><img decoding=\"async\" alt=\"As 100 melhores casas latino-americanas de 2025 - Imagem 18 de 102\" data-nr-picture-id=\"694073ff0943f0461d85e01d\" height=\"427\" itemprop=\"image\" loading=\"lazy\" longdesc=\"https:\/\/www.archdaily.com.br\/br\/1037197\/as-100-melhores-casas-latino-americanas-de-2025\/694073ff0943f0461d85e01d-the-100-best-latin-american-houses-of-2025-image\" src=\"https:\/\/www.europesays.com\/pt\/wp-content\/uploads\/2025\/12\/1766435244_477_the-50-best-latin-american-houses-of-2025_11.jpg\" width=\"640\"\/>\u00a9 JAG Studio<\/a><a class=\"js-image-size__link lazy-anchor\" href=\"https:\/\/www.archdaily.com.br\/br\/1037197\/as-100-melhores-casas-latino-americanas-de-2025\/694074074ec7392f13d3dbf0-the-100-best-latin-american-houses-of-2025-image\" rel=\"nofollow noopener\" target=\"_blank\"><img decoding=\"async\" alt=\"As 100 melhores casas latino-americanas de 2025 - Imagem 19 de 102\" data-nr-picture-id=\"694074074ec7392f13d3dbf0\" height=\"427\" itemprop=\"image\" loading=\"lazy\" longdesc=\"https:\/\/www.archdaily.com.br\/br\/1037197\/as-100-melhores-casas-latino-americanas-de-2025\/694074074ec7392f13d3dbf0-the-100-best-latin-american-houses-of-2025-image\" src=\"https:\/\/www.europesays.com\/pt\/wp-content\/uploads\/2025\/12\/1766435245_788_the-50-best-latin-american-houses-of-2025_11.jpg\" width=\"640\"\/>\u00a9 Manuel S\u00e1<\/a><a class=\"js-image-size__link lazy-anchor\" href=\"https:\/\/www.archdaily.com.br\/br\/1037197\/as-100-melhores-casas-latino-americanas-de-2025\/69407415241af201886854d6-the-100-best-latin-american-houses-of-2025-photo\" rel=\"nofollow noopener\" target=\"_blank\"><img decoding=\"async\" alt=\"As 100 melhores casas latino-americanas de 2025 - Imagem 20 de 102\" data-nr-picture-id=\"69407415241af201886854d6\" height=\"427\" itemprop=\"image\" loading=\"lazy\" longdesc=\"https:\/\/www.archdaily.com.br\/br\/1037197\/as-100-melhores-casas-latino-americanas-de-2025\/69407415241af201886854d6-the-100-best-latin-american-houses-of-2025-photo\" src=\"https:\/\/www.europesays.com\/pt\/wp-content\/uploads\/2025\/12\/1766435245_152_the-50-best-latin-american-houses-of-2025_11.jpg\" width=\"640\"\/>\u00a9 Luis Barandiaran<\/a><a class=\"js-image-size__link lazy-anchor\" href=\"https:\/\/www.archdaily.com.br\/br\/1037197\/as-100-melhores-casas-latino-americanas-de-2025\/6940741d0943f0461d85e01f-the-100-best-latin-american-houses-of-2025-image\" rel=\"nofollow noopener\" target=\"_blank\"><img decoding=\"async\" alt=\"As 100 melhores casas latino-americanas de 2025 - Imagem 21 de 102\" data-nr-picture-id=\"6940741d0943f0461d85e01f\" height=\"427\" itemprop=\"image\" loading=\"lazy\" longdesc=\"https:\/\/www.archdaily.com.br\/br\/1037197\/as-100-melhores-casas-latino-americanas-de-2025\/6940741d0943f0461d85e01f-the-100-best-latin-american-houses-of-2025-image\" src=\"https:\/\/www.europesays.com\/pt\/wp-content\/uploads\/2025\/12\/1766435245_301_the-50-best-latin-american-houses-of-2025_11.jpg\" width=\"640\"\/>\u00a9 Marcos Guiponi<\/a><a class=\"js-image-size__link lazy-anchor\" href=\"https:\/\/www.archdaily.com.br\/br\/1037197\/as-100-melhores-casas-latino-americanas-de-2025\/69409fa84ec7392f13d3dc8a-the-100-best-latin-american-houses-of-2025-image\" rel=\"nofollow noopener\" target=\"_blank\"><img decoding=\"async\" alt=\"As 100 melhores casas latino-americanas de 2025 - Imagem 22 de 102\" data-nr-picture-id=\"69409fa84ec7392f13d3dc8a\" height=\"427\" itemprop=\"image\" loading=\"lazy\" longdesc=\"https:\/\/www.archdaily.com.br\/br\/1037197\/as-100-melhores-casas-latino-americanas-de-2025\/69409fa84ec7392f13d3dc8a-the-100-best-latin-american-houses-of-2025-image\" src=\"https:\/\/www.europesays.com\/pt\/wp-content\/uploads\/2025\/12\/the-50-best-latin-american-houses-of-2025_21.jpg\" width=\"640\"\/>\u00a9 Ariadna Polo<\/a><a class=\"js-image-size__link lazy-anchor\" href=\"https:\/\/www.archdaily.com.br\/br\/1037197\/as-100-melhores-casas-latino-americanas-de-2025\/6940a0190943f0461d85e098-the-100-best-latin-american-houses-of-2025-photo\" rel=\"nofollow noopener\" target=\"_blank\"><img decoding=\"async\" alt=\"As 100 melhores casas latino-americanas de 2025 - Imagem 23 de 102\" data-nr-picture-id=\"6940a0190943f0461d85e098\" height=\"427\" itemprop=\"image\" loading=\"lazy\" longdesc=\"https:\/\/www.archdaily.com.br\/br\/1037197\/as-100-melhores-casas-latino-americanas-de-2025\/6940a0190943f0461d85e098-the-100-best-latin-american-houses-of-2025-photo\" src=\"https:\/\/www.europesays.com\/pt\/wp-content\/uploads\/2025\/12\/1766435247_433_the-50-best-latin-american-houses-of-2025_21.jpg\" width=\"640\"\/>\u00a9 Arthur Duarte<\/a><a class=\"js-image-size__link lazy-anchor\" href=\"https:\/\/www.archdaily.com.br\/br\/1037197\/as-100-melhores-casas-latino-americanas-de-2025\/6940a0014ec7392f13d3dc8c-the-100-best-latin-american-houses-of-2025-photo\" rel=\"nofollow noopener\" target=\"_blank\"><img decoding=\"async\" alt=\"As 100 melhores casas latino-americanas de 2025 - Imagem 24 de 102\" data-nr-picture-id=\"6940a0014ec7392f13d3dc8c\" height=\"427\" itemprop=\"image\" loading=\"lazy\" longdesc=\"https:\/\/www.archdaily.com.br\/br\/1037197\/as-100-melhores-casas-latino-americanas-de-2025\/6940a0014ec7392f13d3dc8c-the-100-best-latin-american-houses-of-2025-photo\" src=\"https:\/\/www.europesays.com\/pt\/wp-content\/uploads\/2025\/12\/1766435247_6_the-50-best-latin-american-houses-of-2025_21.jpg\" width=\"640\"\/>\u00a9 Pablo Casals Aguirre<\/a><a class=\"js-image-size__link lazy-anchor\" href=\"https:\/\/www.archdaily.com.br\/br\/1037197\/as-100-melhores-casas-latino-americanas-de-2025\/69409fe24ec7392f13d3dc8b-the-100-best-latin-american-houses-of-2025-image\" rel=\"nofollow noopener\" target=\"_blank\"><img decoding=\"async\" alt=\"As 100 melhores casas latino-americanas de 2025 - Imagem 25 de 102\" data-nr-picture-id=\"69409fe24ec7392f13d3dc8b\" height=\"427\" itemprop=\"image\" loading=\"lazy\" longdesc=\"https:\/\/www.archdaily.com.br\/br\/1037197\/as-100-melhores-casas-latino-americanas-de-2025\/69409fe24ec7392f13d3dc8b-the-100-best-latin-american-houses-of-2025-image\" src=\"https:\/\/www.europesays.com\/pt\/wp-content\/uploads\/2025\/12\/1766435248_549_the-50-best-latin-american-houses-of-2025_21.jpg\" width=\"640\"\/>\u00a9 Federico Cairoli<\/a><a class=\"js-image-size__link lazy-anchor\" href=\"https:\/\/www.archdaily.com.br\/br\/1037197\/as-100-melhores-casas-latino-americanas-de-2025\/69409fce241af20188685536-the-100-best-latin-american-houses-of-2025-image\" rel=\"nofollow noopener\" target=\"_blank\"><img decoding=\"async\" alt=\"As 100 melhores casas latino-americanas de 2025 - Imagem 26 de 102\" data-nr-picture-id=\"69409fce241af20188685536\" height=\"427\" itemprop=\"image\" loading=\"lazy\" longdesc=\"https:\/\/www.archdaily.com.br\/br\/1037197\/as-100-melhores-casas-latino-americanas-de-2025\/69409fce241af20188685536-the-100-best-latin-american-houses-of-2025-image\" src=\"https:\/\/www.europesays.com\/pt\/wp-content\/uploads\/2025\/12\/1766435248_180_the-50-best-latin-american-houses-of-2025_21.jpg\" width=\"640\"\/>\u00a9 Pedro Kok<\/a><a class=\"js-image-size__link lazy-anchor\" href=\"https:\/\/www.archdaily.com.br\/br\/1037197\/as-100-melhores-casas-latino-americanas-de-2025\/69409fbd0943f0461d85e097-the-100-best-latin-american-houses-of-2025-image\" rel=\"nofollow noopener\" target=\"_blank\"><img decoding=\"async\" alt=\"As 100 melhores casas latino-americanas de 2025 - Imagem 27 de 102\" data-nr-picture-id=\"69409fbd0943f0461d85e097\" height=\"427\" itemprop=\"image\" loading=\"lazy\" longdesc=\"https:\/\/www.archdaily.com.br\/br\/1037197\/as-100-melhores-casas-latino-americanas-de-2025\/69409fbd0943f0461d85e097-the-100-best-latin-american-houses-of-2025-image\" src=\"https:\/\/www.europesays.com\/pt\/wp-content\/uploads\/2025\/12\/1766435249_852_the-50-best-latin-american-houses-of-2025_21.jpg\" width=\"640\"\/>\u00a9 Marcos Zegers<\/a><a class=\"js-image-size__link lazy-anchor\" href=\"https:\/\/www.archdaily.com.br\/br\/1037197\/as-100-melhores-casas-latino-americanas-de-2025\/69409f90241af20188685535-the-100-best-latin-american-houses-of-2025-image\" rel=\"nofollow noopener\" target=\"_blank\"><img decoding=\"async\" alt=\"As 100 melhores casas latino-americanas de 2025 - Imagem 28 de 102\" data-nr-picture-id=\"69409f90241af20188685535\" height=\"427\" itemprop=\"image\" loading=\"lazy\" longdesc=\"https:\/\/www.archdaily.com.br\/br\/1037197\/as-100-melhores-casas-latino-americanas-de-2025\/69409f90241af20188685535-the-100-best-latin-american-houses-of-2025-image\" src=\"https:\/\/www.europesays.com\/pt\/wp-content\/uploads\/2025\/12\/1766435249_779_the-50-best-latin-american-houses-of-2025_21.jpg\" width=\"640\"\/>\u00a9 Javier Agust\u00edn Rojas<\/a><a class=\"js-image-size__link lazy-anchor\" href=\"https:\/\/www.archdaily.com.br\/br\/1037197\/as-100-melhores-casas-latino-americanas-de-2025\/6940a04b4ec7392f13d3dc8d-the-100-best-latin-american-houses-of-2025-photo\" rel=\"nofollow noopener\" target=\"_blank\"><img decoding=\"async\" alt=\"As 100 melhores casas latino-americanas de 2025 - Imagem 29 de 102\" data-nr-picture-id=\"6940a04b4ec7392f13d3dc8d\" height=\"427\" itemprop=\"image\" loading=\"lazy\" longdesc=\"https:\/\/www.archdaily.com.br\/br\/1037197\/as-100-melhores-casas-latino-americanas-de-2025\/6940a04b4ec7392f13d3dc8d-the-100-best-latin-american-houses-of-2025-photo\" src=\"https:\/\/www.europesays.com\/pt\/wp-content\/uploads\/2025\/12\/1766435249_460_the-50-best-latin-american-houses-of-2025_21.jpg\" width=\"640\"\/>\u00a9 Mateo Soto<\/a><a class=\"js-image-size__link lazy-anchor\" href=\"https:\/\/www.archdaily.com.br\/br\/1037197\/as-100-melhores-casas-latino-americanas-de-2025\/6940a040241af20188685538-the-100-best-latin-american-houses-of-2025-image\" rel=\"nofollow noopener\" target=\"_blank\"><img decoding=\"async\" alt=\"As 100 melhores casas latino-americanas de 2025 - Imagem 30 de 102\" data-nr-picture-id=\"6940a040241af20188685538\" height=\"427\" itemprop=\"image\" loading=\"lazy\" longdesc=\"https:\/\/www.archdaily.com.br\/br\/1037197\/as-100-melhores-casas-latino-americanas-de-2025\/6940a040241af20188685538-the-100-best-latin-american-houses-of-2025-image\" src=\"https:\/\/www.europesays.com\/pt\/wp-content\/uploads\/2025\/12\/1766435250_486_the-50-best-latin-american-houses-of-2025_21.jpg\" width=\"640\"\/>\u00a9 Pedro Napolitano Prata<\/a><a class=\"js-image-size__link lazy-anchor\" href=\"https:\/\/www.archdaily.com.br\/br\/1037197\/as-100-melhores-casas-latino-americanas-de-2025\/6940a02b241af20188685537-the-100-best-latin-american-houses-of-2025-image\" rel=\"nofollow noopener\" target=\"_blank\"><img decoding=\"async\" alt=\"As 100 melhores casas latino-americanas de 2025 - Imagem 31 de 102\" data-nr-picture-id=\"6940a02b241af20188685537\" height=\"427\" itemprop=\"image\" loading=\"lazy\" longdesc=\"https:\/\/www.archdaily.com.br\/br\/1037197\/as-100-melhores-casas-latino-americanas-de-2025\/6940a02b241af20188685537-the-100-best-latin-american-houses-of-2025-image\" src=\"https:\/\/www.europesays.com\/pt\/wp-content\/uploads\/2025\/12\/1766435250_526_the-50-best-latin-american-houses-of-2025_21.jpg\" width=\"640\"\/>\u00a9 Nico Saieh<\/a><a class=\"js-image-size__link lazy-anchor\" href=\"https:\/\/www.archdaily.com.br\/br\/1037197\/as-100-melhores-casas-latino-americanas-de-2025\/6940a4224ec7392f13d3dc93-the-100-best-latin-american-houses-of-2025-photo\" rel=\"nofollow noopener\" target=\"_blank\"><img decoding=\"async\" alt=\"As 100 melhores casas latino-americanas de 2025 - Imagem 41 de 102\" data-nr-picture-id=\"6940a4224ec7392f13d3dc93\" height=\"427\" itemprop=\"image\" loading=\"lazy\" longdesc=\"https:\/\/www.archdaily.com.br\/br\/1037197\/as-100-melhores-casas-latino-americanas-de-2025\/6940a4224ec7392f13d3dc93-the-100-best-latin-american-houses-of-2025-photo\" src=\"https:\/\/www.europesays.com\/pt\/wp-content\/uploads\/2025\/12\/the-50-best-latin-american-houses-of-2025_31.jpg\" width=\"640\"\/>\u00a9 Aldo Lanzi<\/a><a class=\"js-image-size__link lazy-anchor\" href=\"https:\/\/www.archdaily.com.br\/br\/1037197\/as-100-melhores-casas-latino-americanas-de-2025\/6940a41a241af2018868553e-the-100-best-latin-american-houses-of-2025-image\" rel=\"nofollow noopener\" target=\"_blank\"><img decoding=\"async\" alt=\"As 100 melhores casas latino-americanas de 2025 - Imagem 40 de 102\" data-nr-picture-id=\"6940a41a241af2018868553e\" height=\"427\" itemprop=\"image\" loading=\"lazy\" longdesc=\"https:\/\/www.archdaily.com.br\/br\/1037197\/as-100-melhores-casas-latino-americanas-de-2025\/6940a41a241af2018868553e-the-100-best-latin-american-houses-of-2025-image\" src=\"https:\/\/www.europesays.com\/pt\/wp-content\/uploads\/2025\/12\/1766435251_861_the-50-best-latin-american-houses-of-2025_31.jpg\" width=\"640\"\/>\u00a9 JAG Studio<\/a><a class=\"js-image-size__link lazy-anchor\" href=\"https:\/\/www.archdaily.com.br\/br\/1037197\/as-100-melhores-casas-latino-americanas-de-2025\/6940a40c0943f011652447fe-the-100-best-latin-american-houses-of-2025-photo\" rel=\"nofollow noopener\" target=\"_blank\"><img decoding=\"async\" alt=\"As 100 melhores casas latino-americanas de 2025 - Imagem 39 de 102\" data-nr-picture-id=\"6940a40c0943f011652447fe\" height=\"427\" itemprop=\"image\" loading=\"lazy\" longdesc=\"https:\/\/www.archdaily.com.br\/br\/1037197\/as-100-melhores-casas-latino-americanas-de-2025\/6940a40c0943f011652447fe-the-100-best-latin-american-houses-of-2025-photo\" src=\"https:\/\/www.europesays.com\/pt\/wp-content\/uploads\/2025\/12\/1766435251_30_the-50-best-latin-american-houses-of-2025_31.jpg\" width=\"640\"\/>\u00a9 Gabriel Konrath<\/a><a class=\"js-image-size__link lazy-anchor\" href=\"https:\/\/www.archdaily.com.br\/br\/1037197\/as-100-melhores-casas-latino-americanas-de-2025\/6940a3fd4ec7392f13d3dc92-the-100-best-latin-american-houses-of-2025-photo\" rel=\"nofollow noopener\" target=\"_blank\"><img decoding=\"async\" alt=\"As 100 melhores casas latino-americanas de 2025 - Imagem 38 de 102\" data-nr-picture-id=\"6940a3fd4ec7392f13d3dc92\" height=\"427\" itemprop=\"image\" loading=\"lazy\" longdesc=\"https:\/\/www.archdaily.com.br\/br\/1037197\/as-100-melhores-casas-latino-americanas-de-2025\/6940a3fd4ec7392f13d3dc92-the-100-best-latin-american-houses-of-2025-photo\" src=\"https:\/\/www.europesays.com\/pt\/wp-content\/uploads\/2025\/12\/1766435252_825_the-50-best-latin-american-houses-of-2025_31.jpg\" width=\"640\"\/>\u00a9 Cesar Bejar Studio<\/a><a class=\"js-image-size__link lazy-anchor\" href=\"https:\/\/www.archdaily.com.br\/br\/1037197\/as-100-melhores-casas-latino-americanas-de-2025\/6940a3ed241af2018868553d-the-100-best-latin-american-houses-of-2025-photo\" rel=\"nofollow noopener\" target=\"_blank\"><img decoding=\"async\" alt=\"As 100 melhores casas latino-americanas de 2025 - Imagem 37 de 102\" data-nr-picture-id=\"6940a3ed241af2018868553d\" height=\"427\" itemprop=\"image\" loading=\"lazy\" longdesc=\"https:\/\/www.archdaily.com.br\/br\/1037197\/as-100-melhores-casas-latino-americanas-de-2025\/6940a3ed241af2018868553d-the-100-best-latin-american-houses-of-2025-photo\" src=\"https:\/\/www.europesays.com\/pt\/wp-content\/uploads\/2025\/12\/1766435252_494_the-50-best-latin-american-houses-of-2025_31.jpg\" width=\"640\"\/>\u00a9 Front<\/a><a class=\"js-image-size__link lazy-anchor\" href=\"https:\/\/www.archdaily.com.br\/br\/1037197\/as-100-melhores-casas-latino-americanas-de-2025\/6940a3e00943f011652447fd-the-100-best-latin-american-houses-of-2025-image\" rel=\"nofollow noopener\" target=\"_blank\"><img decoding=\"async\" alt=\"As 100 melhores casas latino-americanas de 2025 - Imagem 36 de 102\" data-nr-picture-id=\"6940a3e00943f011652447fd\" height=\"427\" itemprop=\"image\" loading=\"lazy\" longdesc=\"https:\/\/www.archdaily.com.br\/br\/1037197\/as-100-melhores-casas-latino-americanas-de-2025\/6940a3e00943f011652447fd-the-100-best-latin-american-houses-of-2025-image\" src=\"https:\/\/www.europesays.com\/pt\/wp-content\/uploads\/2025\/12\/1766435253_784_the-50-best-latin-american-houses-of-2025_31.jpg\" width=\"640\"\/>\u00a9 Ariadna Polo<\/a><a class=\"js-image-size__link lazy-anchor\" href=\"https:\/\/www.archdaily.com.br\/br\/1037197\/as-100-melhores-casas-latino-americanas-de-2025\/6940a3d04ec7392f13d3dc91-the-100-best-latin-american-houses-of-2025-image\" rel=\"nofollow noopener\" target=\"_blank\"><img decoding=\"async\" alt=\"As 100 melhores casas latino-americanas de 2025 - Imagem 35 de 102\" data-nr-picture-id=\"6940a3d04ec7392f13d3dc91\" height=\"427\" itemprop=\"image\" loading=\"lazy\" longdesc=\"https:\/\/www.archdaily.com.br\/br\/1037197\/as-100-melhores-casas-latino-americanas-de-2025\/6940a3d04ec7392f13d3dc91-the-100-best-latin-american-houses-of-2025-image\" src=\"https:\/\/www.europesays.com\/pt\/wp-content\/uploads\/2025\/12\/1766435253_676_the-50-best-latin-american-houses-of-2025_31.jpg\" width=\"640\"\/>\u00a9 Fran Parente<\/a><a class=\"js-image-size__link lazy-anchor\" href=\"https:\/\/www.archdaily.com.br\/br\/1037197\/as-100-melhores-casas-latino-americanas-de-2025\/6940a3bd0943f011652447fc-the-100-best-latin-american-houses-of-2025-photo\" rel=\"nofollow noopener\" target=\"_blank\"><img decoding=\"async\" alt=\"As 100 melhores casas latino-americanas de 2025 - Imagem 34 de 102\" data-nr-picture-id=\"6940a3bd0943f011652447fc\" height=\"427\" itemprop=\"image\" loading=\"lazy\" longdesc=\"https:\/\/www.archdaily.com.br\/br\/1037197\/as-100-melhores-casas-latino-americanas-de-2025\/6940a3bd0943f011652447fc-the-100-best-latin-american-houses-of-2025-photo\" src=\"https:\/\/www.europesays.com\/pt\/wp-content\/uploads\/2025\/12\/1766435253_825_the-50-best-latin-american-houses-of-2025_31.jpg\" width=\"640\"\/>\u00a9 EYES OF MEMO<\/a><a class=\"js-image-size__link lazy-anchor\" href=\"https:\/\/www.archdaily.com.br\/br\/1037197\/as-100-melhores-casas-latino-americanas-de-2025\/6940a3ab241af2018868553c-the-100-best-latin-american-houses-of-2025-image\" rel=\"nofollow noopener\" target=\"_blank\"><img decoding=\"async\" alt=\"As 100 melhores casas latino-americanas de 2025 - Imagem 33 de 102\" data-nr-picture-id=\"6940a3ab241af2018868553c\" height=\"427\" itemprop=\"image\" loading=\"lazy\" longdesc=\"https:\/\/www.archdaily.com.br\/br\/1037197\/as-100-melhores-casas-latino-americanas-de-2025\/6940a3ab241af2018868553c-the-100-best-latin-american-houses-of-2025-image\" src=\"https:\/\/www.europesays.com\/pt\/wp-content\/uploads\/2025\/12\/1766435254_355_the-50-best-latin-american-houses-of-2025_31.jpg\" width=\"640\"\/>\u00a9 Leonardo Finotti<\/a><a class=\"js-image-size__link lazy-anchor\" href=\"https:\/\/www.archdaily.com.br\/br\/1037197\/as-100-melhores-casas-latino-americanas-de-2025\/6940a39f0943f011652447fb-the-100-best-latin-american-houses-of-2025-photo\" rel=\"nofollow noopener\" target=\"_blank\"><img decoding=\"async\" alt=\"As 100 melhores casas latino-americanas de 2025 - Imagem 32 de 102\" data-nr-picture-id=\"6940a39f0943f011652447fb\" height=\"427\" itemprop=\"image\" loading=\"lazy\" longdesc=\"https:\/\/www.archdaily.com.br\/br\/1037197\/as-100-melhores-casas-latino-americanas-de-2025\/6940a39f0943f011652447fb-the-100-best-latin-american-houses-of-2025-photo\" src=\"https:\/\/www.europesays.com\/pt\/wp-content\/uploads\/2025\/12\/1766435254_791_the-50-best-latin-american-houses-of-2025_31.jpg\" width=\"640\"\/>\u00a9 Evelyn M\u00fcller<\/a><a class=\"js-image-size__link lazy-anchor\" href=\"https:\/\/www.archdaily.com.br\/br\/1037197\/as-100-melhores-casas-latino-americanas-de-2025\/6940a86d241af20188685543-the-100-best-latin-american-houses-of-2025-image\" rel=\"nofollow noopener\" target=\"_blank\"><img decoding=\"async\" alt=\"As 100 melhores casas latino-americanas de 2025 - Imagem 87 de 102\" data-nr-picture-id=\"6940a86d241af20188685543\" height=\"427\" itemprop=\"image\" loading=\"lazy\" longdesc=\"https:\/\/www.archdaily.com.br\/br\/1037197\/as-100-melhores-casas-latino-americanas-de-2025\/6940a86d241af20188685543-the-100-best-latin-american-houses-of-2025-image\" src=\"https:\/\/www.europesays.com\/pt\/wp-content\/uploads\/2025\/12\/the-50-best-latin-american-houses-of-2025_41.jpg\" width=\"640\"\/>\u00a9 Nelson Kon<\/a><a class=\"js-image-size__link lazy-anchor\" href=\"https:\/\/www.archdaily.com.br\/br\/1037197\/as-100-melhores-casas-latino-americanas-de-2025\/6940a8844ec7392f13d3dc95-the-100-best-latin-american-houses-of-2025-photo\" rel=\"nofollow noopener\" target=\"_blank\"><img decoding=\"async\" alt=\"As 100 melhores casas latino-americanas de 2025 - Imagem 88 de 102\" data-nr-picture-id=\"6940a8844ec7392f13d3dc95\" height=\"427\" itemprop=\"image\" loading=\"lazy\" longdesc=\"https:\/\/www.archdaily.com.br\/br\/1037197\/as-100-melhores-casas-latino-americanas-de-2025\/6940a8844ec7392f13d3dc95-the-100-best-latin-american-houses-of-2025-photo\" src=\"https:\/\/www.europesays.com\/pt\/wp-content\/uploads\/2025\/12\/1766435255_788_the-50-best-latin-american-houses-of-2025_41.jpg\" width=\"640\"\/>\u00a9 Fernando Alarcon Luco<\/a><a class=\"js-image-size__link lazy-anchor\" href=\"https:\/\/www.archdaily.com.br\/br\/1037197\/as-100-melhores-casas-latino-americanas-de-2025\/6940a8ea241af20188685545-the-100-best-latin-american-houses-of-2025-image\" rel=\"nofollow noopener\" target=\"_blank\"><img decoding=\"async\" alt=\"As 100 melhores casas latino-americanas de 2025 - Imagem 68 de 102\" data-nr-picture-id=\"6940a8ea241af20188685545\" height=\"427\" itemprop=\"image\" loading=\"lazy\" longdesc=\"https:\/\/www.archdaily.com.br\/br\/1037197\/as-100-melhores-casas-latino-americanas-de-2025\/6940a8ea241af20188685545-the-100-best-latin-american-houses-of-2025-image\" src=\"https:\/\/www.europesays.com\/pt\/wp-content\/uploads\/2025\/12\/1766435256_449_the-50-best-latin-american-houses-of-2025_41.jpg\" width=\"640\"\/>\u00a9 Fran Parente<\/a><a class=\"js-image-size__link lazy-anchor\" href=\"https:\/\/www.archdaily.com.br\/br\/1037197\/as-100-melhores-casas-latino-americanas-de-2025\/6940a8cf0943f015dd833419-the-100-best-latin-american-houses-of-2025-photo\" rel=\"nofollow noopener\" target=\"_blank\"><img decoding=\"async\" alt=\"As 100 melhores casas latino-americanas de 2025 - Imagem 67 de 102\" data-nr-picture-id=\"6940a8cf0943f015dd833419\" height=\"427\" itemprop=\"image\" loading=\"lazy\" longdesc=\"https:\/\/www.archdaily.com.br\/br\/1037197\/as-100-melhores-casas-latino-americanas-de-2025\/6940a8cf0943f015dd833419-the-100-best-latin-american-houses-of-2025-photo\" src=\"https:\/\/www.europesays.com\/pt\/wp-content\/uploads\/2025\/12\/1766435256_98_the-50-best-latin-american-houses-of-2025_41.jpg\" width=\"640\"\/>\u00a9 Aldo Lanzi<\/a><a class=\"js-image-size__link lazy-anchor\" href=\"https:\/\/www.archdaily.com.br\/br\/1037197\/as-100-melhores-casas-latino-americanas-de-2025\/6940a8ba241af20188685544-the-100-best-latin-american-houses-of-2025-image\" rel=\"nofollow noopener\" target=\"_blank\"><img decoding=\"async\" alt=\"As 100 melhores casas latino-americanas de 2025 - Imagem 70 de 102\" data-nr-picture-id=\"6940a8ba241af20188685544\" height=\"427\" itemprop=\"image\" loading=\"lazy\" longdesc=\"https:\/\/www.archdaily.com.br\/br\/1037197\/as-100-melhores-casas-latino-americanas-de-2025\/6940a8ba241af20188685544-the-100-best-latin-american-houses-of-2025-image\" src=\"https:\/\/www.europesays.com\/pt\/wp-content\/uploads\/2025\/12\/1766435256_70_the-50-best-latin-american-houses-of-2025_41.jpg\" width=\"640\"\/>\u00a9 Pedro Kok<\/a><a class=\"js-image-size__link lazy-anchor\" href=\"https:\/\/www.archdaily.com.br\/br\/1037197\/as-100-melhores-casas-latino-americanas-de-2025\/6940aa500943f01ce9662349-the-100-best-latin-american-houses-of-2025-image\" rel=\"nofollow noopener\" target=\"_blank\"><img decoding=\"async\" alt=\"As 100 melhores casas latino-americanas de 2025 - Imagem 66 de 102\" data-nr-picture-id=\"6940aa500943f01ce9662349\" height=\"427\" itemprop=\"image\" loading=\"lazy\" longdesc=\"https:\/\/www.archdaily.com.br\/br\/1037197\/as-100-melhores-casas-latino-americanas-de-2025\/6940aa500943f01ce9662349-the-100-best-latin-american-houses-of-2025-image\" src=\"https:\/\/www.europesays.com\/pt\/wp-content\/uploads\/2025\/12\/the-50-best-latin-american-houses-of-2025_50.jpg\" width=\"640\"\/>\u00a9 Joana Fran\u00e7a<\/a><a class=\"js-image-size__link lazy-anchor\" href=\"https:\/\/www.archdaily.com.br\/br\/1037197\/as-100-melhores-casas-latino-americanas-de-2025\/6940a8a20943f015dd833418-the-100-best-latin-american-houses-of-2025-photo\" rel=\"nofollow noopener\" target=\"_blank\"><img decoding=\"async\" alt=\"As 100 melhores casas latino-americanas de 2025 - Imagem 69 de 102\" data-nr-picture-id=\"6940a8a20943f015dd833418\" height=\"427\" itemprop=\"image\" loading=\"lazy\" longdesc=\"https:\/\/www.archdaily.com.br\/br\/1037197\/as-100-melhores-casas-latino-americanas-de-2025\/6940a8a20943f015dd833418-the-100-best-latin-american-houses-of-2025-photo\" src=\"https:\/\/www.europesays.com\/pt\/wp-content\/uploads\/2025\/12\/1766435257_886_the-50-best-latin-american-houses-of-2025_41.jpg\" width=\"640\"\/>\u00a9 Rafael Ortiz Santos<\/a><a class=\"js-image-size__link lazy-anchor\" href=\"https:\/\/www.archdaily.com.br\/br\/1037197\/as-100-melhores-casas-latino-americanas-de-2025\/6940a85e0943f015dd833417-the-100-best-latin-american-houses-of-2025-photo\" rel=\"nofollow noopener\" target=\"_blank\"><img decoding=\"async\" alt=\"As 100 melhores casas latino-americanas de 2025 - Imagem 90 de 102\" data-nr-picture-id=\"6940a85e0943f015dd833417\" height=\"427\" itemprop=\"image\" loading=\"lazy\" longdesc=\"https:\/\/www.archdaily.com.br\/br\/1037197\/as-100-melhores-casas-latino-americanas-de-2025\/6940a85e0943f015dd833417-the-100-best-latin-american-houses-of-2025-photo\" src=\"https:\/\/www.europesays.com\/pt\/wp-content\/uploads\/2025\/12\/1766435257_119_the-50-best-latin-american-houses-of-2025_41.jpg\" width=\"640\"\/>\u00a9 Mateo P\u00e9rez<\/a><a class=\"js-image-size__link lazy-anchor\" href=\"https:\/\/www.archdaily.com.br\/br\/1037197\/as-100-melhores-casas-latino-americanas-de-2025\/6940a8f34ec7392f13d3dc96-the-100-best-latin-american-houses-of-2025-photo\" rel=\"nofollow noopener\" target=\"_blank\"><img decoding=\"async\" alt=\"As 100 melhores casas latino-americanas de 2025 - Imagem 65 de 102\" data-nr-picture-id=\"6940a8f34ec7392f13d3dc96\" height=\"427\" itemprop=\"image\" loading=\"lazy\" longdesc=\"https:\/\/www.archdaily.com.br\/br\/1037197\/as-100-melhores-casas-latino-americanas-de-2025\/6940a8f34ec7392f13d3dc96-the-100-best-latin-american-houses-of-2025-photo\" src=\"https:\/\/www.europesays.com\/pt\/wp-content\/uploads\/2025\/12\/1766435258_987_the-50-best-latin-american-houses-of-2025_41.jpg\" width=\"640\"\/>\u00a9 Lorena Darquea<\/a><a class=\"js-image-size__link lazy-anchor\" href=\"https:\/\/www.archdaily.com.br\/br\/1037197\/as-100-melhores-casas-latino-americanas-de-2025\/6940a84b4ec7392f13d3dc94-the-100-best-latin-american-houses-of-2025-photo\" rel=\"nofollow noopener\" target=\"_blank\"><img decoding=\"async\" alt=\"As 100 melhores casas latino-americanas de 2025 - Imagem 89 de 102\" data-nr-picture-id=\"6940a84b4ec7392f13d3dc94\" height=\"427\" itemprop=\"image\" loading=\"lazy\" longdesc=\"https:\/\/www.archdaily.com.br\/br\/1037197\/as-100-melhores-casas-latino-americanas-de-2025\/6940a84b4ec7392f13d3dc94-the-100-best-latin-american-houses-of-2025-photo\" src=\"https:\/\/www.europesays.com\/pt\/wp-content\/uploads\/2025\/12\/1766435258_541_the-50-best-latin-american-houses-of-2025_41.jpg\" width=\"640\"\/>\u00a9 Rafael Palacios<\/a><a class=\"js-image-size__link lazy-anchor\" href=\"https:\/\/www.archdaily.com.br\/br\/1037197\/as-100-melhores-casas-latino-americanas-de-2025\/694147560943f0382f0c682b-the-100-best-latin-american-houses-of-2025-photo\" rel=\"nofollow noopener\" target=\"_blank\"><img decoding=\"async\" alt=\"As 100 melhores casas latino-americanas de 2025 - Imagem 84 de 102\" data-nr-picture-id=\"694147560943f0382f0c682b\" height=\"427\" itemprop=\"image\" loading=\"lazy\" longdesc=\"https:\/\/www.archdaily.com.br\/br\/1037197\/as-100-melhores-casas-latino-americanas-de-2025\/694147560943f0382f0c682b-the-100-best-latin-american-houses-of-2025-photo\" src=\"https:\/\/www.europesays.com\/pt\/wp-content\/uploads\/2025\/12\/the-50-best-latin-american-houses-of-2025_94.jpg\" width=\"640\"\/>\u00a9 H\u00e9lder Santana<\/a><a class=\"js-image-size__link lazy-anchor\" href=\"https:\/\/www.archdaily.com.br\/br\/1037197\/as-100-melhores-casas-latino-americanas-de-2025\/694147800943f0382f0c682d-the-100-best-latin-american-houses-of-2025-image\" rel=\"nofollow noopener\" target=\"_blank\"><img decoding=\"async\" alt=\"As 100 melhores casas latino-americanas de 2025 - Imagem 52 de 102\" data-nr-picture-id=\"694147800943f0382f0c682d\" height=\"427\" itemprop=\"image\" loading=\"lazy\" longdesc=\"https:\/\/www.archdaily.com.br\/br\/1037197\/as-100-melhores-casas-latino-americanas-de-2025\/694147800943f0382f0c682d-the-100-best-latin-american-houses-of-2025-image\" src=\"https:\/\/www.europesays.com\/pt\/wp-content\/uploads\/2025\/12\/1766435259_841_the-50-best-latin-american-houses-of-2025_94.jpg\" width=\"640\"\/>\u00a9 JAG Studio<\/a><a class=\"js-image-size__link lazy-anchor\" href=\"https:\/\/www.archdaily.com.br\/br\/1037197\/as-100-melhores-casas-latino-americanas-de-2025\/694147980943f0382f0c682e-the-100-best-latin-american-houses-of-2025-photo\" rel=\"nofollow noopener\" target=\"_blank\"><img decoding=\"async\" alt=\"As 100 melhores casas latino-americanas de 2025 - Imagem 101 de 102\" data-nr-picture-id=\"694147980943f0382f0c682e\" height=\"427\" itemprop=\"image\" loading=\"lazy\" longdesc=\"https:\/\/www.archdaily.com.br\/br\/1037197\/as-100-melhores-casas-latino-americanas-de-2025\/694147980943f0382f0c682e-the-100-best-latin-american-houses-of-2025-photo\" src=\"https:\/\/www.europesays.com\/pt\/wp-content\/uploads\/2025\/12\/1766435259_197_the-50-best-latin-american-houses-of-2025_94.jpg\" width=\"640\"\/>\u00a9 Renato Mangolin<\/a><a class=\"js-image-size__link lazy-anchor\" href=\"https:\/\/www.archdaily.com.br\/br\/1037197\/as-100-melhores-casas-latino-americanas-de-2025\/6941472a0943f0382f0c682a-the-100-best-latin-american-houses-of-2025-photo\" rel=\"nofollow noopener\" target=\"_blank\"><img decoding=\"async\" alt=\"As 100 melhores casas latino-americanas de 2025 - Imagem 45 de 102\" data-nr-picture-id=\"6941472a0943f0382f0c682a\" height=\"427\" itemprop=\"image\" loading=\"lazy\" longdesc=\"https:\/\/www.archdaily.com.br\/br\/1037197\/as-100-melhores-casas-latino-americanas-de-2025\/6941472a0943f0382f0c682a-the-100-best-latin-american-houses-of-2025-photo\" src=\"https:\/\/www.europesays.com\/pt\/wp-content\/uploads\/2025\/12\/1766435260_33_the-50-best-latin-american-houses-of-2025_94.jpg\" width=\"640\"\/>\u00a9 Cesar Belio<\/a><a class=\"js-image-size__link lazy-anchor\" href=\"https:\/\/www.archdaily.com.br\/br\/1037197\/as-100-melhores-casas-latino-americanas-de-2025\/694147b30943f0382f0c682f-the-100-best-latin-american-houses-of-2025-image\" rel=\"nofollow noopener\" target=\"_blank\"><img decoding=\"async\" alt=\"As 100 melhores casas latino-americanas de 2025 - Imagem 102 de 102\" data-nr-picture-id=\"694147b30943f0382f0c682f\" height=\"427\" itemprop=\"image\" loading=\"lazy\" longdesc=\"https:\/\/www.archdaily.com.br\/br\/1037197\/as-100-melhores-casas-latino-americanas-de-2025\/694147b30943f0382f0c682f-the-100-best-latin-american-houses-of-2025-image\" src=\"https:\/\/www.europesays.com\/pt\/wp-content\/uploads\/2025\/12\/1766435260_49_the-50-best-latin-american-houses-of-2025_94.jpg\" width=\"640\"\/>\u00a9 Pedro Napolitano Prata<\/a><a class=\"js-image-size__link lazy-anchor\" href=\"https:\/\/www.archdaily.com.br\/br\/1037197\/as-100-melhores-casas-latino-americanas-de-2025\/694147c14ec7397509a7c31b-the-100-best-latin-american-houses-of-2025-image\" rel=\"nofollow noopener\" target=\"_blank\"><img decoding=\"async\" alt=\"As 100 melhores casas latino-americanas de 2025 - Imagem 100 de 102\" data-nr-picture-id=\"694147c14ec7397509a7c31b\" height=\"427\" itemprop=\"image\" loading=\"lazy\" longdesc=\"https:\/\/www.archdaily.com.br\/br\/1037197\/as-100-melhores-casas-latino-americanas-de-2025\/694147c14ec7397509a7c31b-the-100-best-latin-american-houses-of-2025-image\" src=\"https:\/\/www.europesays.com\/pt\/wp-content\/uploads\/2025\/12\/1766435261_576_the-50-best-latin-american-houses-of-2025_94.jpg\" width=\"640\"\/>\u00a9 Nico Saieh<\/a><a class=\"js-image-size__link lazy-anchor\" href=\"https:\/\/www.archdaily.com.br\/br\/1037197\/as-100-melhores-casas-latino-americanas-de-2025\/694146530943f037c10c6833-the-100-best-latin-american-houses-of-2025-image\" rel=\"nofollow noopener\" target=\"_blank\"><img decoding=\"async\" alt=\"As 100 melhores casas latino-americanas de 2025 - Imagem 51 de 102\" data-nr-picture-id=\"694146530943f037c10c6833\" height=\"427\" itemprop=\"image\" loading=\"lazy\" longdesc=\"https:\/\/www.archdaily.com.br\/br\/1037197\/as-100-melhores-casas-latino-americanas-de-2025\/694146530943f037c10c6833-the-100-best-latin-american-houses-of-2025-image\" src=\"https:\/\/www.europesays.com\/pt\/wp-content\/uploads\/2025\/12\/the-50-best-latin-american-houses-of-2025_86.jpg\" width=\"640\"\/>\u00a9 Joana Fran\u00e7a<\/a><a class=\"js-image-size__link lazy-anchor\" href=\"https:\/\/www.archdaily.com.br\/br\/1037197\/as-100-melhores-casas-latino-americanas-de-2025\/6941465f4ec73972584ab13d-the-100-best-latin-american-houses-of-2025-image\" rel=\"nofollow noopener\" target=\"_blank\"><img decoding=\"async\" alt=\"As 100 melhores casas latino-americanas de 2025 - Imagem 44 de 102\" data-nr-picture-id=\"6941465f4ec73972584ab13d\" height=\"427\" itemprop=\"image\" loading=\"lazy\" longdesc=\"https:\/\/www.archdaily.com.br\/br\/1037197\/as-100-melhores-casas-latino-americanas-de-2025\/6941465f4ec73972584ab13d-the-100-best-latin-american-houses-of-2025-image\" src=\"https:\/\/www.europesays.com\/pt\/wp-content\/uploads\/2025\/12\/1766435261_391_the-50-best-latin-american-houses-of-2025_86.jpg\" width=\"640\"\/>\u00a9 Joana Fran\u00e7a<\/a><a class=\"js-image-size__link lazy-anchor\" href=\"https:\/\/www.archdaily.com.br\/br\/1037197\/as-100-melhores-casas-latino-americanas-de-2025\/6941466d4ec73972584ab13e-the-100-best-latin-american-houses-of-2025-image\" rel=\"nofollow noopener\" target=\"_blank\"><img decoding=\"async\" alt=\"As 100 melhores casas latino-americanas de 2025 - Imagem 50 de 102\" data-nr-picture-id=\"6941466d4ec73972584ab13e\" height=\"427\" itemprop=\"image\" loading=\"lazy\" longdesc=\"https:\/\/www.archdaily.com.br\/br\/1037197\/as-100-melhores-casas-latino-americanas-de-2025\/6941466d4ec73972584ab13e-the-100-best-latin-american-houses-of-2025-image\" src=\"https:\/\/www.europesays.com\/pt\/wp-content\/uploads\/2025\/12\/1766435262_681_the-50-best-latin-american-houses-of-2025_86.jpg\" width=\"640\"\/>\u00a9 Marcos Guiponi<\/a><a class=\"js-image-size__link lazy-anchor\" href=\"https:\/\/www.archdaily.com.br\/br\/1037197\/as-100-melhores-casas-latino-americanas-de-2025\/6941467f4ec73972584ab13f-the-100-best-latin-american-houses-of-2025-image\" rel=\"nofollow noopener\" target=\"_blank\"><img decoding=\"async\" alt=\"As 100 melhores casas latino-americanas de 2025 - Imagem 46 de 102\" data-nr-picture-id=\"6941467f4ec73972584ab13f\" height=\"427\" itemprop=\"image\" loading=\"lazy\" longdesc=\"https:\/\/www.archdaily.com.br\/br\/1037197\/as-100-melhores-casas-latino-americanas-de-2025\/6941467f4ec73972584ab13f-the-100-best-latin-american-houses-of-2025-image\" src=\"https:\/\/www.europesays.com\/pt\/wp-content\/uploads\/2025\/12\/1766435262_5_the-50-best-latin-american-houses-of-2025_86.jpg\" width=\"640\"\/>\u00a9 Marcos Zegers<\/a><a class=\"js-image-size__link lazy-anchor\" href=\"https:\/\/www.archdaily.com.br\/br\/1037197\/as-100-melhores-casas-latino-americanas-de-2025\/694148534ec7397509a7c320-the-100-best-latin-american-houses-of-2025-image\" rel=\"nofollow noopener\" target=\"_blank\"><img decoding=\"async\" alt=\"As 100 melhores casas latino-americanas de 2025 - Imagem 86 de 102\" data-nr-picture-id=\"694148534ec7397509a7c320\" height=\"427\" itemprop=\"image\" loading=\"lazy\" longdesc=\"https:\/\/www.archdaily.com.br\/br\/1037197\/as-100-melhores-casas-latino-americanas-de-2025\/694148534ec7397509a7c320-the-100-best-latin-american-houses-of-2025-image\" src=\"https:\/\/www.europesays.com\/pt\/wp-content\/uploads\/2025\/12\/1766435262_969_the-50-best-latin-american-houses-of-2025_94.jpg\" width=\"640\"\/>\u00a9 Javier Agust\u00edn Rojas<\/a><a class=\"js-image-size__link lazy-anchor\" href=\"https:\/\/www.archdaily.com.br\/br\/1037197\/as-100-melhores-casas-latino-americanas-de-2025\/694147e34ec7397509a7c31c-the-100-best-latin-american-houses-of-2025-image\" rel=\"nofollow noopener\" target=\"_blank\"><img decoding=\"async\" alt=\"As 100 melhores casas latino-americanas de 2025 - Imagem 98 de 102\" data-nr-picture-id=\"694147e34ec7397509a7c31c\" height=\"427\" itemprop=\"image\" loading=\"lazy\" longdesc=\"https:\/\/www.archdaily.com.br\/br\/1037197\/as-100-melhores-casas-latino-americanas-de-2025\/694147e34ec7397509a7c31c-the-100-best-latin-american-houses-of-2025-image\" src=\"https:\/\/www.europesays.com\/pt\/wp-content\/uploads\/2025\/12\/1766435263_435_the-50-best-latin-american-houses-of-2025_94.jpg\" width=\"640\"\/>\u00a9 Marcos Zegers<\/a><a class=\"js-image-size__link lazy-anchor\" href=\"https:\/\/www.archdaily.com.br\/br\/1037197\/as-100-melhores-casas-latino-americanas-de-2025\/694145cd0943f037c10c6830-the-100-best-latin-american-houses-of-2025-photo\" rel=\"nofollow noopener\" target=\"_blank\"><img decoding=\"async\" alt=\"As 100 melhores casas latino-americanas de 2025 - Imagem 85 de 102\" data-nr-picture-id=\"694145cd0943f037c10c6830\" height=\"427\" itemprop=\"image\" loading=\"lazy\" longdesc=\"https:\/\/www.archdaily.com.br\/br\/1037197\/as-100-melhores-casas-latino-americanas-de-2025\/694145cd0943f037c10c6830-the-100-best-latin-american-houses-of-2025-photo\" src=\"https:\/\/www.europesays.com\/pt\/wp-content\/uploads\/2025\/12\/1766435263_982_the-50-best-latin-american-houses-of-2025_86.jpg\" width=\"640\"\/>\u00a9 AtelierM<\/a><a class=\"js-image-size__link lazy-anchor\" href=\"https:\/\/www.archdaily.com.br\/br\/1037197\/as-100-melhores-casas-latino-americanas-de-2025\/694145f40943f037c10c6831-the-100-best-latin-american-houses-of-2025-image\" rel=\"nofollow noopener\" target=\"_blank\"><img decoding=\"async\" alt=\"As 100 melhores casas latino-americanas de 2025 - Imagem 62 de 102\" data-nr-picture-id=\"694145f40943f037c10c6831\" height=\"427\" itemprop=\"image\" loading=\"lazy\" longdesc=\"https:\/\/www.archdaily.com.br\/br\/1037197\/as-100-melhores-casas-latino-americanas-de-2025\/694145f40943f037c10c6831-the-100-best-latin-american-houses-of-2025-image\" src=\"https:\/\/www.europesays.com\/pt\/wp-content\/uploads\/2025\/12\/1766435264_435_the-50-best-latin-american-houses-of-2025_86.jpg\" width=\"640\"\/>\u00a9 Pedro Kok<\/a><a class=\"js-image-size__link lazy-anchor\" href=\"https:\/\/www.archdaily.com.br\/br\/1037197\/as-100-melhores-casas-latino-americanas-de-2025\/6941462e0943f037c10c6832-the-100-best-latin-american-houses-of-2025-photo\" rel=\"nofollow noopener\" target=\"_blank\"><img decoding=\"async\" alt=\"As 100 melhores casas latino-americanas de 2025 - Imagem 47 de 102\" data-nr-picture-id=\"6941462e0943f037c10c6832\" height=\"427\" itemprop=\"image\" loading=\"lazy\" longdesc=\"https:\/\/www.archdaily.com.br\/br\/1037197\/as-100-melhores-casas-latino-americanas-de-2025\/6941462e0943f037c10c6832-the-100-best-latin-american-houses-of-2025-photo\" src=\"https:\/\/www.europesays.com\/pt\/wp-content\/uploads\/2025\/12\/1766435264_568_the-50-best-latin-american-houses-of-2025_86.jpg\" width=\"640\"\/>\u00a9 Bruto Studio<\/a><a class=\"js-image-size__link lazy-anchor\" href=\"https:\/\/www.archdaily.com.br\/br\/1037197\/as-100-melhores-casas-latino-americanas-de-2025\/694140464ec73969a541427d-the-100-best-latin-american-houses-of-2025-photo\" rel=\"nofollow noopener\" target=\"_blank\"><img decoding=\"async\" alt=\"As 100 melhores casas latino-americanas de 2025 - Imagem 59 de 102\" data-nr-picture-id=\"694140464ec73969a541427d\" height=\"427\" itemprop=\"image\" loading=\"lazy\" longdesc=\"https:\/\/www.archdaily.com.br\/br\/1037197\/as-100-melhores-casas-latino-americanas-de-2025\/694140464ec73969a541427d-the-100-best-latin-american-houses-of-2025-photo\" src=\"https:\/\/www.europesays.com\/pt\/wp-content\/uploads\/2025\/12\/the-50-best-latin-american-houses-of-2025_77.jpg\" width=\"640\"\/>\u00a9 Antonia Mardones Nally<\/a><a class=\"js-image-size__link lazy-anchor\" href=\"https:\/\/www.archdaily.com.br\/br\/1037197\/as-100-melhores-casas-latino-americanas-de-2025\/694140310943f02ffe0c177d-the-100-best-latin-american-houses-of-2025-photo\" rel=\"nofollow noopener\" target=\"_blank\"><img decoding=\"async\" alt=\"As 100 melhores casas latino-americanas de 2025 - Imagem 55 de 102\" data-nr-picture-id=\"694140310943f02ffe0c177d\" height=\"427\" itemprop=\"image\" loading=\"lazy\" longdesc=\"https:\/\/www.archdaily.com.br\/br\/1037197\/as-100-melhores-casas-latino-americanas-de-2025\/694140310943f02ffe0c177d-the-100-best-latin-american-houses-of-2025-photo\" src=\"https:\/\/www.europesays.com\/pt\/wp-content\/uploads\/2025\/12\/1766435265_7_the-50-best-latin-american-houses-of-2025_77.jpg\" width=\"640\"\/>\u00a9 Andr\u00e9 Mortatti<\/a><a class=\"js-image-size__link lazy-anchor\" href=\"https:\/\/www.archdaily.com.br\/br\/1037197\/as-100-melhores-casas-latino-americanas-de-2025\/69413df04ec7396437f760f2-the-100-best-latin-american-houses-of-2025-image\" rel=\"nofollow noopener\" target=\"_blank\"><img decoding=\"async\" alt=\"As 100 melhores casas latino-americanas de 2025 - Imagem 57 de 102\" data-nr-picture-id=\"69413df04ec7396437f760f2\" height=\"427\" itemprop=\"image\" loading=\"lazy\" longdesc=\"https:\/\/www.archdaily.com.br\/br\/1037197\/as-100-melhores-casas-latino-americanas-de-2025\/69413df04ec7396437f760f2-the-100-best-latin-american-houses-of-2025-image\" src=\"https:\/\/www.europesays.com\/pt\/wp-content\/uploads\/2025\/12\/the-50-best-latin-american-houses-of-2025_76.jpg\" width=\"640\"\/>\u00a9 Marcos Zegers<\/a><a class=\"js-image-size__link lazy-anchor\" href=\"https:\/\/www.archdaily.com.br\/br\/1037197\/as-100-melhores-casas-latino-americanas-de-2025\/694140e64ec73969a5414280-the-100-best-latin-american-houses-of-2025-photo\" rel=\"nofollow noopener\" target=\"_blank\"><img decoding=\"async\" alt=\"As 100 melhores casas latino-americanas de 2025 - Imagem 49 de 102\" data-nr-picture-id=\"694140e64ec73969a5414280\" height=\"427\" itemprop=\"image\" loading=\"lazy\" longdesc=\"https:\/\/www.archdaily.com.br\/br\/1037197\/as-100-melhores-casas-latino-americanas-de-2025\/694140e64ec73969a5414280-the-100-best-latin-american-houses-of-2025-photo\" src=\"https:\/\/www.europesays.com\/pt\/wp-content\/uploads\/2025\/12\/1766435266_320_the-50-best-latin-american-houses-of-2025_77.jpg\" width=\"640\"\/>\u00a9 Sebasti\u00e1n Aguilar<\/a><a class=\"js-image-size__link lazy-anchor\" href=\"https:\/\/www.archdaily.com.br\/br\/1037197\/as-100-melhores-casas-latino-americanas-de-2025\/694140d44ec73969a541427f-the-100-best-latin-american-houses-of-2025-photo\" rel=\"nofollow noopener\" target=\"_blank\"><img decoding=\"async\" alt=\"As 100 melhores casas latino-americanas de 2025 - Imagem 43 de 102\" data-nr-picture-id=\"694140d44ec73969a541427f\" height=\"427\" itemprop=\"image\" loading=\"lazy\" longdesc=\"https:\/\/www.archdaily.com.br\/br\/1037197\/as-100-melhores-casas-latino-americanas-de-2025\/694140d44ec73969a541427f-the-100-best-latin-american-houses-of-2025-photo\" src=\"https:\/\/www.europesays.com\/pt\/wp-content\/uploads\/2025\/12\/1766435266_795_the-50-best-latin-american-houses-of-2025_77.jpg\" width=\"640\"\/>\u00a9 Paul Renaud<\/a><a class=\"js-image-size__link lazy-anchor\" href=\"https:\/\/www.archdaily.com.br\/br\/1037197\/as-100-melhores-casas-latino-americanas-de-2025\/694140fc4ec73969a5414281-the-100-best-latin-american-houses-of-2025-image\" rel=\"nofollow noopener\" target=\"_blank\"><img decoding=\"async\" alt=\"As 100 melhores casas latino-americanas de 2025 - Imagem 54 de 102\" data-nr-picture-id=\"694140fc4ec73969a5414281\" height=\"427\" itemprop=\"image\" loading=\"lazy\" longdesc=\"https:\/\/www.archdaily.com.br\/br\/1037197\/as-100-melhores-casas-latino-americanas-de-2025\/694140fc4ec73969a5414281-the-100-best-latin-american-houses-of-2025-image\" src=\"https:\/\/www.europesays.com\/pt\/wp-content\/uploads\/2025\/12\/1766435266_435_the-50-best-latin-american-houses-of-2025_77.jpg\" width=\"640\"\/>\u00a9 Federico Cairoli<\/a><a class=\"js-image-size__link lazy-anchor\" href=\"https:\/\/www.archdaily.com.br\/br\/1037197\/as-100-melhores-casas-latino-americanas-de-2025\/6941408f0943f02ffe0c1780-the-100-best-latin-american-houses-of-2025-image\" rel=\"nofollow noopener\" target=\"_blank\"><img decoding=\"async\" alt=\"As 100 melhores casas latino-americanas de 2025 - Imagem 56 de 102\" data-nr-picture-id=\"6941408f0943f02ffe0c1780\" height=\"427\" itemprop=\"image\" loading=\"lazy\" longdesc=\"https:\/\/www.archdaily.com.br\/br\/1037197\/as-100-melhores-casas-latino-americanas-de-2025\/6941408f0943f02ffe0c1780-the-100-best-latin-american-houses-of-2025-image\" src=\"https:\/\/www.europesays.com\/pt\/wp-content\/uploads\/2025\/12\/1766435267_539_the-50-best-latin-american-houses-of-2025_77.jpg\" width=\"640\"\/>\u00a9 Carolina Lacaz<\/a><a class=\"js-image-size__link lazy-anchor\" href=\"https:\/\/www.archdaily.com.br\/br\/1037197\/as-100-melhores-casas-latino-americanas-de-2025\/6941407e0943f02ffe0c177f-the-100-best-latin-american-houses-of-2025-photo\" rel=\"nofollow noopener\" target=\"_blank\"><img decoding=\"async\" alt=\"As 100 melhores casas latino-americanas de 2025 - Imagem 61 de 102\" data-nr-picture-id=\"6941407e0943f02ffe0c177f\" height=\"427\" itemprop=\"image\" loading=\"lazy\" longdesc=\"https:\/\/www.archdaily.com.br\/br\/1037197\/as-100-melhores-casas-latino-americanas-de-2025\/6941407e0943f02ffe0c177f-the-100-best-latin-american-houses-of-2025-photo\" src=\"https:\/\/www.europesays.com\/pt\/wp-content\/uploads\/2025\/12\/1766435267_516_the-50-best-latin-american-houses-of-2025_77.jpg\" width=\"640\"\/>\u00a9 Alvaro Fonseca<\/a><a class=\"js-image-size__link lazy-anchor\" href=\"https:\/\/www.archdaily.com.br\/br\/1037197\/as-100-melhores-casas-latino-americanas-de-2025\/6941406e0943f02ffe0c177e-the-100-best-latin-american-houses-of-2025-photo\" rel=\"nofollow noopener\" target=\"_blank\"><img decoding=\"async\" alt=\"As 100 melhores casas latino-americanas de 2025 - Imagem 58 de 102\" data-nr-picture-id=\"6941406e0943f02ffe0c177e\" height=\"427\" itemprop=\"image\" loading=\"lazy\" longdesc=\"https:\/\/www.archdaily.com.br\/br\/1037197\/as-100-melhores-casas-latino-americanas-de-2025\/6941406e0943f02ffe0c177e-the-100-best-latin-american-houses-of-2025-photo\" src=\"https:\/\/www.europesays.com\/pt\/wp-content\/uploads\/2025\/12\/1766435267_828_the-50-best-latin-american-houses-of-2025_77.jpg\" width=\"640\"\/>\u00a9 Esteban Arteaga<\/a><a class=\"js-image-size__link lazy-anchor\" href=\"https:\/\/www.archdaily.com.br\/br\/1037197\/as-100-melhores-casas-latino-americanas-de-2025\/694140c34ec73969a541427e-the-100-best-latin-american-houses-of-2025-photo\" rel=\"nofollow noopener\" target=\"_blank\"><img decoding=\"async\" alt=\"As 100 melhores casas latino-americanas de 2025 - Imagem 64 de 102\" data-nr-picture-id=\"694140c34ec73969a541427e\" height=\"427\" itemprop=\"image\" loading=\"lazy\" longdesc=\"https:\/\/www.archdaily.com.br\/br\/1037197\/as-100-melhores-casas-latino-americanas-de-2025\/694140c34ec73969a541427e-the-100-best-latin-american-houses-of-2025-photo\" src=\"https:\/\/www.europesays.com\/pt\/wp-content\/uploads\/2025\/12\/1766435268_108_the-50-best-latin-american-houses-of-2025_77.jpg\" width=\"640\"\/>\u00a9 Josefina Quezada<\/a><a class=\"js-image-size__link lazy-anchor\" href=\"https:\/\/www.archdaily.com.br\/br\/1037197\/as-100-melhores-casas-latino-americanas-de-2025\/6941391d0943f025cc9b8375-the-100-best-latin-american-houses-of-2025-image\" rel=\"nofollow noopener\" target=\"_blank\"><img decoding=\"async\" alt=\"As 100 melhores casas latino-americanas de 2025 - Imagem 63 de 102\" data-nr-picture-id=\"6941391d0943f025cc9b8375\" height=\"427\" itemprop=\"image\" loading=\"lazy\" longdesc=\"https:\/\/www.archdaily.com.br\/br\/1037197\/as-100-melhores-casas-latino-americanas-de-2025\/6941391d0943f025cc9b8375-the-100-best-latin-american-houses-of-2025-image\" src=\"https:\/\/www.europesays.com\/pt\/wp-content\/uploads\/2025\/12\/the-50-best-latin-american-houses-of-2025_67.jpg\" width=\"640\"\/>\u00a9 Albano Garc\u00eda<\/a><a class=\"js-image-size__link lazy-anchor\" href=\"https:\/\/www.archdaily.com.br\/br\/1037197\/as-100-melhores-casas-latino-americanas-de-2025\/6941267a0943f00f85f9675c-the-100-best-latin-american-houses-of-2025-photo\" rel=\"nofollow noopener\" target=\"_blank\"><img decoding=\"async\" alt=\"As 100 melhores casas latino-americanas de 2025 - Imagem 42 de 102\" data-nr-picture-id=\"6941267a0943f00f85f9675c\" height=\"427\" itemprop=\"image\" loading=\"lazy\" longdesc=\"https:\/\/www.archdaily.com.br\/br\/1037197\/as-100-melhores-casas-latino-americanas-de-2025\/6941267a0943f00f85f9675c-the-100-best-latin-american-houses-of-2025-photo\" src=\"https:\/\/www.europesays.com\/pt\/wp-content\/uploads\/2025\/12\/the-50-best-latin-american-houses-of-2025_55.jpg\" width=\"640\"\/>\u00a9 Pablo Casals Aguirre<\/a><a class=\"js-image-size__link lazy-anchor\" href=\"https:\/\/www.archdaily.com.br\/br\/1037197\/as-100-melhores-casas-latino-americanas-de-2025\/694138890943f025cc9b8372-the-100-best-latin-american-houses-of-2025-photo\" rel=\"nofollow noopener\" target=\"_blank\"><img decoding=\"async\" alt=\"As 100 melhores casas latino-americanas de 2025 - Imagem 95 de 102\" data-nr-picture-id=\"694138890943f025cc9b8372\" height=\"427\" itemprop=\"image\" loading=\"lazy\" longdesc=\"https:\/\/www.archdaily.com.br\/br\/1037197\/as-100-melhores-casas-latino-americanas-de-2025\/694138890943f025cc9b8372-the-100-best-latin-american-houses-of-2025-photo\" src=\"https:\/\/www.europesays.com\/pt\/wp-content\/uploads\/2025\/12\/1766435269_241_the-50-best-latin-american-houses-of-2025_67.jpg\" width=\"640\"\/>\u00a9 Luis Abba<\/a><a class=\"js-image-size__link lazy-anchor\" href=\"https:\/\/www.archdaily.com.br\/br\/1037197\/as-100-melhores-casas-latino-americanas-de-2025\/6941384f0943f025cc9b8371-the-100-best-latin-american-houses-of-2025-image\" rel=\"nofollow noopener\" target=\"_blank\"><img decoding=\"async\" alt=\"As 100 melhores casas latino-americanas de 2025 - Imagem 91 de 102\" data-nr-picture-id=\"6941384f0943f025cc9b8371\" height=\"427\" itemprop=\"image\" loading=\"lazy\" longdesc=\"https:\/\/www.archdaily.com.br\/br\/1037197\/as-100-melhores-casas-latino-americanas-de-2025\/6941384f0943f025cc9b8371-the-100-best-latin-american-houses-of-2025-image\" src=\"https:\/\/www.europesays.com\/pt\/wp-content\/uploads\/2025\/12\/1766435269_243_the-50-best-latin-american-houses-of-2025_67.jpg\" width=\"640\"\/>\u00a9 Leonardo Finotti<\/a><a class=\"js-image-size__link lazy-anchor\" href=\"https:\/\/www.archdaily.com.br\/br\/1037197\/as-100-melhores-casas-latino-americanas-de-2025\/6941383f4ec7396095f0192a-the-100-best-latin-american-houses-of-2025-image\" rel=\"nofollow noopener\" target=\"_blank\"><img decoding=\"async\" alt=\"As 100 melhores casas latino-americanas de 2025 - Imagem 60 de 102\" data-nr-picture-id=\"6941383f4ec7396095f0192a\" height=\"427\" itemprop=\"image\" loading=\"lazy\" longdesc=\"https:\/\/www.archdaily.com.br\/br\/1037197\/as-100-melhores-casas-latino-americanas-de-2025\/6941383f4ec7396095f0192a-the-100-best-latin-american-houses-of-2025-image\" src=\"https:\/\/www.europesays.com\/pt\/wp-content\/uploads\/2025\/12\/1766435270_530_the-50-best-latin-american-houses-of-2025_67.jpg\" width=\"640\"\/>\u00a9 Fernando Schapochnik<\/a><a class=\"js-image-size__link lazy-anchor\" href=\"https:\/\/www.archdaily.com.br\/br\/1037197\/as-100-melhores-casas-latino-americanas-de-2025\/694139025bb00401a2793261-the-100-best-latin-american-houses-of-2025-photo\" rel=\"nofollow noopener\" target=\"_blank\"><img decoding=\"async\" alt=\"As 100 melhores casas latino-americanas de 2025 - Imagem 53 de 102\" data-nr-picture-id=\"694139025bb00401a2793261\" height=\"427\" itemprop=\"image\" loading=\"lazy\" longdesc=\"https:\/\/www.archdaily.com.br\/br\/1037197\/as-100-melhores-casas-latino-americanas-de-2025\/694139025bb00401a2793261-the-100-best-latin-american-houses-of-2025-photo\" src=\"https:\/\/www.europesays.com\/pt\/wp-content\/uploads\/2025\/12\/1766435270_555_the-50-best-latin-american-houses-of-2025_67.jpg\" width=\"640\"\/>\u00a9 Manolo R. Sol\u00eds<\/a><a class=\"js-image-size__link lazy-anchor\" href=\"https:\/\/www.archdaily.com.br\/br\/1037197\/as-100-melhores-casas-latino-americanas-de-2025\/694138f60943f025cc9b8374-the-100-best-latin-american-houses-of-2025-photo\" rel=\"nofollow noopener\" target=\"_blank\"><img decoding=\"async\" alt=\"As 100 melhores casas latino-americanas de 2025 - Imagem 92 de 102\" data-nr-picture-id=\"694138f60943f025cc9b8374\" height=\"427\" itemprop=\"image\" loading=\"lazy\" longdesc=\"https:\/\/www.archdaily.com.br\/br\/1037197\/as-100-melhores-casas-latino-americanas-de-2025\/694138f60943f025cc9b8374-the-100-best-latin-american-houses-of-2025-photo\" src=\"https:\/\/www.europesays.com\/pt\/wp-content\/uploads\/2025\/12\/1766435271_428_the-50-best-latin-american-houses-of-2025_67.jpg\" width=\"640\"\/>\u00a9 Maia Croizet<\/a><a class=\"js-image-size__link lazy-anchor\" href=\"https:\/\/www.archdaily.com.br\/br\/1037197\/as-100-melhores-casas-latino-americanas-de-2025\/694138c80943f025cc9b8373-the-100-best-latin-american-houses-of-2025-photo\" rel=\"nofollow noopener\" target=\"_blank\"><img decoding=\"async\" alt=\"As 100 melhores casas latino-americanas de 2025 - Imagem 93 de 102\" data-nr-picture-id=\"694138c80943f025cc9b8373\" height=\"427\" itemprop=\"image\" loading=\"lazy\" longdesc=\"https:\/\/www.archdaily.com.br\/br\/1037197\/as-100-melhores-casas-latino-americanas-de-2025\/694138c80943f025cc9b8373-the-100-best-latin-american-houses-of-2025-photo\" src=\"https:\/\/www.europesays.com\/pt\/wp-content\/uploads\/2025\/12\/1766435271_98_the-50-best-latin-american-houses-of-2025_67.jpg\" width=\"640\"\/>\u00a9 BICUBIK<\/a><a class=\"js-image-size__link lazy-anchor\" href=\"https:\/\/www.archdaily.com.br\/br\/1037197\/as-100-melhores-casas-latino-americanas-de-2025\/694138e54ec7396095f0192b-the-100-best-latin-american-houses-of-2025-photo\" rel=\"nofollow noopener\" target=\"_blank\"><img decoding=\"async\" alt=\"As 100 melhores casas latino-americanas de 2025 - Imagem 82 de 102\" data-nr-picture-id=\"694138e54ec7396095f0192b\" height=\"427\" itemprop=\"image\" loading=\"lazy\" longdesc=\"https:\/\/www.archdaily.com.br\/br\/1037197\/as-100-melhores-casas-latino-americanas-de-2025\/694138e54ec7396095f0192b-the-100-best-latin-american-houses-of-2025-photo\" src=\"https:\/\/www.europesays.com\/pt\/wp-content\/uploads\/2025\/12\/1766435271_751_the-50-best-latin-american-houses-of-2025_67.jpg\" width=\"640\"\/>\u00a9 Lela Leme<\/a><a class=\"js-image-size__link lazy-anchor\" href=\"https:\/\/www.archdaily.com.br\/br\/1037197\/as-100-melhores-casas-latino-americanas-de-2025\/694138d35bb00401a2793260-the-100-best-latin-american-houses-of-2025-photo\" rel=\"nofollow noopener\" target=\"_blank\"><img decoding=\"async\" alt=\"As 100 melhores casas latino-americanas de 2025 - Imagem 96 de 102\" data-nr-picture-id=\"694138d35bb00401a2793260\" height=\"427\" itemprop=\"image\" loading=\"lazy\" longdesc=\"https:\/\/www.archdaily.com.br\/br\/1037197\/as-100-melhores-casas-latino-americanas-de-2025\/694138d35bb00401a2793260-the-100-best-latin-american-houses-of-2025-photo\" src=\"https:\/\/www.europesays.com\/pt\/wp-content\/uploads\/2025\/12\/1766435272_724_the-50-best-latin-american-houses-of-2025_67.jpg\" width=\"640\"\/>\u00a9 Felipe Cantillana<\/a><a class=\"js-image-size__link lazy-anchor\" href=\"https:\/\/www.archdaily.com.br\/br\/1037197\/as-100-melhores-casas-latino-americanas-de-2025\/6941330d4ec7395855a674f7-the-100-best-latin-american-houses-of-2025-photo\" rel=\"nofollow noopener\" target=\"_blank\"><img decoding=\"async\" alt=\"As 100 melhores casas latino-americanas de 2025 - Imagem 81 de 102\" data-nr-picture-id=\"6941330d4ec7395855a674f7\" height=\"427\" itemprop=\"image\" loading=\"lazy\" longdesc=\"https:\/\/www.archdaily.com.br\/br\/1037197\/as-100-melhores-casas-latino-americanas-de-2025\/6941330d4ec7395855a674f7-the-100-best-latin-american-houses-of-2025-photo\" src=\"https:\/\/www.europesays.com\/pt\/wp-content\/uploads\/2025\/12\/the-50-best-latin-american-houses-of-2025_61.jpg\" width=\"640\"\/>\u00a9 Luis Garvan<\/a><a class=\"js-image-size__link lazy-anchor\" href=\"https:\/\/www.archdaily.com.br\/br\/1037197\/as-100-melhores-casas-latino-americanas-de-2025\/6941339d4ec7395855a674fc-the-100-best-latin-american-houses-of-2025-photo\" rel=\"nofollow noopener\" target=\"_blank\"><img decoding=\"async\" alt=\"As 100 melhores casas latino-americanas de 2025 - Imagem 78 de 102\" data-nr-picture-id=\"6941339d4ec7395855a674fc\" height=\"427\" itemprop=\"image\" loading=\"lazy\" longdesc=\"https:\/\/www.archdaily.com.br\/br\/1037197\/as-100-melhores-casas-latino-americanas-de-2025\/6941339d4ec7395855a674fc-the-100-best-latin-american-houses-of-2025-photo\" src=\"https:\/\/www.europesays.com\/pt\/wp-content\/uploads\/2025\/12\/1766435273_740_the-50-best-latin-american-houses-of-2025_61.jpg\" width=\"640\"\/>\u00a9 Macarena Whittle<\/a><a class=\"js-image-size__link lazy-anchor\" href=\"https:\/\/www.archdaily.com.br\/br\/1037197\/as-100-melhores-casas-latino-americanas-de-2025\/6941338c4ec7395855a674fb-the-100-best-latin-american-houses-of-2025-photo\" rel=\"nofollow noopener\" target=\"_blank\"><img decoding=\"async\" alt=\"As 100 melhores casas latino-americanas de 2025 - Imagem 94 de 102\" data-nr-picture-id=\"6941338c4ec7395855a674fb\" height=\"427\" itemprop=\"image\" loading=\"lazy\" longdesc=\"https:\/\/www.archdaily.com.br\/br\/1037197\/as-100-melhores-casas-latino-americanas-de-2025\/6941338c4ec7395855a674fb-the-100-best-latin-american-houses-of-2025-photo\" src=\"https:\/\/www.europesays.com\/pt\/wp-content\/uploads\/2025\/12\/1766435273_971_the-50-best-latin-american-houses-of-2025_61.jpg\" width=\"640\"\/>\u00a9 Diego Medina<\/a><a class=\"js-image-size__link lazy-anchor\" href=\"https:\/\/www.archdaily.com.br\/br\/1037197\/as-100-melhores-casas-latino-americanas-de-2025\/694133724ec7395855a674fa-the-100-best-latin-american-houses-of-2025-image\" rel=\"nofollow noopener\" target=\"_blank\"><img decoding=\"async\" alt=\"As 100 melhores casas latino-americanas de 2025 - Imagem 76 de 102\" data-nr-picture-id=\"694133724ec7395855a674fa\" height=\"427\" itemprop=\"image\" loading=\"lazy\" longdesc=\"https:\/\/www.archdaily.com.br\/br\/1037197\/as-100-melhores-casas-latino-americanas-de-2025\/694133724ec7395855a674fa-the-100-best-latin-american-houses-of-2025-image\" src=\"https:\/\/www.europesays.com\/pt\/wp-content\/uploads\/2025\/12\/1766435273_565_the-50-best-latin-american-houses-of-2025_61.jpg\" width=\"640\"\/>\u00a9 Gonzalo Viramonte<\/a><a class=\"js-image-size__link lazy-anchor\" href=\"https:\/\/www.archdaily.com.br\/br\/1037197\/as-100-melhores-casas-latino-americanas-de-2025\/6941335f4ec7395855a674f9-the-100-best-latin-american-houses-of-2025-image\" rel=\"nofollow noopener\" target=\"_blank\"><img decoding=\"async\" alt=\"As 100 melhores casas latino-americanas de 2025 - Imagem 79 de 102\" data-nr-picture-id=\"6941335f4ec7395855a674f9\" height=\"427\" itemprop=\"image\" loading=\"lazy\" longdesc=\"https:\/\/www.archdaily.com.br\/br\/1037197\/as-100-melhores-casas-latino-americanas-de-2025\/6941335f4ec7395855a674f9-the-100-best-latin-american-houses-of-2025-image\" src=\"https:\/\/www.europesays.com\/pt\/wp-content\/uploads\/2025\/12\/1766435274_661_the-50-best-latin-american-houses-of-2025_61.jpg\" width=\"640\"\/>\u00a9 Gonzalo Viramonte<\/a><a class=\"js-image-size__link lazy-anchor\" href=\"https:\/\/www.archdaily.com.br\/br\/1037197\/as-100-melhores-casas-latino-americanas-de-2025\/694124364ec739471fa5964f-the-100-best-latin-american-houses-of-2025-image\" rel=\"nofollow noopener\" target=\"_blank\"><img decoding=\"async\" alt=\"As 100 melhores casas latino-americanas de 2025 - Imagem 97 de 102\" data-nr-picture-id=\"694124364ec739471fa5964f\" height=\"427\" itemprop=\"image\" loading=\"lazy\" longdesc=\"https:\/\/www.archdaily.com.br\/br\/1037197\/as-100-melhores-casas-latino-americanas-de-2025\/694124364ec739471fa5964f-the-100-best-latin-american-houses-of-2025-image\" src=\"https:\/\/www.europesays.com\/pt\/wp-content\/uploads\/2025\/12\/the-50-best-latin-american-houses-of-2025_53.jpg\" width=\"640\"\/>\u00a9 Fran Parente<\/a><a class=\"js-image-size__link lazy-anchor\" href=\"https:\/\/www.archdaily.com.br\/br\/1037197\/as-100-melhores-casas-latino-americanas-de-2025\/694124454ec739471fa59650-the-100-best-latin-american-houses-of-2025-photo\" rel=\"nofollow noopener\" target=\"_blank\"><img decoding=\"async\" alt=\"As 100 melhores casas latino-americanas de 2025 - Imagem 99 de 102\" data-nr-picture-id=\"694124454ec739471fa59650\" height=\"427\" itemprop=\"image\" loading=\"lazy\" longdesc=\"https:\/\/www.archdaily.com.br\/br\/1037197\/as-100-melhores-casas-latino-americanas-de-2025\/694124454ec739471fa59650-the-100-best-latin-american-houses-of-2025-photo\" src=\"https:\/\/www.europesays.com\/pt\/wp-content\/uploads\/2025\/12\/1766435274_921_the-50-best-latin-american-houses-of-2025_53.jpg\" width=\"640\"\/>\u00a9 Andr\u00e9s Dom\u00ednguez<\/a><a class=\"js-image-size__link lazy-anchor\" href=\"https:\/\/www.archdaily.com.br\/br\/1037197\/as-100-melhores-casas-latino-americanas-de-2025\/6941333a4ec7395855a674f8-the-100-best-latin-american-houses-of-2025-image\" rel=\"nofollow noopener\" target=\"_blank\"><img decoding=\"async\" alt=\"As 100 melhores casas latino-americanas de 2025 - Imagem 77 de 102\" data-nr-picture-id=\"6941333a4ec7395855a674f8\" height=\"427\" itemprop=\"image\" loading=\"lazy\" longdesc=\"https:\/\/www.archdaily.com.br\/br\/1037197\/as-100-melhores-casas-latino-americanas-de-2025\/6941333a4ec7395855a674f8-the-100-best-latin-american-houses-of-2025-image\" src=\"https:\/\/www.europesays.com\/pt\/wp-content\/uploads\/2025\/12\/1766435275_69_the-50-best-latin-american-houses-of-2025_61.jpg\" width=\"640\"\/>\u00a9 Javier Callejas<\/a><a class=\"js-image-size__link lazy-anchor\" href=\"https:\/\/www.archdaily.com.br\/br\/1037197\/as-100-melhores-casas-latino-americanas-de-2025\/694122ea4ec739420b673e67-the-100-best-latin-american-houses-of-2025-photo\" rel=\"nofollow noopener\" target=\"_blank\"><img decoding=\"async\" alt=\"As 100 melhores casas latino-americanas de 2025 - Imagem 83 de 102\" data-nr-picture-id=\"694122ea4ec739420b673e67\" height=\"427\" itemprop=\"image\" loading=\"lazy\" longdesc=\"https:\/\/www.archdaily.com.br\/br\/1037197\/as-100-melhores-casas-latino-americanas-de-2025\/694122ea4ec739420b673e67-the-100-best-latin-american-houses-of-2025-photo\" src=\"https:\/\/www.europesays.com\/pt\/wp-content\/uploads\/2025\/12\/the-50-best-latin-american-houses-of-2025_52.jpg\" width=\"640\"\/>\u00a9 Gabriela Daltro<\/a><a class=\"js-image-size__link lazy-anchor\" href=\"https:\/\/www.archdaily.com.br\/br\/1037197\/as-100-melhores-casas-latino-americanas-de-2025\/694130c64ec73954dc56ff75-the-100-best-latin-american-houses-of-2025-photo\" rel=\"nofollow noopener\" target=\"_blank\"><img decoding=\"async\" alt=\"As 100 melhores casas latino-americanas de 2025 - Imagem 72 de 102\" data-nr-picture-id=\"694130c64ec73954dc56ff75\" height=\"427\" itemprop=\"image\" loading=\"lazy\" longdesc=\"https:\/\/www.archdaily.com.br\/br\/1037197\/as-100-melhores-casas-latino-americanas-de-2025\/694130c64ec73954dc56ff75-the-100-best-latin-american-houses-of-2025-photo\" src=\"https:\/\/www.europesays.com\/pt\/wp-content\/uploads\/2025\/12\/the-50-best-latin-american-houses-of-2025_56.jpg\" width=\"640\"\/>\u00a9 Monica Barreneche<\/a><a class=\"js-image-size__link lazy-anchor\" href=\"https:\/\/www.archdaily.com.br\/br\/1037197\/as-100-melhores-casas-latino-americanas-de-2025\/694130bb0943f01ae1f63314-the-100-best-latin-american-houses-of-2025-image\" rel=\"nofollow noopener\" target=\"_blank\"><img decoding=\"async\" alt=\"As 100 melhores casas latino-americanas de 2025 - Imagem 74 de 102\" data-nr-picture-id=\"694130bb0943f01ae1f63314\" height=\"427\" itemprop=\"image\" loading=\"lazy\" longdesc=\"https:\/\/www.archdaily.com.br\/br\/1037197\/as-100-melhores-casas-latino-americanas-de-2025\/694130bb0943f01ae1f63314-the-100-best-latin-american-houses-of-2025-image\" src=\"https:\/\/www.europesays.com\/pt\/wp-content\/uploads\/2025\/12\/1766435276_867_the-50-best-latin-american-houses-of-2025_56.jpg\" width=\"640\"\/>\u00a9 Marcos Guiponi<\/a><a class=\"js-image-size__link lazy-anchor\" href=\"https:\/\/www.archdaily.com.br\/br\/1037197\/as-100-melhores-casas-latino-americanas-de-2025\/694130ac0943f01ae1f63311-the-100-best-latin-american-houses-of-2025-photo\" rel=\"nofollow noopener\" target=\"_blank\"><img decoding=\"async\" alt=\"As 100 melhores casas latino-americanas de 2025 - Imagem 75 de 102\" data-nr-picture-id=\"694130ac0943f01ae1f63311\" height=\"427\" itemprop=\"image\" loading=\"lazy\" longdesc=\"https:\/\/www.archdaily.com.br\/br\/1037197\/as-100-melhores-casas-latino-americanas-de-2025\/694130ac0943f01ae1f63311-the-100-best-latin-american-houses-of-2025-photo\" src=\"https:\/\/www.europesays.com\/pt\/wp-content\/uploads\/2025\/12\/1766435276_264_the-50-best-latin-american-houses-of-2025_56.jpg\" width=\"640\"\/>\u00a9 Evelyn M\u00fcller<\/a><a class=\"js-image-size__link lazy-anchor\" href=\"https:\/\/www.archdaily.com.br\/br\/1037197\/as-100-melhores-casas-latino-americanas-de-2025\/694130950943f01ae1f6330f-the-100-best-latin-american-houses-of-2025-photo\" rel=\"nofollow noopener\" target=\"_blank\"><img decoding=\"async\" alt=\"As 100 melhores casas latino-americanas de 2025 - Imagem 73 de 102\" data-nr-picture-id=\"694130950943f01ae1f6330f\" height=\"427\" itemprop=\"image\" loading=\"lazy\" longdesc=\"https:\/\/www.archdaily.com.br\/br\/1037197\/as-100-melhores-casas-latino-americanas-de-2025\/694130950943f01ae1f6330f-the-100-best-latin-american-houses-of-2025-photo\" src=\"https:\/\/www.europesays.com\/pt\/wp-content\/uploads\/2025\/12\/1766435277_106_the-50-best-latin-american-houses-of-2025_56.jpg\" width=\"640\"\/>\u00a9 Federico Kulekdjian<\/a><a class=\"js-image-size__link lazy-anchor\" href=\"https:\/\/www.archdaily.com.br\/br\/1037197\/as-100-melhores-casas-latino-americanas-de-2025\/694130830943f01ae1f6330e-the-100-best-latin-american-houses-of-2025-photo\" rel=\"nofollow noopener\" target=\"_blank\"><img decoding=\"async\" alt=\"As 100 melhores casas latino-americanas de 2025 - Imagem 71 de 102\" data-nr-picture-id=\"694130830943f01ae1f6330e\" height=\"427\" itemprop=\"image\" loading=\"lazy\" longdesc=\"https:\/\/www.archdaily.com.br\/br\/1037197\/as-100-melhores-casas-latino-americanas-de-2025\/694130830943f01ae1f6330e-the-100-best-latin-american-houses-of-2025-photo\" src=\"https:\/\/www.europesays.com\/pt\/wp-content\/uploads\/2025\/12\/1766435277_926_the-50-best-latin-american-houses-of-2025_56.jpg\" width=\"640\"\/>\u00a9 Alex Freix\u00e1 Kalwill<\/a><a class=\"js-image-size__link lazy-anchor\" href=\"https:\/\/www.archdaily.com.br\/br\/1037197\/as-100-melhores-casas-latino-americanas-de-2025\/694121a24ec7395f3b06e62c-the-100-best-latin-american-houses-of-2025-image\" rel=\"nofollow noopener\" target=\"_blank\"><img decoding=\"async\" alt=\"As 100 melhores casas latino-americanas de 2025 - Imagem 80 de 102\" data-nr-picture-id=\"694121a24ec7395f3b06e62c\" height=\"427\" itemprop=\"image\" loading=\"lazy\" longdesc=\"https:\/\/www.archdaily.com.br\/br\/1037197\/as-100-melhores-casas-latino-americanas-de-2025\/694121a24ec7395f3b06e62c-the-100-best-latin-american-houses-of-2025-image\" src=\"https:\/\/www.europesays.com\/pt\/wp-content\/uploads\/2025\/12\/the-50-best-latin-american-houses-of-2025_51.jpg\" width=\"640\"\/>\u00a9 Gonzalo Viramonte<\/a><\/p>\n<p><strong>Este artigo \u00e9 parte dos Temas do ArchDaily: Resumo do ano.<\/strong> Mensalmente, exploramos um tema em profundidade atrav\u00e9s de artigos, entrevistas, not\u00edcias e projetos de arquitetura. Convidamos voc\u00ea a conhecer mais sobre <a href=\"https:\/\/www.archdaily.com.br\/br\/monthly-topics?ad_source=monthly_article&amp;ad_medium=bottom_link\" rel=\"nofollow noopener\" target=\"_blank\">os temas do ArchDaily<\/a>. E, como sempre, o ArchDaily est\u00e1 aberto a contribui\u00e7\u00f5es de nossas leitoras e leitores; se voc\u00ea quiser enviar um artigo ou projeto, entre em <a href=\"https:\/\/www.archdaily.com.br\/br\/contact?ad_source=monthly_article&amp;ad_medium=bottom_link\" rel=\"nofollow noopener\" target=\"_blank\">contato<\/a>.<\/p>\n<p><script async src=\"https:\/\/platform.twitter.com\/widgets.js\" charset=\"utf-8\"><\/script><\/p>\n","protected":false},"excerpt":{"rendered":"]]]]]]]]&gt;]]]]]]&gt;]]]]&gt;]]&gt;\u00a9 Alejandro Arango Compartilhar Compartilhar Facebook Twitter Mail Pinterest Whatsapp Ou https:\/\/www.archdaily.com.br\/br\/1037197\/as-100-melhores-casas-latino-americanas-de-2025 A cada ano, a equipe curatorial&hellip;\n","protected":false},"author":2,"featured_media":198903,"comment_status":"","ping_status":"","sticky":false,"template":"","format":"standard","meta":{"footnotes":""},"categories":[144],"tags":[39708,39655,39643,39665,39710,1028,39702,39703,37477,25124,304,207,205,206,203,201,202,39669,39653,39725,39666,39733,39649,39737,39641,39712,39721,39742,39686,39673,39651,39739,39746,38426,39693,39741,204,38437,39717,114,115,39657,39680,39654,39715,39724,39659,39730,39720,39726,38445,39727,39704,39705,21406,39736,39681,38453,39642,39707,39689,39700,39676,39683,39697,39675,26739,39684,39687,39719,39671,39688,39744,39722,6789,39663,39662,39718,39723,39691,39647,39743,39701,39678,39713,39740,39729,36015,39685,39728,39648,39716,39661,39644,39735,39660,39696,39645,39672,39734,39732,39706,32,39658,33,39677,39652,39664,39682,39699,39667,38452,39714,39738,39670,39731,39668,39709,39711,39646,39656,39745,39650,39679,39692,39674,39695,39698,39694,39690],"class_list":{"0":"post-198902","1":"post","2":"type-post","3":"status-publish","4":"format-standard","5":"has-post-thumbnail","7":"category-arte-e-design","8":"tag-0studio-arquitectura","9":"tag-agustin-lozada","10":"tag-al-borde","11":"tag-alsar-atelier","12":"tag-amanda-arcuri","13":"tag-america-latina","14":"tag-andre-braz-arquitetura","15":"tag-andre-motta-vieira","16":"tag-archdaily-topic-2025-resumo-do-ano","17":"tag-architecture","18":"tag-arquitetura","19":"tag-arte","20":"tag-arte-e-design","21":"tag-artedesign","22":"tag-arts","23":"tag-arts-and-design","24":"tag-artsanddesign","25":"tag-atelierm","26":"tag-augusto-quijano","27":"tag-azimut-180","28":"tag-balsa-crosetto-piazzi","29":"tag-blaq-arquitectos","30":"tag-bloco-arquitetos","31":"tag-boyance-arquitectura-edificacion","32":"tag-brasil-arquitetura","33":"tag-bruschini-arquitetura","34":"tag-bruto-arquitectura","35":"tag-bte-arq","36":"tag-camila-pineda-arquitectura","37":"tag-cavagnaro-rojo-arquitectos","38":"tag-cazu-zegers","39":"tag-cinco-solidos","40":"tag-construccion-y-arte-en-los-andes","41":"tag-cornetta-arquitetura","42":"tag-crearq","43":"tag-daniel-fromer","44":"tag-design","45":"tag-di-frenna-arquitectos","46":"tag-di-marco-robles-arquitectos","47":"tag-entertainment","48":"tag-entretenimento","49":"tag-escobedo-soliz","50":"tag-espacio-18-arquitectura","51":"tag-estudio-artigas","52":"tag-estudio-base-arquitectos","53":"tag-estudio-d3b","54":"tag-estudio-galera","55":"tag-estudio-jdd","56":"tag-estudio-olo","57":"tag-estudio-yama","58":"tag-felipe-hess-arquitetos","59":"tag-felipe-toro","60":"tag-fernanda-neiva","61":"tag-fernanda-palmieri","62":"tag-fgmf","63":"tag-florencia-cheli","64":"tag-formafatal","65":"tag-from","66":"tag-gabriel-kogan","67":"tag-gb-urban-studio","68":"tag-gonzalo-rufin-arquitectos","69":"tag-guelo-nunes-arquitetura","70":"tag-guilherme-pianca","71":"tag-hana-eto-gall-paisagismo","72":"tag-hemaa","73":"tag-herchell-arquitectos","74":"tag-houses","75":"tag-hw-studio","76":"tag-idem","77":"tag-ignacio-ferreira","78":"tag-ihouse-estudio","79":"tag-juliana-mondinalli-franco-palacios-beltran","80":"tag-karlen-clemente","81":"tag-kiko-castello-branco-arquitetura","82":"tag-latin-american-architecture","83":"tag-laurent-troost-architectures","84":"tag-lins-arquitetos-associados","85":"tag-lote-studio","86":"tag-lucas-cunha","87":"tag-lucas-maino-fernandez","88":"tag-mach-arquitetos","89":"tag-martina-lew","90":"tag-masa-arquitectos","91":"tag-matias-cosenza-arquitecto","92":"tag-matias-de-los-campos-nin-arquitecto","93":"tag-mbst-arquitectos","94":"tag-meneghetti-arquitectos","95":"tag-messina-rivas","96":"tag-mmcv","97":"tag-mora-hughes-arquitectos","98":"tag-munoz-arquitectos","99":"tag-nicolas-krause","100":"tag-nicolasnicolas","101":"tag-nitsche-arquitetos","102":"tag-nnarquitectos","103":"tag-odd-architects","104":"tag-ospa-arquitetura-e-urbanismo","105":"tag-osvaldo-larrain","106":"tag-oblicuo","107":"tag-pablo-larroulet","108":"tag-par-arquitectos","109":"tag-paula-zasnicoff","110":"tag-portugal","111":"tag-ppaa-perez-palacios-arquiectos-asociados","112":"tag-pt","113":"tag-quena-margarita-gonzalez-escobar-juan-david-hoyos-taborda","114":"tag-rama-estudio","115":"tag-residential-architecture","116":"tag-rodrigo-ohtake-arquitetura-e-design","117":"tag-ruum-arquitectos","118":"tag-saa-arquitectura-territorio","119":"tag-salvador-roman-hernandez-adela-mortera-villarreal","120":"tag-sava-arquitectos","121":"tag-sidney-quintela-architecture-urban-planning","122":"tag-sommet","123":"tag-stage-aec","124":"tag-stanacev-granados","125":"tag-studio-ze","126":"tag-tac-taller-alberto-calleja","127":"tag-taco-taller-de-arquitectura-contextual","128":"tag-taller-general","129":"tag-taller-macaa-mision-de-arquitectura","130":"tag-terra-e-tuma-arquitetos-associados","131":"tag-tomas-de-iruarrizaga","132":"tag-tomas-tironi","133":"tag-una-barbara-e-valentim","134":"tag-urzua-soler-arquitectos","135":"tag-valeria-gontijo-arquitetos","136":"tag-vapor-arquitetura","137":"tag-vbrugg"},"share_on_mastodon":{"url":"","error":"Validation failed: Text character limit of 500 exceeded"},"_links":{"self":[{"href":"https:\/\/www.europesays.com\/pt\/wp-json\/wp\/v2\/posts\/198902","targetHints":{"allow":["GET"]}}],"collection":[{"href":"https:\/\/www.europesays.com\/pt\/wp-json\/wp\/v2\/posts"}],"about":[{"href":"https:\/\/www.europesays.com\/pt\/wp-json\/wp\/v2\/types\/post"}],"author":[{"embeddable":true,"href":"https:\/\/www.europesays.com\/pt\/wp-json\/wp\/v2\/users\/2"}],"replies":[{"embeddable":true,"href":"https:\/\/www.europesays.com\/pt\/wp-json\/wp\/v2\/comments?post=198902"}],"version-history":[{"count":0,"href":"https:\/\/www.europesays.com\/pt\/wp-json\/wp\/v2\/posts\/198902\/revisions"}],"wp:featuredmedia":[{"embeddable":true,"href":"https:\/\/www.europesays.com\/pt\/wp-json\/wp\/v2\/media\/198903"}],"wp:attachment":[{"href":"https:\/\/www.europesays.com\/pt\/wp-json\/wp\/v2\/media?parent=198902"}],"wp:term":[{"taxonomy":"category","embeddable":true,"href":"https:\/\/www.europesays.com\/pt\/wp-json\/wp\/v2\/categories?post=198902"},{"taxonomy":"post_tag","embeddable":true,"href":"https:\/\/www.europesays.com\/pt\/wp-json\/wp\/v2\/tags?post=198902"}],"curies":[{"name":"wp","href":"https:\/\/api.w.org\/{rel}","templated":true}]}}