{"id":198904,"date":"2025-12-22T20:32:08","date_gmt":"2025-12-22T20:32:08","guid":{"rendered":"https:\/\/www.europesays.com\/pt\/198904\/"},"modified":"2025-12-22T20:32:08","modified_gmt":"2025-12-22T20:32:08","slug":"the-dog-stars-novo-filme-de-ridley-scott-tem-adiamento-confirmado-saiba-a-nova-data","status":"publish","type":"post","link":"https:\/\/www.europesays.com\/pt\/198904\/","title":{"rendered":"The Dog Stars: Novo filme de Ridley Scott tem adiamento confirmado; Saiba a nova data"},"content":{"rendered":"<p class=\"wp-block-yoast-seo-estimated-reading-time yoast-reading-time__wrapper\">Estimated reading time: 2 minutos<\/p>\n<p>Conforme indicavam os rumores, a <strong>Disney <\/strong>adiou oficialmente <a href=\"https:\/\/ovicio.com.br\/tag\/the-dog-stars\/\" rel=\"nofollow noopener\" target=\"_blank\">The Dog Stars (2026)<\/a>, o novo filme de <strong>Ridley Scott<\/strong>, em meses.<\/p>\n<p>A estreia saiu de 27 de mar\u00e7o para <strong>28 de agosto de 2026<\/strong>, o pen\u00faltimo fim de semana da alta temporada do cinema.<\/p>\n<p>Os rumores sobre o adiamento come\u00e7aram ap\u00f3s uma exibi\u00e7\u00e3o-teste ter deixado impress\u00f5es muito positivas.<\/p>\n<p>A\u00a0<a href=\"https:\/\/ovicio.com.br\/tag\/20th-century-studios\/\" rel=\"nofollow noopener\" target=\"_blank\">20th Century Studios<\/a>, da <strong>Disney<\/strong>, passou a acreditar que tem em m\u00e3os um material com potencial de ser indicado ao <strong>Oscar <\/strong>e decidiu posicion\u00e1-lo melhor na corrida dos pr\u00eamios.<\/p>\n<p>Com o Festival de Veneza previsto para come\u00e7ar no final de agosto, \u00e9 prov\u00e1vel que a premiere de <strong>The Dog Stars (2026)<\/strong> aconte\u00e7a l\u00e1.<\/p>\n<p>A sinopse diz: &#8220;<strong>Em um mundo p\u00f3s-apocal\u00edptico, um v\u00edrus dizimou a humanidade. Os sobreviventes enfrentam saqueadores errantes chamados &#8216;Reapers&#8217;. O protagonista \u00e9 Hig, um piloto, sobreviveu \u00e0 gripe, mas perdeu sua esposa.<\/strong>&#8220;<\/p>\n<p><strong>Jacob Elordi<\/strong>,\u00a0<strong>Josh Brolin<\/strong>,\u00a0<strong>Guy Pearce\u00a0<\/strong>e\u00a0<strong>Margaret Qualley<\/strong>\u00a0s\u00e3o os astros do longa.<\/p>\n<p>Leia mais sobre Ridley Scott<\/p>\n<p><strong>Fonte: <\/strong><a href=\"https:\/\/deadline.com\/2025\/12\/disney-release-dates-gatto-ready-or-not-2-dog-stars-1236655242\/\" target=\"_blank\" rel=\"noreferrer noopener nofollow\">Deadline<\/a><\/p>\n","protected":false},"excerpt":{"rendered":"Estimated reading time: 2 minutos Conforme indicavam os rumores, a Disney adiou oficialmente The Dog Stars (2026), o&hellip;\n","protected":false},"author":2,"featured_media":198905,"comment_status":"","ping_status":"","sticky":false,"template":"","format":"standard","meta":{"footnotes":""},"categories":[140],"tags":[14292,1579,114,115,147,148,23708,3714,17296,17869,146,32,33,39747],"class_list":{"0":"post-198904","1":"post","2":"type-post","3":"status-publish","4":"format-standard","5":"has-post-thumbnail","7":"category-filmes","8":"tag-20th-century-studios","9":"tag-disney","10":"tag-entertainment","11":"tag-entretenimento","12":"tag-film","13":"tag-filmes","14":"tag-guy-pearce","15":"tag-jacob-elordi","16":"tag-josh-brolin","17":"tag-margaret-qualley","18":"tag-movies","19":"tag-portugal","20":"tag-pt","21":"tag-the-dog-stars"},"share_on_mastodon":{"url":"https:\/\/pubeurope.com\/@pt\/115765126481351898","error":""},"_links":{"self":[{"href":"https:\/\/www.europesays.com\/pt\/wp-json\/wp\/v2\/posts\/198904","targetHints":{"allow":["GET"]}}],"collection":[{"href":"https:\/\/www.europesays.com\/pt\/wp-json\/wp\/v2\/posts"}],"about":[{"href":"https:\/\/www.europesays.com\/pt\/wp-json\/wp\/v2\/types\/post"}],"author":[{"embeddable":true,"href":"https:\/\/www.europesays.com\/pt\/wp-json\/wp\/v2\/users\/2"}],"replies":[{"embeddable":true,"href":"https:\/\/www.europesays.com\/pt\/wp-json\/wp\/v2\/comments?post=198904"}],"version-history":[{"count":0,"href":"https:\/\/www.europesays.com\/pt\/wp-json\/wp\/v2\/posts\/198904\/revisions"}],"wp:featuredmedia":[{"embeddable":true,"href":"https:\/\/www.europesays.com\/pt\/wp-json\/wp\/v2\/media\/198905"}],"wp:attachment":[{"href":"https:\/\/www.europesays.com\/pt\/wp-json\/wp\/v2\/media?parent=198904"}],"wp:term":[{"taxonomy":"category","embeddable":true,"href":"https:\/\/www.europesays.com\/pt\/wp-json\/wp\/v2\/categories?post=198904"},{"taxonomy":"post_tag","embeddable":true,"href":"https:\/\/www.europesays.com\/pt\/wp-json\/wp\/v2\/tags?post=198904"}],"curies":[{"name":"wp","href":"https:\/\/api.w.org\/{rel}","templated":true}]}}