{"id":198906,"date":"2025-12-22T20:33:10","date_gmt":"2025-12-22T20:33:10","guid":{"rendered":"https:\/\/www.europesays.com\/pt\/198906\/"},"modified":"2025-12-22T20:33:10","modified_gmt":"2025-12-22T20:33:10","slug":"video-celebracao-corre-mal-a-patson-daka-e-quase-acaba-em-lesao-grave","status":"publish","type":"post","link":"https:\/\/www.europesays.com\/pt\/198906\/","title":{"rendered":"V\u00cdDEO: celebra\u00e7\u00e3o corre mal a Patson Daka e quase acaba em les\u00e3o grave"},"content":{"rendered":"<p>O festejo de golo celebrizado por Nani n\u00e3o \u00e9 para todos. Que o diga Patson Daka, que tentou fazer um mortal \u00e0 retaguarda ap\u00f3s marcar um golo nesta segunda-feira e ia acabando com uma les\u00e3o no pesco\u00e7o.<\/p>\n<p>Tudo aconteceu ao minuto 90+2 do Z\u00e2mbia-Mali, da primeira jornada da Ta\u00e7a das Na\u00e7\u00f5es Africanas. Neste duelo de equipas do Grupo A, decorrido em Casablanca, em Marrocos, o Mali foi superior.<\/p>\n<p>Marcou aos 60 minutos por\u00a0Lassine Sinayoko, mas a resposta da Z\u00e2mbia chegou mesmo antes do apito final. Num cruzamento para dentro da grande \u00e1rea, Daka surgiu bem e cabeceou para dentro da baliza.<\/p>\n<p>O jogador do Leicester, uma das estrelas da sele\u00e7\u00e3o zambiana, tentou a celebra\u00e7\u00e3o acrob\u00e1tica&#8230; mas correu mal. Ainda ficou alguns momentos no ch\u00e3o, mas seguiu. O jogo terminou 1-1.<\/p>\n","protected":false},"excerpt":{"rendered":"O festejo de golo celebrizado por Nani n\u00e3o \u00e9 para todos. Que o diga Patson Daka, que tentou&hellip;\n","protected":false},"author":2,"featured_media":198907,"comment_status":"","ping_status":"","sticky":false,"template":"","format":"standard","meta":{"footnotes":""},"categories":[87],"tags":[39749,38988,135,82,46,39751,39750,32,33,47,134,39748,32917],"class_list":{"0":"post-198906","1":"post","2":"type-post","3":"status-publish","4":"format-standard","5":"has-post-thumbnail","7":"category-desporto","8":"tag-afcon","9":"tag-can","10":"tag-desporto","11":"tag-internacional","12":"tag-maisfutebol","13":"tag-mali","14":"tag-patson-daka","15":"tag-portugal","16":"tag-pt","17":"tag-pura-paixao","18":"tag-sports","19":"tag-taca-das-nacoes-africanas","20":"tag-zambia"},"share_on_mastodon":{"url":"https:\/\/pubeurope.com\/@pt\/115765130339707753","error":""},"_links":{"self":[{"href":"https:\/\/www.europesays.com\/pt\/wp-json\/wp\/v2\/posts\/198906","targetHints":{"allow":["GET"]}}],"collection":[{"href":"https:\/\/www.europesays.com\/pt\/wp-json\/wp\/v2\/posts"}],"about":[{"href":"https:\/\/www.europesays.com\/pt\/wp-json\/wp\/v2\/types\/post"}],"author":[{"embeddable":true,"href":"https:\/\/www.europesays.com\/pt\/wp-json\/wp\/v2\/users\/2"}],"replies":[{"embeddable":true,"href":"https:\/\/www.europesays.com\/pt\/wp-json\/wp\/v2\/comments?post=198906"}],"version-history":[{"count":0,"href":"https:\/\/www.europesays.com\/pt\/wp-json\/wp\/v2\/posts\/198906\/revisions"}],"wp:featuredmedia":[{"embeddable":true,"href":"https:\/\/www.europesays.com\/pt\/wp-json\/wp\/v2\/media\/198907"}],"wp:attachment":[{"href":"https:\/\/www.europesays.com\/pt\/wp-json\/wp\/v2\/media?parent=198906"}],"wp:term":[{"taxonomy":"category","embeddable":true,"href":"https:\/\/www.europesays.com\/pt\/wp-json\/wp\/v2\/categories?post=198906"},{"taxonomy":"post_tag","embeddable":true,"href":"https:\/\/www.europesays.com\/pt\/wp-json\/wp\/v2\/tags?post=198906"}],"curies":[{"name":"wp","href":"https:\/\/api.w.org\/{rel}","templated":true}]}}