{"id":19891,"date":"2025-08-07T15:08:04","date_gmt":"2025-08-07T15:08:04","guid":{"rendered":"https:\/\/www.europesays.com\/pt\/19891\/"},"modified":"2025-08-07T15:08:04","modified_gmt":"2025-08-07T15:08:04","slug":"benfica-faz-nova-abordagem-ao-manchester-united-por-antony","status":"publish","type":"post","link":"https:\/\/www.europesays.com\/pt\/19891\/","title":{"rendered":"Benfica faz nova abordagem ao Manchester United por Antony"},"content":{"rendered":"<p>O Benfica fez duas abordagens concretas nos \u00faltimos dias ao Manchester United para discutir uma eventual negocia\u00e7\u00e3o de Antony, segundo apurou o <strong>Maisfutebol<\/strong>.<\/p>\n<p>Inicialmente, os encarnados avisaram que est\u00e3o dispostos a avan\u00e7ar por um empr\u00e9stimo, enquanto o emblema ingl\u00eas ainda prioriza a transfer\u00eancia em definitivo do internacional brasileiro. As conversa\u00e7\u00f5es, entretanto, prosseguem nos bastidores.<\/p>\n<p>A SAD encarnada reconhece desde o primeiro contacto que o neg\u00f3cio com os red devils \u00e9 bastante dif\u00edcil, sobretudo pelos obst\u00e1culos financeiros, at\u00e9 por isso continua a olhar paralelamente para outras op\u00e7\u00f5es no mercado. \u00a0<\/p>\n<p>Avaliado hoje em aproximadamente 50 milh\u00f5es de euros pelo United, o extremo canhoto est\u00e1 na mira de outros interessados na Europa, entre eles RB Leipzig, Leverkusen e Brighton. Acima de tudo, est\u00e1 fora dos planos de Ruben Amorim para a nova \u00e9poca.<\/p>\n<p>O Betis tamb\u00e9m busca contar novamente com o jogador formado no S\u00e3o Paulo, com quem firmou um acordo por empr\u00e9stimo nos \u00faltimos seis meses da temporada passada (nove golos e seis assist\u00eancias em 26 jogos).<\/p>\n<p>Aos 25 anos, Antony tem contrato v\u00e1lido com o Manchester United at\u00e9 junho de 2027. Custou, recorde-se, cerca de 95 milh\u00f5es de euros em 2023, quando foi contratado do Ajax.<\/p>\n","protected":false},"excerpt":{"rendered":"O Benfica fez duas abordagens concretas nos \u00faltimos dias ao Manchester United para discutir uma eventual negocia\u00e7\u00e3o de&hellip;\n","protected":false},"author":2,"featured_media":19892,"comment_status":"","ping_status":"","sticky":false,"template":"","format":"standard","meta":{"footnotes":""},"categories":[8],"tags":[4675,51,27,28,15,16,14,25,26,21,22,46,663,42,12,13,19,20,32,23,24,33,47,17,18,35,29,30,31],"class_list":{"0":"post-19891","1":"post","2":"type-post","3":"status-publish","4":"format-standard","5":"has-post-thumbnail","7":"category-principais-noticias","8":"tag-antony","9":"tag-benfica","10":"tag-breaking-news","11":"tag-breakingnews","12":"tag-featured-news","13":"tag-featurednews","14":"tag-headlines","15":"tag-latest-news","16":"tag-latestnews","17":"tag-main-news","18":"tag-mainnews","19":"tag-maisfutebol","20":"tag-manchester-united","21":"tag-mercado","22":"tag-news","23":"tag-noticias","24":"tag-noticias-principais","25":"tag-noticiasprincipais","26":"tag-portugal","27":"tag-principais-noticias","28":"tag-principaisnoticias","29":"tag-pt","30":"tag-pura-paixao","31":"tag-top-stories","32":"tag-topstories","33":"tag-transferencias","34":"tag-ultimas","35":"tag-ultimas-noticias","36":"tag-ultimasnoticias"},"share_on_mastodon":{"url":"","error":""},"_links":{"self":[{"href":"https:\/\/www.europesays.com\/pt\/wp-json\/wp\/v2\/posts\/19891","targetHints":{"allow":["GET"]}}],"collection":[{"href":"https:\/\/www.europesays.com\/pt\/wp-json\/wp\/v2\/posts"}],"about":[{"href":"https:\/\/www.europesays.com\/pt\/wp-json\/wp\/v2\/types\/post"}],"author":[{"embeddable":true,"href":"https:\/\/www.europesays.com\/pt\/wp-json\/wp\/v2\/users\/2"}],"replies":[{"embeddable":true,"href":"https:\/\/www.europesays.com\/pt\/wp-json\/wp\/v2\/comments?post=19891"}],"version-history":[{"count":0,"href":"https:\/\/www.europesays.com\/pt\/wp-json\/wp\/v2\/posts\/19891\/revisions"}],"wp:featuredmedia":[{"embeddable":true,"href":"https:\/\/www.europesays.com\/pt\/wp-json\/wp\/v2\/media\/19892"}],"wp:attachment":[{"href":"https:\/\/www.europesays.com\/pt\/wp-json\/wp\/v2\/media?parent=19891"}],"wp:term":[{"taxonomy":"category","embeddable":true,"href":"https:\/\/www.europesays.com\/pt\/wp-json\/wp\/v2\/categories?post=19891"},{"taxonomy":"post_tag","embeddable":true,"href":"https:\/\/www.europesays.com\/pt\/wp-json\/wp\/v2\/tags?post=19891"}],"curies":[{"name":"wp","href":"https:\/\/api.w.org\/{rel}","templated":true}]}}