{"id":198913,"date":"2025-12-22T20:40:10","date_gmt":"2025-12-22T20:40:10","guid":{"rendered":"https:\/\/www.europesays.com\/pt\/198913\/"},"modified":"2025-12-22T20:40:10","modified_gmt":"2025-12-22T20:40:10","slug":"unico-amigo-de-claudio-valente-nos-eua-diz-que-universidade-de-brown-arruinou-a-vida-dele","status":"publish","type":"post","link":"https:\/\/www.europesays.com\/pt\/198913\/","title":{"rendered":"\u00danico amigo&#8221; de Cl\u00e1udio Valente nos EUA diz que Universidade de Brown &#8220;arruinou a vida dele"},"content":{"rendered":"\n<p>Cl\u00e1udio Valente \u00e9 suspeito de matar o f\u00edsico Nuno Loureiro e outras duas pessoas na Universidade Brown, nos Estados Unidos.<\/p>\n<p>As autoridades encontraram Cl\u00e1udio Valente morto num armaz\u00e9m em New Hampshire na quinta-feira \u00e0 noite.<\/p>\n<p>A aut\u00f3psia determinou que Valente, um portugu\u00eas que vivia nos EUA, morreu na ter\u00e7a-feira, no mesmo dia em que o compatriota, o professor do  Instituto de Tecnologia de Massachusetts (MIT), Nuno Loureiro, morreu num hospital, informou o gabinete do procurador-geral de New Hampshire, John Formella, em comunicado.<\/p>\n<p>As autoridades acreditam que, depois de matar dois estudantes e ferir outros nove no s\u00e1bado passado em Brown, Valente disparou sobre Loureiro, na sua casa, na regi\u00e3o de Boston, na noite de segunda-feira. <\/p>\n<p>Valente foi monitor do Instituto Superior T\u00e9cnico (IST), em Lisboa, onde foi colega de curso de Loureiro na d\u00e9cada de 1990, tendo a institui\u00e7\u00e3o rescindido o contrato no ano em que foi estudar para os Estados Unidos.<\/p>\n<p>Em fevereiro de 2000, o T\u00e9cnico rescindiu o contrato que tinha com Cl\u00e1udio Neves Valente como monitor, conforme consta num despacho publicado em mar\u00e7o desse ano no Di\u00e1rio da Rep\u00fablica.<\/p>\n","protected":false},"excerpt":{"rendered":"Cl\u00e1udio Valente \u00e9 suspeito de matar o f\u00edsico Nuno Loureiro e outras duas pessoas na Universidade Brown, nos&hellip;\n","protected":false},"author":2,"featured_media":198914,"comment_status":"","ping_status":"","sticky":false,"template":"","format":"standard","meta":{"footnotes":""},"categories":[8],"tags":[27,28,38951,235,15,16,14,25,26,21,22,12,13,19,20,32,23,24,33,17,18,29,30,31,38952],"class_list":{"0":"post-198913","1":"post","2":"type-post","3":"status-publish","4":"format-standard","5":"has-post-thumbnail","7":"category-principais-noticias","8":"tag-breaking-news","9":"tag-breakingnews","10":"tag-claudio-valente","11":"tag-estados-unidos","12":"tag-featured-news","13":"tag-featurednews","14":"tag-headlines","15":"tag-latest-news","16":"tag-latestnews","17":"tag-main-news","18":"tag-mainnews","19":"tag-news","20":"tag-noticias","21":"tag-noticias-principais","22":"tag-noticiasprincipais","23":"tag-portugal","24":"tag-principais-noticias","25":"tag-principaisnoticias","26":"tag-pt","27":"tag-top-stories","28":"tag-topstories","29":"tag-ultimas","30":"tag-ultimas-noticias","31":"tag-ultimasnoticias","32":"tag-universidade-brown"},"share_on_mastodon":{"url":"https:\/\/pubeurope.com\/@pt\/115765157906924839","error":""},"_links":{"self":[{"href":"https:\/\/www.europesays.com\/pt\/wp-json\/wp\/v2\/posts\/198913","targetHints":{"allow":["GET"]}}],"collection":[{"href":"https:\/\/www.europesays.com\/pt\/wp-json\/wp\/v2\/posts"}],"about":[{"href":"https:\/\/www.europesays.com\/pt\/wp-json\/wp\/v2\/types\/post"}],"author":[{"embeddable":true,"href":"https:\/\/www.europesays.com\/pt\/wp-json\/wp\/v2\/users\/2"}],"replies":[{"embeddable":true,"href":"https:\/\/www.europesays.com\/pt\/wp-json\/wp\/v2\/comments?post=198913"}],"version-history":[{"count":0,"href":"https:\/\/www.europesays.com\/pt\/wp-json\/wp\/v2\/posts\/198913\/revisions"}],"wp:featuredmedia":[{"embeddable":true,"href":"https:\/\/www.europesays.com\/pt\/wp-json\/wp\/v2\/media\/198914"}],"wp:attachment":[{"href":"https:\/\/www.europesays.com\/pt\/wp-json\/wp\/v2\/media?parent=198913"}],"wp:term":[{"taxonomy":"category","embeddable":true,"href":"https:\/\/www.europesays.com\/pt\/wp-json\/wp\/v2\/categories?post=198913"},{"taxonomy":"post_tag","embeddable":true,"href":"https:\/\/www.europesays.com\/pt\/wp-json\/wp\/v2\/tags?post=198913"}],"curies":[{"name":"wp","href":"https:\/\/api.w.org\/{rel}","templated":true}]}}