{"id":198917,"date":"2025-12-22T20:42:10","date_gmt":"2025-12-22T20:42:10","guid":{"rendered":"https:\/\/www.europesays.com\/pt\/198917\/"},"modified":"2025-12-22T20:42:10","modified_gmt":"2025-12-22T20:42:10","slug":"uma-ousadia-gigantesca-a-casa-de-babell","status":"publish","type":"post","link":"https:\/\/www.europesays.com\/pt\/198917\/","title":{"rendered":"\u2018Uma ousadia gigantesca\u2019: a casa de BABELL"},"content":{"rendered":"<p>Enquanto por todo o pa\u00eds se assiste ao definhamento e desaparecimento de livrarias hist\u00f3ricas, a Lello &amp; Irm\u00e3o, no Porto, continua de vento em popa.<\/p>\n<p>A decis\u00e3o de cobrar pela entrada na famosa livraria mudou tudo, e a receita gerada tem permitido \u00e0 Funda\u00e7\u00e3o Livraria Lello estar muito ativa na \u00e1rea do mecenato e no mercado: liderou a reconvers\u00e3o do Mosteiro de Le\u00e7a do Balio em centro cultural e sede da pr\u00f3pria funda\u00e7\u00e3o; comprou a pintura Descida da Cruz de Domingos Sequeira; arrematou em leil\u00e3o cartas de amor de Bob Dylan e a biblioteca pessoal da cantora Amy Winehouse; e no ano passado anunciou o investimento de 60 milh\u00f5es de euros em projetos na Baixa do Porto.<\/p>\n<p>Como se n\u00e3o fosse ainda o suficiente, esta semana a Funda\u00e7\u00e3o Livraria Lello apresentou uma nova iniciativa que \u00abprop\u00f5e transformar o Porto num ecossistema liter\u00e1rio vivo, com iniciativas distribu\u00eddas por ruas, pra\u00e7as e equipamentos da cidade\u00bb. Chama-se BABELL \u2013 Cidade-Livro, decorrer\u00e1 de 24 a 30 de junho de 2026 e contar\u00e1 com a presen\u00e7a de nomes de peso:a polaca Olga Tokarczuk, Pr\u00e9mio Nobel em 2018, o brit\u00e2nico Salman Rushdie, a canadiana Margaret Atwood e o fil\u00f3sofo sul-coreano-alem\u00e3o Byung-Chul Han. Para ter acesso \u00e0s sess\u00f5es, basta comprar um livro numa livraria ou alfarrabista.<\/p>\n<p>\u00abEste projeto \u00e9 de uma ousadia gigantesca, de uma ambi\u00e7\u00e3o enorme, de um esp\u00edrito empreendedor que acho que \u00e9 maravilhoso\u00bb, sublinhou o presidente da C\u00e2mara do Porto, Pedro Duarte, na sess\u00e3o de apresenta\u00e7\u00e3o. E revelou a receita: \u00abPensar salto, sonhar e depois p\u00f4r as m\u00e3os na massa, como n\u00f3s aqui gostamos, e come\u00e7ar a concretizar\u00bb.<\/p>\n<p>Rui Couceiro, comiss\u00e1rio do projeto, pretende que a BABELL seja nada menos que \u00abo maior e o melhor evento liter\u00e1rio em Portugal\u00bb. E espera que a iniciativa possa n\u00e3o s\u00f3 \u00abrevolucionar o setor editorial e livreiro\u00bb como ser \u00abreplicada em todo o mundo\u00bb.<\/p>\n","protected":false},"excerpt":{"rendered":"Enquanto por todo o pa\u00eds se assiste ao definhamento e desaparecimento de livrarias hist\u00f3ricas, a Lello &amp; Irm\u00e3o,&hellip;\n","protected":false},"author":2,"featured_media":198918,"comment_status":"","ping_status":"","sticky":false,"template":"","format":"standard","meta":{"footnotes":""},"categories":[144],"tags":[207,205,206,203,201,202,204,114,115,39752,32,33],"class_list":{"0":"post-198917","1":"post","2":"type-post","3":"status-publish","4":"format-standard","5":"has-post-thumbnail","7":"category-arte-e-design","8":"tag-arte","9":"tag-arte-e-design","10":"tag-artedesign","11":"tag-arts","12":"tag-arts-and-design","13":"tag-artsanddesign","14":"tag-design","15":"tag-entertainment","16":"tag-entretenimento","17":"tag-livraria-lello","18":"tag-portugal","19":"tag-pt"},"share_on_mastodon":{"url":"https:\/\/pubeurope.com\/@pt\/115765165664919510","error":""},"_links":{"self":[{"href":"https:\/\/www.europesays.com\/pt\/wp-json\/wp\/v2\/posts\/198917","targetHints":{"allow":["GET"]}}],"collection":[{"href":"https:\/\/www.europesays.com\/pt\/wp-json\/wp\/v2\/posts"}],"about":[{"href":"https:\/\/www.europesays.com\/pt\/wp-json\/wp\/v2\/types\/post"}],"author":[{"embeddable":true,"href":"https:\/\/www.europesays.com\/pt\/wp-json\/wp\/v2\/users\/2"}],"replies":[{"embeddable":true,"href":"https:\/\/www.europesays.com\/pt\/wp-json\/wp\/v2\/comments?post=198917"}],"version-history":[{"count":0,"href":"https:\/\/www.europesays.com\/pt\/wp-json\/wp\/v2\/posts\/198917\/revisions"}],"wp:featuredmedia":[{"embeddable":true,"href":"https:\/\/www.europesays.com\/pt\/wp-json\/wp\/v2\/media\/198918"}],"wp:attachment":[{"href":"https:\/\/www.europesays.com\/pt\/wp-json\/wp\/v2\/media?parent=198917"}],"wp:term":[{"taxonomy":"category","embeddable":true,"href":"https:\/\/www.europesays.com\/pt\/wp-json\/wp\/v2\/categories?post=198917"},{"taxonomy":"post_tag","embeddable":true,"href":"https:\/\/www.europesays.com\/pt\/wp-json\/wp\/v2\/tags?post=198917"}],"curies":[{"name":"wp","href":"https:\/\/api.w.org\/{rel}","templated":true}]}}