{"id":198921,"date":"2025-12-22T20:46:08","date_gmt":"2025-12-22T20:46:08","guid":{"rendered":"https:\/\/www.europesays.com\/pt\/198921\/"},"modified":"2025-12-22T20:46:08","modified_gmt":"2025-12-22T20:46:08","slug":"dc-pode-ter-cancelado-serie-de-batman-robin","status":"publish","type":"post","link":"https:\/\/www.europesays.com\/pt\/198921\/","title":{"rendered":"DC pode ter cancelado s\u00e9rie de Batman &#038; Robin"},"content":{"rendered":"<p class=\"wp-block-yoast-seo-estimated-reading-time yoast-reading-time__wrapper\">Estimated reading time: 2 minutos<\/p>\n<p>Ao que parece, a s\u00e9rie em quadrinhos de <a href=\"https:\/\/ovicio.com.br\/tag\/Batman-e-Robin\/\" target=\"_blank\" rel=\"noreferrer noopener nofollow\">Batman &amp; Robin<\/a> n\u00e3o vai sobreviver \u00e0 sa\u00edda do roteirista <strong>Phillip Kennedy Johnson <\/strong>para a <strong>Marvel<\/strong>.<\/p>\n<p>A edi\u00e7\u00e3o 31 da revista n\u00e3o aparece nas solicita\u00e7\u00f5es de mar\u00e7o da<strong> DC Comics<\/strong>, e isso \u00e9 um forte indicativo de que a editora cancelou a s\u00e9rie ap\u00f3s 30 edi\u00e7\u00f5es.<\/p>\n<p>O <strong>Robin <\/strong>do t\u00edtulo, <strong>Damian Wayne<\/strong>, tamb\u00e9m est\u00e1 totalmente ausente das solicita\u00e7\u00f5es, e isso levanta d\u00favidas sobre o futuro do personagem em Gotham.<\/p>\n<p>Nas edi\u00e7\u00f5es finais da s\u00e9rie, a Dupla Din\u00e2mica enfrenta <strong>Ventr\u00edloquo<\/strong>,<strong> Duas-Caras<\/strong>, <strong>Pinguim <\/strong>e o misterioso <strong>Quiet Man<\/strong>.<\/p>\n<p><strong>Batman &amp; Robin #30 <\/strong>ser\u00e1 publicada em fevereiro nos Estados Unidos.<\/p>\n<p>Leia tamb\u00e9m sobre o Batman:<\/p>\n<p><strong>Fonte: <\/strong><a href=\"https:\/\/bleedingcool.com\/comics\/dc-cancels-heterosexual-robin-and-his-dad-comic-after-only-30-issues\/\" target=\"_blank\" rel=\"noreferrer noopener nofollow\">Bleeding Cool<\/a><\/p>\n","protected":false},"excerpt":{"rendered":"Estimated reading time: 2 minutos Ao que parece, a s\u00e9rie em quadrinhos de Batman &amp; Robin n\u00e3o vai&hellip;\n","protected":false},"author":2,"featured_media":198922,"comment_status":"","ping_status":"","sticky":false,"template":"","format":"standard","meta":{"footnotes":""},"categories":[140],"tags":[1948,39753,39754,2670,114,115,147,148,4464,146,39755,32,33],"class_list":{"0":"post-198921","1":"post","2":"type-post","3":"status-publish","4":"format-standard","5":"has-post-thumbnail","7":"category-filmes","8":"tag-batman","9":"tag-batman-e-robin","10":"tag-damian-wayne","11":"tag-dc-comics","12":"tag-entertainment","13":"tag-entretenimento","14":"tag-film","15":"tag-filmes","16":"tag-marvel-comics","17":"tag-movies","18":"tag-phillip-kennedy-johnson","19":"tag-portugal","20":"tag-pt"},"share_on_mastodon":{"url":"https:\/\/pubeurope.com\/@pt\/115765181787650831","error":""},"_links":{"self":[{"href":"https:\/\/www.europesays.com\/pt\/wp-json\/wp\/v2\/posts\/198921","targetHints":{"allow":["GET"]}}],"collection":[{"href":"https:\/\/www.europesays.com\/pt\/wp-json\/wp\/v2\/posts"}],"about":[{"href":"https:\/\/www.europesays.com\/pt\/wp-json\/wp\/v2\/types\/post"}],"author":[{"embeddable":true,"href":"https:\/\/www.europesays.com\/pt\/wp-json\/wp\/v2\/users\/2"}],"replies":[{"embeddable":true,"href":"https:\/\/www.europesays.com\/pt\/wp-json\/wp\/v2\/comments?post=198921"}],"version-history":[{"count":0,"href":"https:\/\/www.europesays.com\/pt\/wp-json\/wp\/v2\/posts\/198921\/revisions"}],"wp:featuredmedia":[{"embeddable":true,"href":"https:\/\/www.europesays.com\/pt\/wp-json\/wp\/v2\/media\/198922"}],"wp:attachment":[{"href":"https:\/\/www.europesays.com\/pt\/wp-json\/wp\/v2\/media?parent=198921"}],"wp:term":[{"taxonomy":"category","embeddable":true,"href":"https:\/\/www.europesays.com\/pt\/wp-json\/wp\/v2\/categories?post=198921"},{"taxonomy":"post_tag","embeddable":true,"href":"https:\/\/www.europesays.com\/pt\/wp-json\/wp\/v2\/tags?post=198921"}],"curies":[{"name":"wp","href":"https:\/\/api.w.org\/{rel}","templated":true}]}}