{"id":198931,"date":"2025-12-22T20:54:22","date_gmt":"2025-12-22T20:54:22","guid":{"rendered":"https:\/\/www.europesays.com\/pt\/198931\/"},"modified":"2025-12-22T20:54:22","modified_gmt":"2025-12-22T20:54:22","slug":"candidatos-excluidos-do-concurso-especial-de-medicina-no-porto-perdem-acao-em-tribunal-mas-vao-recorrer","status":"publish","type":"post","link":"https:\/\/www.europesays.com\/pt\/198931\/","title":{"rendered":"Candidatos exclu\u00eddos do concurso especial de Medicina no Porto perdem a\u00e7\u00e3o em tribunal, mas v\u00e3o recorrer"},"content":{"rendered":"<p>O Tribunal Administrativo do Porto n\u00e3o deu raz\u00e3o aos 30 candidatos que foram <a href=\"https:\/\/expresso.pt\/sociedade\/ensino\/2025-09-04-reitor-do-porto-denuncia-pressoes-para-facilitar-entradas-em-medicina-ministro-da-educacao-disponibilizou-se-para-abrir-vagas-extra-8e985b62\" target=\"_blank\" rel=\"noopener noreferrer nofollow\">impedidos pelo Reitor<\/a> de entrar no concurso especial de acesso a Medicina para licenciados por n\u00e3o terem tido a nota m\u00ednima, depois de terem sido notificados pela faculdade de que tinham sido admitidos.<\/p>\n<p><a href=\"https:\/\/expresso.pt\/subscrever?action=GEN&amp;channel=BAF&amp;type=CAP&amp;source=WEB&amp;returnUrl=https:\/\/expresso.pt\/sociedade\/2025-12-22-candidatos-excluidos-do-concurso-especial-de-medicina-no-porto-perdem-acao-em-tribunal-mas-vao-recorrer-2e81ff2c&amp;utm_source=expresso&amp;utm_medium=locked_article&amp;locked=true&amp;article_id=0731bc81-3ab9-4a5c-9d2b-6066f85c65fe&amp;author_id=Joana+Pereira+Bastos&amp;category=Sociedade\" target=\"_self\" class=\"\" rel=\"nofollow noopener\">Subscrever<\/a>J\u00e1 \u00e9 Subscritor?Fa\u00e7a login e continue a ler<a href=\"http:\/\/expresso.pt\/codigo?redirectUrl=https:\/\/expresso.pt\/sociedade\/2025-12-22-candidatos-excluidos-do-concurso-especial-de-medicina-no-porto-perdem-acao-em-tribunal-mas-vao-recorrer-2e81ff2c\" target=\"_self\" class=\"\" rel=\"nofollow noopener\">Inserir C\u00f3digo<\/a>Comprou o Expresso?Insira o c\u00f3digo presente na Revista E para continuar a ler<\/p>\n","protected":false},"excerpt":{"rendered":"O Tribunal Administrativo do Porto n\u00e3o deu raz\u00e3o aos 30 candidatos que foram impedidos pelo Reitor de entrar&hellip;\n","protected":false},"author":2,"featured_media":126427,"comment_status":"","ping_status":"","sticky":false,"template":"","format":"standard","meta":{"footnotes":""},"categories":[8],"tags":[27,28,15,16,14,25,26,21,22,12,13,19,20,32,23,24,33,17,18,29,30,31],"class_list":{"0":"post-198931","1":"post","2":"type-post","3":"status-publish","4":"format-standard","5":"has-post-thumbnail","7":"category-principais-noticias","8":"tag-breaking-news","9":"tag-breakingnews","10":"tag-featured-news","11":"tag-featurednews","12":"tag-headlines","13":"tag-latest-news","14":"tag-latestnews","15":"tag-main-news","16":"tag-mainnews","17":"tag-news","18":"tag-noticias","19":"tag-noticias-principais","20":"tag-noticiasprincipais","21":"tag-portugal","22":"tag-principais-noticias","23":"tag-principaisnoticias","24":"tag-pt","25":"tag-top-stories","26":"tag-topstories","27":"tag-ultimas","28":"tag-ultimas-noticias","29":"tag-ultimasnoticias"},"share_on_mastodon":{"url":"https:\/\/pubeurope.com\/@pt\/115765213020878034","error":""},"_links":{"self":[{"href":"https:\/\/www.europesays.com\/pt\/wp-json\/wp\/v2\/posts\/198931","targetHints":{"allow":["GET"]}}],"collection":[{"href":"https:\/\/www.europesays.com\/pt\/wp-json\/wp\/v2\/posts"}],"about":[{"href":"https:\/\/www.europesays.com\/pt\/wp-json\/wp\/v2\/types\/post"}],"author":[{"embeddable":true,"href":"https:\/\/www.europesays.com\/pt\/wp-json\/wp\/v2\/users\/2"}],"replies":[{"embeddable":true,"href":"https:\/\/www.europesays.com\/pt\/wp-json\/wp\/v2\/comments?post=198931"}],"version-history":[{"count":0,"href":"https:\/\/www.europesays.com\/pt\/wp-json\/wp\/v2\/posts\/198931\/revisions"}],"wp:featuredmedia":[{"embeddable":true,"href":"https:\/\/www.europesays.com\/pt\/wp-json\/wp\/v2\/media\/126427"}],"wp:attachment":[{"href":"https:\/\/www.europesays.com\/pt\/wp-json\/wp\/v2\/media?parent=198931"}],"wp:term":[{"taxonomy":"category","embeddable":true,"href":"https:\/\/www.europesays.com\/pt\/wp-json\/wp\/v2\/categories?post=198931"},{"taxonomy":"post_tag","embeddable":true,"href":"https:\/\/www.europesays.com\/pt\/wp-json\/wp\/v2\/tags?post=198931"}],"curies":[{"name":"wp","href":"https:\/\/api.w.org\/{rel}","templated":true}]}}