{"id":198946,"date":"2025-12-22T21:06:37","date_gmt":"2025-12-22T21:06:37","guid":{"rendered":"https:\/\/www.europesays.com\/pt\/198946\/"},"modified":"2025-12-22T21:06:37","modified_gmt":"2025-12-22T21:06:37","slug":"como-a-guerra-na-ucrania-esta-a-aumentar-o-numero-de-renas-mortas-na-finlandia","status":"publish","type":"post","link":"https:\/\/www.europesays.com\/pt\/198946\/","title":{"rendered":"Como a guerra na Ucr\u00e2nia est\u00e1 a aumentar o n\u00famero de renas mortas na Finl\u00e2ndia"},"content":{"rendered":"<p>\t                \u201cFicou pior depois da guerra na Ucr\u00e2nia. Os lobos est\u00e3o a vir do lado russo\u201d, indica Juha Kujala, criador de renas na Finl\u00e2ndia, olhando para a fronteira russa a apenas 40 quil\u00f3metros da sua terra. \u201cAgora que eles v\u00e3o atr\u00e1s de pessoas na Ucr\u00e2nia, n\u00e3o h\u00e1 mais ningu\u00e9m para ca\u00e7ar os lobos.\u201d<\/p>\n<p><strong>Kuusamo, Finl\u00e2ndia<\/strong> &#8211; \u201cEstas s\u00e3o as renas do Pai Natal. Mas temos muita sorte, porque o Pai Natal s\u00f3 precisa delas um dia por ano. Por isso, podemos voar com elas os restantes 364 dias.\u201d<\/p>\n<p>\u00c9 uma frase bem ensaiada. Juha Kujala j\u00e1 a disse muitas vezes ao longo dos anos. Mesmo quando tem \u00e0 sua frente a escassa multid\u00e3o de uma equipa de reportagem da CNN em visita, Juha continua a diz\u00ea-la com um sorriso.<\/p>\n<p>Recentemente, por\u00e9m, o rebanho de renas de Juha enfrentou um perigo incomum. Quase diariamente, Juha encontra carca\u00e7as de renas. O criador de renas culpa um suspeito improv\u00e1vel: o presidente russo, Vladimir Putin, cuja guerra na Ucr\u00e2nia tem consequ\u00eancias de longo alcance.<\/p>\n<p>  <img loading=\"lazy\" decoding=\"async\" alt=\"\" height=\"672\" src=\"https:\/\/www.europesays.com\/pt\/wp-content\/uploads\/2025\/12\/1766437571_574_1000.webp\" width=\"1000\"\/> <\/p>\n<p>    Juha Kujala, um criador de renas de quinta gera\u00e7\u00e3o, na sua quinta em Kuusamo, Finl\u00e2ndia. David von Blohn\/CNN <\/p>\n<p>A fam\u00edlia de Juha faz cria\u00e7\u00e3o de renas em Kuusamo, no norte da Finl\u00e2ndia, h\u00e1 mais de 400 anos. Mais recentemente, Juha tamb\u00e9m abriu as portas da sua propriedade para multid\u00f5es de turistas que viajam de todo o mundo \u00e0 procura de uma experi\u00eancia festiva \u00fanica.<\/p>\n<p>A Lap\u00f3nia, a regi\u00e3o mais setentrional da Finl\u00e2ndia, \u00e9 promovida como a \u201ccasa oficial do Pai Natal\u201d e as centenas de milhares de renas que vagueiam por esta \u00e1rea s\u00e3o uma grande atra\u00e7\u00e3o para crian\u00e7as e adultos.<\/p>\n<p>Depois de renomear a sua quinta como \u201cO Mundo das Renas\u201d, Juha est\u00e1 a lucrar com o boom do turismo. O criador oferece ioga com renas (sim, isso existe) e passeios de tren\u00f3 puxado por renas, dignos de cart\u00f5es postais, pelas florestas cobertas de neve. Juha vende salsicha de rena para o pequeno-almo\u00e7o; peles de rena para tapetes; chifres de rena e carne de rena enlatada para lembran\u00e7as.<\/p>\n<p>Juha mostra-se reticente quando perguntamos qual o n\u00famero de renas que possui &#8211; um assunto que, assim como o seu patrim\u00f3nio l\u00edquido, \u00e9 considerado muito indelicado para falar com qualquer pessoa que n\u00e3o seja da fam\u00edlia mais pr\u00f3xima. Mas s\u00e3o muitas. E elas vagueiam livremente pelas \u00e1reas rurais, pastando \u00e0 vontade na vegeta\u00e7\u00e3o rasteira coberta de geada.<\/p>\n<p>Para os visitantes, as renas s\u00e3o a personifica\u00e7\u00e3o viva do Natal. Para Juha e os outros criadores de renas, elas s\u00e3o a sobreviv\u00eancia.<\/p>\n<p>  <img decoding=\"async\" alt=\"\" src=\"https:\/\/www.europesays.com\/pt\/wp-content\/uploads\/2025\/12\/69498042d34e2bd5c6d56cb6.webp\"\/> <\/p>\n<p>    Juha Kujala oferece uma ampla variedade de produtos tem\u00e1ticos de renas para turistas de todo o mundo. David von Blohn\/CNN <\/p>\n<p>\u201cEles s\u00f3 matam, matam, matam\u201d <\/p>\n<p>\u201cEste ano \u00e9 o pior de sempre nesta zona\u201d, diz Juha, enquanto se agacha junto a uma carca\u00e7a de rena que jaz na neve.<\/p>\n<p>A rena que ele observa foi morta por um lobo poucos dias antes. A sua l\u00edngua foi arrancada pelo predador culpado e pegadas reveladoras foram encontradas no local do crime. Raposas e corvos acabaram de devorar o que restava da carne.<\/p>\n<p>Perder uma rena f\u00eamea, como foi o caso desta, \u00e9 especialmente doloroso para Juha. Uma rena demora cerca de dois anos a atingir a maturidade sexual, e cada f\u00eamea normalmente produz apenas um filhote por ano.<\/p>\n<p>O Minist\u00e9rio da Agricultura e Florestas da Finl\u00e2ndia estima que a morte de uma\u00a0 rena f\u00eamea no auge da sua vida representa para o propriet\u00e1rio uma perda de 1.572 euros. Al\u00e9m disso, os pastores dizem que agora passam grande parte do seu tempo a solicitar uma compensa\u00e7\u00e3o pelas suas perdas ao governo finland\u00eas, que, segundo eles, n\u00e3o \u00e9 suficiente para cobrir os seus custos.<\/p>\n<p>  <img decoding=\"async\" alt=\"\" src=\"https:\/\/www.europesays.com\/pt\/wp-content\/uploads\/2025\/12\/694980dfd34e2bd5c6d56cb8.webp\"\/> <\/p>\n<p>    Juha e os seus colegas encontram renas mortas quase diariamente. David von Blohn\/CNN <\/p>\n<p>\u201c\u00c9 muito triste. Muito, muito triste\u201d, lamenta Juha. \u201cO equil\u00edbrio n\u00e3o est\u00e1 certo. Os lobos s\u00e3o tantos que amea\u00e7am todo o sistema aqui. Eles simplesmente matam, matam, matam. Se n\u00e3o fizermos nada, em poucos anos \u00e1reas inteiras n\u00e3o ter\u00e3o mais renas. Isso \u00e9 triste, porque \u00e9 a coisa mais antiga de toda a Finl\u00e2ndia: a cria\u00e7\u00e3o de renas.\u201d<\/p>\n<p>Dados do Instituto de Recursos Naturais da Finl\u00e2ndia, uma organiza\u00e7\u00e3o de investiga\u00e7\u00e3o que opera sob a tutela do Minist\u00e9rio da Agricultura e Florestas, confirmam que houve um aumento dram\u00e1tico na popula\u00e7\u00e3o de lobos da Finl\u00e2ndia nos \u00faltimos anos, de cerca de 295 na primavera de 2024 para cerca de 430 este ano &#8211; o n\u00famero total mais elevado em d\u00e9cadas.<\/p>\n<p>A Associa\u00e7\u00e3o de Criadores de Renas da Finl\u00e2ndia, que mant\u00e9m um registo atualizado, afirma que cerca de 1.950 renas foram mortas por lobos s\u00f3 este ano \u2013 um aumento de quase 70% em rela\u00e7\u00e3o ao ano passado.<\/p>\n<p>Embora as popula\u00e7\u00f5es de lobos tenham aumentado em toda a Europa, a explica\u00e7\u00e3o mais popular na Finl\u00e2ndia para o n\u00famero recorde de ataques de lobos nas regi\u00f5es de cria\u00e7\u00e3o de renas do norte est\u00e1 a centenas de quil\u00f3metros de dist\u00e2ncia: nas trincheiras russas da Ucr\u00e2nia.<\/p>\n<p>\u201cN\u00e3o resta ningu\u00e9m\u201d a ca\u00e7ar os lobos <\/p>\n<p>A teoria \u00e9 que as renas da Finl\u00e2ndia est\u00e3o a ser mortas em larga escala por lobos russos que atravessam a fronteira de mais de cerca de 1.287 quil\u00f3metros que separa os dois pa\u00edses.<\/p>\n<p>A raz\u00e3o exata pela qual os lobos dessas regi\u00f5es fronteiri\u00e7as russas est\u00e3o a atravessar para a Finl\u00e2ndia \u00e9 objeto de cont\u00ednuo debate cient\u00edfico. Alguns meios de comunica\u00e7\u00e3o russos documentaram o impacto da ind\u00fastria madeireira nos habitats da vida selvagem nessa parte do pa\u00eds.<\/p>\n<p>Uma teoria mais popular entre os cientistas finlandeses e os criadores de renas aponta para a Ucr\u00e2nia.<\/p>\n<p>Os cientistas observam que agora se est\u00e3o a ca\u00e7ar menos lobos na R\u00fassia, gra\u00e7as ao recrutamento em massa e \u00e0 mobiliza\u00e7\u00e3o parcial de homens fisicamente aptos \u2013 incluindo ca\u00e7adores \u2013 para o esfor\u00e7o de guerra russo na Ucr\u00e2nia. E isso pode estar a levar a uma explos\u00e3o de predadores como ursos, carcajus, linces e lobos, todos eles grandes predadores de renas.<\/p>\n<p>\u201cFicou pior depois da guerra na Ucr\u00e2nia. Os lobos est\u00e3o a vir do lado russo\u201d, indica Juha, apontando para a fronteira russa a apenas 40 quil\u00f3metros da sua terra. \u201cAgora que eles v\u00e3o atr\u00e1s de pessoas na Ucr\u00e2nia, n\u00e3o h\u00e1 mais ningu\u00e9m para ca\u00e7ar os lobos.\u201d<\/p>\n<p>Uma teoria realista <\/p>\n<p>Essa narrativa de culpar a R\u00fassia pelos problemas do pa\u00eds est\u00e1 em perfeita sintonia com um sentimento antirrusso generalizado entre o povo finland\u00eas, que h\u00e1 d\u00e9cadas se prepara para um poss\u00edvel conflito com o seu pa\u00eds vizinho.<\/p>\n<p>  <img decoding=\"async\" alt=\"\" src=\"https:\/\/www.europesays.com\/pt\/wp-content\/uploads\/2025\/12\/69498177d34e2bd5c6d56cbf.webp\"\/> <\/p>\n<p>    Guarda de fronteira finlandesa realiza exerc\u00edcio de treino na regi\u00e3o da Lap\u00f3nia, no C\u00edrculo Polar \u00c1rtico. David von Blohn\/CNN <\/p>\n<p>Mas a teoria tamb\u00e9m tem um peso surpreendente. O Instituto de Recursos Naturais da Finl\u00e2ndia analisou, ao longo da \u00faltima d\u00e9cada, em todo o pa\u00eds, milhares de amostras de lobos, muitas vezes recolhidas de fezes ou urina. Recentemente, o instituto notou um aumento acentuado de lobos com marcadores de ADN nunca observados na Finl\u00e2ndia. Os cientistas conclu\u00edram que esses animais provavelmente vieram da fronteira russa.<\/p>\n<p>\u201cAcho que pode ser uma teoria realista\u201d, admite a cientista s\u00e9nior Katja Holmala, que lidera a an\u00e1lise de amostras de lobos h\u00e1 anos. \u201cA principal pista \u00e9 que a ca\u00e7a aos lobos tem diminu\u00eddo no lado russo. Era muito, muito intensa antes da guerra [na Ucr\u00e2nia]. E tamb\u00e9m havia boas recompensas financeiras por cada lobo.\u201d<\/p>\n<p>John Helin, especialista do Black Bird Group, com sede na Finl\u00e2ndia, especializado em monitorizar a invas\u00e3o russa da Ucr\u00e2nia \u2013 e os esfor\u00e7os internos para apoi\u00e1-la \u2013 concorda com a teoria. O especialista aponta para os incentivos monet\u00e1rios significativos oferecidos aos homens russos dispostos a alistar-se no ex\u00e9rcito em regi\u00f5es fronteiri\u00e7as como Murmansk, que fica diretamente a leste da Lap\u00f3nia, bem como para a redu\u00e7\u00e3o geral das taxas de desemprego na R\u00fassia.<\/p>\n<p>\u201c\u00c9 uma narrativa \u00fatil que tudo o que \u00e9 mau vem da R\u00fassia\u201d, reconhece. Mas, acrescenta, \u201co que vimos, especialmente no ano passado, \u00e9 que as mortes por lobos diminu\u00edram, apesar de a popula\u00e7\u00e3o de lobos ter aumentado.\u201d<\/p>\n<p>Dado o sistema pouco transparente de manuten\u00e7\u00e3o de registos na R\u00fassia, ainda n\u00e3o \u00e9 poss\u00edvel provar esta teoria. Mas o n\u00famero de homens dispon\u00edveis para a ca\u00e7a diminuiu claramente.<\/p>\n<p>\u201cH\u00e1 cada vez menos m\u00e3o de obra sazonal excedente que eles possam usar\u00bb, reconhece John Helin. \u201cE essa m\u00e3o de obra sazonal \u00e9 algo que eles geralmente usavam para fazer silvicultura, ca\u00e7a e conserva\u00e7\u00e3o da vida selvagem nessas \u00e1reas.\u201d<\/p>\n<p>\u201cTentem parar esta guerra\u201d <\/p>\n<p>Embora os lobos da Finl\u00e2ndia ainda sejam classificados como uma esp\u00e9cie em perigo cr\u00edtico de extin\u00e7\u00e3o, no m\u00eas passado, o governo apresentou uma legisla\u00e7\u00e3o que permitiria a ca\u00e7a aos lobos. Os conservacionistas manifestaram a sua preocupa\u00e7\u00e3o, mas o Minist\u00e9rio da Agricultura e Florestas afirma reconhecer a necessidade de controlar a popula\u00e7\u00e3o.<\/p>\n<p>Nas \u00e1reas de cria\u00e7\u00e3o de renas, j\u00e1 foram concedidas licen\u00e7as especiais de ca\u00e7a \u2013 e criadores como Juha frequentemente saem com os seus c\u00e3es de ca\u00e7a e espingardas, vasculhando a neve \u00e0 procura de pegadas de lobos.<\/p>\n<p>\u201cAs pessoas que acham que n\u00e3o \u00e9 certo matar lobos deveriam vir aqui\u201d, apela Juha Kujala, que espera um dia passar o seu neg\u00f3cio de renas para os seus quatro filhos. \u201cElas deveriam viver a nossa vida e ver a dor que sentimos quando perdemos as nossas renas.\u201d<\/p>\n<p>Juha Kujala espera que os esfor\u00e7os liderados pelo presidente dos EUA, Donald Trump, tragam paz \u00e0 Ucr\u00e2nia, quase quatro anos ap\u00f3s a invas\u00e3o russa em grande escala.<\/p>\n<p>\u201cEspero sinceramente que a guerra termine\u201d, diz. \u201cEspero que o senhor. Trump, se estiver a ouvir-me, fa\u00e7a tudo o que estiver ao seu alcance. Fa\u00e7a mais do que j\u00e1 fez at\u00e9 agora. Tente parar esta guerra. Acabe com a guerra.\u201d<\/p>\n<p>Darya Tarasova, da CNN, contribuiu para esta reportagem.<\/p>\n","protected":false},"excerpt":{"rendered":"\u201cFicou pior depois da guerra na Ucr\u00e2nia. Os lobos est\u00e3o a vir do lado russo\u201d, indica Juha Kujala,&hellip;\n","protected":false},"author":2,"featured_media":198947,"comment_status":"","ping_status":"","sticky":false,"template":"","format":"standard","meta":{"footnotes":""},"categories":[50],"tags":[609,836,611,27,28,607,608,333,832,604,135,610,476,15,16,5388,301,830,889,14,603,25,26,570,21,22,831,833,62,834,12,13,19,20,835,602,52,32,23,24,39760,839,17,18,29,30,31,63,64,65],"class_list":{"0":"post-198946","1":"post","2":"type-post","3":"status-publish","4":"format-standard","5":"has-post-thumbnail","7":"category-mundo","8":"tag-alerta","9":"tag-analise","10":"tag-ao-minuto","11":"tag-breaking-news","12":"tag-breakingnews","13":"tag-cnn","14":"tag-cnn-portugal","15":"tag-comentadores","16":"tag-costa","17":"tag-crime","18":"tag-desporto","19":"tag-direto","20":"tag-economia","21":"tag-featured-news","22":"tag-featurednews","23":"tag-finlandia","24":"tag-governo","25":"tag-guerra","26":"tag-guerra-na-ucrania","27":"tag-headlines","28":"tag-justica","29":"tag-latest-news","30":"tag-latestnews","31":"tag-live","32":"tag-main-news","33":"tag-mainnews","34":"tag-mais-vistas","35":"tag-marcelo","36":"tag-mundo","37":"tag-negocios","38":"tag-news","39":"tag-noticias","40":"tag-noticias-principais","41":"tag-noticiasprincipais","42":"tag-opiniao","43":"tag-pais","44":"tag-politica","45":"tag-portugal","46":"tag-principais-noticias","47":"tag-principaisnoticias","48":"tag-renas-finlandia","49":"tag-russia","50":"tag-top-stories","51":"tag-topstories","52":"tag-ultimas","53":"tag-ultimas-noticias","54":"tag-ultimasnoticias","55":"tag-world","56":"tag-world-news","57":"tag-worldnews"},"share_on_mastodon":{"url":"","error":"Validation failed: Text character limit of 500 exceeded"},"_links":{"self":[{"href":"https:\/\/www.europesays.com\/pt\/wp-json\/wp\/v2\/posts\/198946","targetHints":{"allow":["GET"]}}],"collection":[{"href":"https:\/\/www.europesays.com\/pt\/wp-json\/wp\/v2\/posts"}],"about":[{"href":"https:\/\/www.europesays.com\/pt\/wp-json\/wp\/v2\/types\/post"}],"author":[{"embeddable":true,"href":"https:\/\/www.europesays.com\/pt\/wp-json\/wp\/v2\/users\/2"}],"replies":[{"embeddable":true,"href":"https:\/\/www.europesays.com\/pt\/wp-json\/wp\/v2\/comments?post=198946"}],"version-history":[{"count":0,"href":"https:\/\/www.europesays.com\/pt\/wp-json\/wp\/v2\/posts\/198946\/revisions"}],"wp:featuredmedia":[{"embeddable":true,"href":"https:\/\/www.europesays.com\/pt\/wp-json\/wp\/v2\/media\/198947"}],"wp:attachment":[{"href":"https:\/\/www.europesays.com\/pt\/wp-json\/wp\/v2\/media?parent=198946"}],"wp:term":[{"taxonomy":"category","embeddable":true,"href":"https:\/\/www.europesays.com\/pt\/wp-json\/wp\/v2\/categories?post=198946"},{"taxonomy":"post_tag","embeddable":true,"href":"https:\/\/www.europesays.com\/pt\/wp-json\/wp\/v2\/tags?post=198946"}],"curies":[{"name":"wp","href":"https:\/\/api.w.org\/{rel}","templated":true}]}}