{"id":198953,"date":"2025-12-22T21:14:13","date_gmt":"2025-12-22T21:14:13","guid":{"rendered":"https:\/\/www.europesays.com\/pt\/198953\/"},"modified":"2025-12-22T21:14:13","modified_gmt":"2025-12-22T21:14:13","slug":"marvel-anuncia-novo-preludio-de-quarteto-fantastico-primeiros-passos","status":"publish","type":"post","link":"https:\/\/www.europesays.com\/pt\/198953\/","title":{"rendered":"Marvel anuncia novo prel\u00fadio de Quarteto Fant\u00e1stico: Primeiros Passos"},"content":{"rendered":"<p class=\"wp-block-yoast-seo-estimated-reading-time yoast-reading-time__wrapper\">Estimated reading time: 2 minutos<\/p>\n<p><a href=\"https:\/\/ovicio.com.br\/filme\/quarteto-fantastico\/\" target=\"_blank\" rel=\"noreferrer noopener nofollow\">Quarteto Fant\u00e1stico: Primeiros Passos (2025)<\/a> vai ganhar mais um especial prel\u00fadio nos quadrinhos, agora com <strong>Dan Slott<\/strong> e <strong>Mark Buckingham<\/strong> formando a equipe criativa.<\/p>\n<p><strong>Fantastic Four: First Foes<\/strong> mostrar\u00e1 a vers\u00e3o do MCU da equipe enfrentando o<strong> Pensador Louco<\/strong>. Situada na Terra-828, a hist\u00f3ria est\u00e1 sendo escrita como se fosse um artigo da Funda\u00e7\u00e3o Futuro.<\/p>\n<p><strong>First Foes <\/strong>ser\u00e1 a primeira de quatro hist\u00f3rias trimestrais que ser\u00e3o lan\u00e7adas ao longo de 2026 pela <strong>Marvel<\/strong>. Cada uma delas ser\u00e1 conectada aos personagens e ao mundo do filme, expandindo momentos e figuras apresentadas em <strong>Primeiros Passos (2025)<\/strong>. Vejas as capas:<\/p>\n<p><img fetchpriority=\"high\" decoding=\"async\" width=\"675\" height=\"1024\" src=\"https:\/\/www.europesays.com\/pt\/wp-content\/uploads\/2025\/12\/20251222-image-8-675x1024.png\" alt=\"\" class=\"lazyload wp-image-878686\"  data-\/>Reprodu\u00e7\u00e3o\/Marvel Comics<img loading=\"lazy\" decoding=\"async\" width=\"675\" height=\"1024\" src=\"https:\/\/www.europesays.com\/pt\/wp-content\/uploads\/2025\/12\/20251222-image-9-675x1024.png\" alt=\"\" class=\"lazyload wp-image-878687\"  data-\/>Reprodu\u00e7\u00e3o\/Marvel Comics<img loading=\"lazy\" decoding=\"async\" width=\"666\" height=\"1024\" src=\"https:\/\/www.europesays.com\/pt\/wp-content\/uploads\/2025\/12\/20251222-image-10-666x1024.png\" alt=\"\" class=\"lazyload wp-image-878688\"  data-\/>Reprodu\u00e7\u00e3o\/Marvel Comics<\/p>\n<p>A publica\u00e7\u00e3o de <strong>Fantastic Four: First Foes<\/strong> est\u00e1 marcada para 4 de mar\u00e7o nos Estados Unidos. Por enquanto, n\u00e3o h\u00e1 previs\u00e3o para a chegada do material ao Brasil.<\/p>\n<p>Leia mais sobre Quarteto Fant\u00e1stico:<\/p>\n<p><strong>Fonte:<\/strong> <a href=\"https:\/\/thedirect.com\/article\/mcu-fantastic-four-movie-first-foes-prequel-comic\" target=\"_blank\" rel=\"noreferrer noopener nofollow\">The Direct<\/a><\/p>\n","protected":false},"excerpt":{"rendered":"Estimated reading time: 2 minutos Quarteto Fant\u00e1stico: Primeiros Passos (2025) vai ganhar mais um especial prel\u00fadio nos quadrinhos,&hellip;\n","protected":false},"author":2,"featured_media":198954,"comment_status":"","ping_status":"","sticky":false,"template":"","format":"standard","meta":{"footnotes":""},"categories":[140],"tags":[1579,12726,114,115,147,148,39761,12730,4809,15412,12733,12734,146,12424,12739,4416,32,33,2669,4465],"class_list":{"0":"post-198953","1":"post","2":"type-post","3":"status-publish","4":"format-standard","5":"has-post-thumbnail","7":"category-filmes","8":"tag-disney","9":"tag-ebon-moss-bachrach","10":"tag-entertainment","11":"tag-entretenimento","12":"tag-film","13":"tag-filmes","14":"tag-galactus","15":"tag-joseph-quinn","16":"tag-julia-garner","17":"tag-kevin-feige","18":"tag-marvel-studios","19":"tag-matt-shakman","20":"tag-movies","21":"tag-o-quarteto-fantastico-primeiros-passos","22":"tag-paul-walter-hauser","23":"tag-pedro-pascal","24":"tag-portugal","25":"tag-pt","26":"tag-quarteto-fantastico","27":"tag-quarteto-fantastico-primeiros-passos"},"share_on_mastodon":{"url":"https:\/\/pubeurope.com\/@pt\/115765292539248244","error":""},"_links":{"self":[{"href":"https:\/\/www.europesays.com\/pt\/wp-json\/wp\/v2\/posts\/198953","targetHints":{"allow":["GET"]}}],"collection":[{"href":"https:\/\/www.europesays.com\/pt\/wp-json\/wp\/v2\/posts"}],"about":[{"href":"https:\/\/www.europesays.com\/pt\/wp-json\/wp\/v2\/types\/post"}],"author":[{"embeddable":true,"href":"https:\/\/www.europesays.com\/pt\/wp-json\/wp\/v2\/users\/2"}],"replies":[{"embeddable":true,"href":"https:\/\/www.europesays.com\/pt\/wp-json\/wp\/v2\/comments?post=198953"}],"version-history":[{"count":0,"href":"https:\/\/www.europesays.com\/pt\/wp-json\/wp\/v2\/posts\/198953\/revisions"}],"wp:featuredmedia":[{"embeddable":true,"href":"https:\/\/www.europesays.com\/pt\/wp-json\/wp\/v2\/media\/198954"}],"wp:attachment":[{"href":"https:\/\/www.europesays.com\/pt\/wp-json\/wp\/v2\/media?parent=198953"}],"wp:term":[{"taxonomy":"category","embeddable":true,"href":"https:\/\/www.europesays.com\/pt\/wp-json\/wp\/v2\/categories?post=198953"},{"taxonomy":"post_tag","embeddable":true,"href":"https:\/\/www.europesays.com\/pt\/wp-json\/wp\/v2\/tags?post=198953"}],"curies":[{"name":"wp","href":"https:\/\/api.w.org\/{rel}","templated":true}]}}