{"id":198955,"date":"2025-12-22T21:15:18","date_gmt":"2025-12-22T21:15:18","guid":{"rendered":"https:\/\/www.europesays.com\/pt\/198955\/"},"modified":"2025-12-22T21:15:18","modified_gmt":"2025-12-22T21:15:18","slug":"dos-relvados-para-a-arte-benzema-compra-quadro-de-picasso","status":"publish","type":"post","link":"https:\/\/www.europesays.com\/pt\/198955\/","title":{"rendered":"Dos relvados para a arte: Benzema compra quadro de Picasso"},"content":{"rendered":"<p data-end=\"500\" data-start=\"225\">Amante de arte, Karim Benzema voltou a dar nas vistas fora dos relvados. O avan\u00e7ado franc\u00eas, Bola de Ouro em 2022, revelou este domingo ter adquirido um quadro de Pablo Picasso, datado de 1964, partilhando uma fotografia nas redes sociais ao lado de uma obra da s\u00e9rie \u00abRetrato de homem barbudo\u00bb.<\/p>\n<p data-end=\"859\" data-start=\"502\">\u00abBem-vindo a casa\u00bb, escreveu o jogador de 37 anos, atualmente ao servi\u00e7o do Al-Ittihad, da Ar\u00e1bia Saudita, numa publica\u00e7\u00e3o que confirma mais um investimento de peso no mundo da arte. O valor da obra n\u00e3o foi divulgado, mas sabe-se que esteve exposta no in\u00edcio do ano numa galeria de Nova Iorque, pertencente ao comerciante de arte norte-americano Helly Nahmad.<\/p>\n<p data-end=\"1161\" data-start=\"861\">A compra surge numa semana assumidamente \u00abcultural\u00bb para Benzema, que recentemente realizou uma visita privada ao Museu do Louvre, em Paris. O internacional franc\u00eas tem vindo a afirmar o seu gosto pela arte, num mercado onde as obras de Picasso atingem valores astron\u00f3micos em leil\u00f5es internacionais.<\/p>\n<p data-end=\"1438\" data-start=\"1163\">Recorde-se que quadros do mestre do cubismo ultrapassam com frequ\u00eancia a fasquia dos 100 milh\u00f5es de euros. Em 2013, \u00abO Sonho\u00bb foi vendido por um valor de 155 milh\u00f5es de d\u00f3lares, cerca de 130 milh\u00f5es de euros, na altura um recorde. O quadro mais caro de sempre de Picasso \u00e9 \u00abAs mulheres de Alger\u00bb, vendido em 2015 por 179,4 milh\u00f5es de d\u00f3lares (cerca de 150 milh\u00f5es de euros).<\/p>\n<blockquote class=\"instagram-media\" data-instgrm-captioned=\"\" data-instgrm-permalink=\"https:\/\/www.instagram.com\/p\/DSiMiidiWqJ\/?utm_source=ig_embed&amp;utm_campaign=loading\" data-instgrm-version=\"14\" style=\" background:#FFF; border:0; border-radius:3px; box-shadow:0 0 1px 0 rgba(0,0,0,0.5),0 1px 10px 0 rgba(0,0,0,0.15); margin: 1px; max-width:540px; min-width:326px; padding:0; width:99.375%; width:-webkit-calc(100% - 2px); width:calc(100% - 2px);\">\n<\/blockquote>\n<p>                                <script async src=\"\/\/www.instagram.com\/embed.js\"><\/script><\/p>\n","protected":false},"excerpt":{"rendered":"Amante de arte, Karim Benzema voltou a dar nas vistas fora dos relvados. O avan\u00e7ado franc\u00eas, Bola de&hellip;\n","protected":false},"author":2,"featured_media":170512,"comment_status":"","ping_status":"","sticky":false,"template":"","format":"standard","meta":{"footnotes":""},"categories":[87],"tags":[207,21890,135,46,11947,32,33,47,39762,134],"class_list":{"0":"post-198955","1":"post","2":"type-post","3":"status-publish","4":"format-standard","5":"has-post-thumbnail","7":"category-desporto","8":"tag-arte","9":"tag-benzema","10":"tag-desporto","11":"tag-maisfutebol","12":"tag-picasso","13":"tag-portugal","14":"tag-pt","15":"tag-pura-paixao","16":"tag-retrato-de-homem-barbudo","17":"tag-sports"},"share_on_mastodon":{"url":"https:\/\/pubeurope.com\/@pt\/115765295483408038","error":""},"_links":{"self":[{"href":"https:\/\/www.europesays.com\/pt\/wp-json\/wp\/v2\/posts\/198955","targetHints":{"allow":["GET"]}}],"collection":[{"href":"https:\/\/www.europesays.com\/pt\/wp-json\/wp\/v2\/posts"}],"about":[{"href":"https:\/\/www.europesays.com\/pt\/wp-json\/wp\/v2\/types\/post"}],"author":[{"embeddable":true,"href":"https:\/\/www.europesays.com\/pt\/wp-json\/wp\/v2\/users\/2"}],"replies":[{"embeddable":true,"href":"https:\/\/www.europesays.com\/pt\/wp-json\/wp\/v2\/comments?post=198955"}],"version-history":[{"count":0,"href":"https:\/\/www.europesays.com\/pt\/wp-json\/wp\/v2\/posts\/198955\/revisions"}],"wp:featuredmedia":[{"embeddable":true,"href":"https:\/\/www.europesays.com\/pt\/wp-json\/wp\/v2\/media\/170512"}],"wp:attachment":[{"href":"https:\/\/www.europesays.com\/pt\/wp-json\/wp\/v2\/media?parent=198955"}],"wp:term":[{"taxonomy":"category","embeddable":true,"href":"https:\/\/www.europesays.com\/pt\/wp-json\/wp\/v2\/categories?post=198955"},{"taxonomy":"post_tag","embeddable":true,"href":"https:\/\/www.europesays.com\/pt\/wp-json\/wp\/v2\/tags?post=198955"}],"curies":[{"name":"wp","href":"https:\/\/api.w.org\/{rel}","templated":true}]}}