{"id":198964,"date":"2025-12-22T21:24:19","date_gmt":"2025-12-22T21:24:19","guid":{"rendered":"https:\/\/www.europesays.com\/pt\/198964\/"},"modified":"2025-12-22T21:24:19","modified_gmt":"2025-12-22T21:24:19","slug":"ventura-desafia-adversarios-a-divulgar-lista-de-donativos-para-campanha-2","status":"publish","type":"post","link":"https:\/\/www.europesays.com\/pt\/198964\/","title":{"rendered":"Ventura desafia advers\u00e1rios a divulgar lista de donativos para campanha"},"content":{"rendered":"<p>        \u201cEstou completamente dispon\u00edvel [para divulgar a lista de donativos para a campanha]. No fim, a meio, quando voc\u00eas entenderem. Agora n\u00e3o faz ainda muito sentido porque\u00a0a campanha ainda n\u00e3o come\u00e7ou. Quando se entender, divulgarmos toda a lista, e eu desafio os meus\u00a0opositores a fazer o mesmo\u201d, desafiou Andr\u00e9 Ventura.    <\/p>\n<p class=\"text-paragraph\">O candidato presidencial e l\u00edder do Chega, Andr\u00e9 Ventura, afirmou, no s\u00e1bado, que vai tornar p\u00fablica a lista de donativos para a sua campanha atrav\u00e9s de um \u2018site\u2019, e desafiou os seus advers\u00e1rios a fazer o mesmo.<\/p>\n<p class=\"text-paragraph\">\u201cEstou completamente dispon\u00edvel [para divulgar a lista de donativos para a campanha]. No fim, a meio, quando voc\u00eas entenderem. Agora n\u00e3o faz ainda muito sentido porque\u00a0a campanha ainda n\u00e3o come\u00e7ou. Quando se entender, divulgarmos toda a lista, e eu desafio os meus\u00a0opositores a fazer o mesmo\u201d, desafiou Andr\u00e9 Ventura.<\/p>\n<p class=\"text-paragraph\">O l\u00edder do Chega falava aos jornalistas no in\u00edcio de uma arruada em Moscavide, concelho de Loures, altura em que foi questionado acerca das declara\u00e7\u00f5es da candidata presidencial Catarina Martins, que hoje considerou importante que exista transpar\u00eancia sobre quem financia as campanhas eleitorais, al\u00e9m da quest\u00e3o dos rendimentos dos candidatos.<\/p>\n<p class=\"text-paragraph\">Andr\u00e9 Ventura apontou que, numa campanha eleitoral para as presidenciais existem apoios dos\u00a0partidos, para quem os tem, mas tamb\u00e9m \u201cdonativos de pessoas individuais,\u00a0at\u00e9 aos montantes que a lei prev\u00ea\u201d.<\/p>\n<p class=\"text-paragraph\">\u201cNo nosso caso \u00e9 tudo feito atrav\u00e9s de um \u2018site\u2019, informaticamente, que fica registado,\u00a0que fica transparente e que fica claro e esclarecido\u201d, afirmou.<\/p>\n<p class=\"text-paragraph\">Na \u00f3tica de Andr\u00e9 Ventura, \u201cquem est\u00e1\u00a0v\u00e1rias vezes a dizer que o Estado tem que ter transpar\u00eancia, tem que\u00a0exigir \u00e0s candidaturas transpar\u00eancia tamb\u00e9m\u201d.<\/p>\n<p class=\"text-paragraph\">\u201cE, portanto, eu na minha vou ter tamb\u00e9m essa\u00a0vontade de transpar\u00eancia\u201d, insistiu.<\/p>\n<p class=\"text-paragraph\">\u00a0O candidato presidencial apontou que \u201ch\u00e1 declara\u00e7\u00f5es que s\u00e3o entregues na Entidade de Contas, em que \u00e9 preciso entregar\u00a0e mostrar todas as contas da campanha\u201d, mas nesta corrida eleitoral est\u00e1 a atingir-se \u201cum n\u00edvel superior\u201d.<\/p>\n<p class=\"text-paragraph\">\u201cQue \u00e9 [divulgar] aqueles que\u00a0apoiam a campanha, quem s\u00e3o e que interesses t\u00eam. Estou completamente dispon\u00edvel para\u00a0isso, seja quem for, seja qual for, n\u00e3o s\u00f3 os que apoiam, como os que trabalham com a\u00a0campanha e os que est\u00e3o a ajudar na campanha, para que fique claro para o pa\u00eds que n\u00e3o\u00a0h\u00e1 nada que me v\u00e1 condicionar\u201d, sustentou.<\/p>\n<p class=\"text-paragraph\">Ventura lembrou ainda que \u201ch\u00e1 muitos anos\u201d que entrega declara\u00e7\u00f5es de rendimentos, uma vez que \u00e9 deputado na Assembleia da Rep\u00fablica.<\/p>\n<p class=\"text-paragraph\">As quest\u00f5es relacionadas com transpar\u00eancia t\u00eam marcado os \u00faltimos dias de pr\u00e9-campanha para as elei\u00e7\u00f5es presidenciais, depois de Lu\u00eds Marques Mendes, candidato apoiado pelo PSD\/CDS-PP, ter divulgado na sexta-feira uma lista com os 22 clientes da sua empresa, e de a sua candidatura ter desafiado os advers\u00e1rios a fazerem o mesmo.<\/p>\n<p class=\"text-paragraph\">\u201cMais do que a quest\u00e3o, enfim, das entidades com quem trabalhou, etc.,\u00a0\u00e9 o condicionamento que parece ter, que parece que est\u00e1 preso por ser verdadeiramente o\u00a0candidato do sistema e do regime\u201d, criticou Andr\u00e9 Ventura.<\/p>\n<p class=\"text-paragraph\">Questionado sobre as declara\u00e7\u00f5es do primeiro-ministro que hoje, em Kiev, na Ucr\u00e2nia, afirmou que \u201cnada obsta\u201d a que Portugal possa enviar militares para aquele pa\u00eds em tempo de paz, e reiterou que o pa\u00eds n\u00e3o ter\u00e1 soldados no terreno neste pa\u00eds enquanto durar a guerra, Ventura disse que tamb\u00e9m n\u00e3o concorda com o envio de militares durante o conflito.<\/p>\n<p class=\"text-paragraph\">O deputado distinguiu esta quest\u00e3o do \u201capoio financeiro, m\u00e9dico ou diplom\u00e1tico\u201d \u00e0 Ucr\u00e2nia, \u201cque Portugal tem que dar\u201d.<\/p>\n<p class=\"text-paragraph\">A arruada no concelho de Loures, onde o candidato j\u00e1 foi vereador antes de se desfiliar do PSD,\u00a0terminou junto a uma esquadra da PSP, Andr\u00e9 Ventura foi cumprimentado por v\u00e1rios cidad\u00e3os que passavam e pediam \u201cselfies\u201d, com alguns a parar os carros e a apitar para o cumprimentar, enquanto os cerca de quarenta apoiantes presentes entoavam c\u00e2nticos de \u201cvit\u00f3ria\u201d.<\/p>\n","protected":false},"excerpt":{"rendered":"\u201cEstou completamente dispon\u00edvel [para divulgar a lista de donativos para a campanha]. No fim, a meio, quando voc\u00eas&hellip;\n","protected":false},"author":2,"featured_media":198965,"comment_status":"","ping_status":"","sticky":false,"template":"","format":"standard","meta":{"footnotes":""},"categories":[8],"tags":[3386,27,28,2258,1705,15,16,14,25,26,21,22,12,13,19,20,32,5215,23,24,33,17,18,29,30,31],"class_list":{"0":"post-198964","1":"post","2":"type-post","3":"status-publish","4":"format-standard","5":"has-post-thumbnail","7":"category-principais-noticias","8":"tag-andre-ventura","9":"tag-breaking-news","10":"tag-breakingnews","11":"tag-eleicoes","12":"tag-eleicoes-presidenciais","13":"tag-featured-news","14":"tag-featurednews","15":"tag-headlines","16":"tag-latest-news","17":"tag-latestnews","18":"tag-main-news","19":"tag-mainnews","20":"tag-news","21":"tag-noticias","22":"tag-noticias-principais","23":"tag-noticiasprincipais","24":"tag-portugal","25":"tag-presidenciais","26":"tag-principais-noticias","27":"tag-principaisnoticias","28":"tag-pt","29":"tag-top-stories","30":"tag-topstories","31":"tag-ultimas","32":"tag-ultimas-noticias","33":"tag-ultimasnoticias"},"share_on_mastodon":{"url":"https:\/\/pubeurope.com\/@pt\/115765330972833072","error":""},"_links":{"self":[{"href":"https:\/\/www.europesays.com\/pt\/wp-json\/wp\/v2\/posts\/198964","targetHints":{"allow":["GET"]}}],"collection":[{"href":"https:\/\/www.europesays.com\/pt\/wp-json\/wp\/v2\/posts"}],"about":[{"href":"https:\/\/www.europesays.com\/pt\/wp-json\/wp\/v2\/types\/post"}],"author":[{"embeddable":true,"href":"https:\/\/www.europesays.com\/pt\/wp-json\/wp\/v2\/users\/2"}],"replies":[{"embeddable":true,"href":"https:\/\/www.europesays.com\/pt\/wp-json\/wp\/v2\/comments?post=198964"}],"version-history":[{"count":0,"href":"https:\/\/www.europesays.com\/pt\/wp-json\/wp\/v2\/posts\/198964\/revisions"}],"wp:featuredmedia":[{"embeddable":true,"href":"https:\/\/www.europesays.com\/pt\/wp-json\/wp\/v2\/media\/198965"}],"wp:attachment":[{"href":"https:\/\/www.europesays.com\/pt\/wp-json\/wp\/v2\/media?parent=198964"}],"wp:term":[{"taxonomy":"category","embeddable":true,"href":"https:\/\/www.europesays.com\/pt\/wp-json\/wp\/v2\/categories?post=198964"},{"taxonomy":"post_tag","embeddable":true,"href":"https:\/\/www.europesays.com\/pt\/wp-json\/wp\/v2\/tags?post=198964"}],"curies":[{"name":"wp","href":"https:\/\/api.w.org\/{rel}","templated":true}]}}