{"id":198978,"date":"2025-12-22T21:36:11","date_gmt":"2025-12-22T21:36:11","guid":{"rendered":"https:\/\/www.europesays.com\/pt\/198978\/"},"modified":"2025-12-22T21:36:11","modified_gmt":"2025-12-22T21:36:11","slug":"zelensky-anuncia-conclusao-de-proposta-de-paz-com-eua-baseada-em-plano-de-20-pontos","status":"publish","type":"post","link":"https:\/\/www.europesays.com\/pt\/198978\/","title":{"rendered":"Zelensky anuncia conclus\u00e3o de proposta de paz com EUA baseada em plano de 20 pontos"},"content":{"rendered":"<p>O Presidente da Ucr\u00e2nia anunciou esta segunda-feira que est\u00e1 conclu\u00eddo o conjunto base de documentos que integra a proposta de paz elaborada em conjunto por Kyiv e pelos EUA, assente num plano estruturado em 20 pontos.<\/p>\n<p>\u201cO plano existe. H\u00e1 garantias de seguran\u00e7a entre n\u00f3s, a Uni\u00e3o Europeia (UE) e os Estados Unidos \u2013 um documento-quadro\u201d, afirmou Volodymyr Zelensky durante um encontro com respons\u00e1veis do servi\u00e7o diplom\u00e1tico ucraniano.<\/p>\n<p>O chefe de Estado explicou que, paralelamente, foi preparado um documento aut\u00f3nomo entre a Ucr\u00e2nia e os EUA que inclui garantias de seguran\u00e7a adicionais. Este texto, segundo Zelensky, ter\u00e1 ainda de ser apreciado pelo Congresso norte-americano, incluindo os respetivos anexos.<\/p>\n<p>Apesar de reconhecer que o plano \u201cprovavelmente n\u00e3o \u00e9 perfeito em todos os aspetos\u201d, o Presidente ucraniano admitiu que qualquer acordo de paz implicar\u00e1 concess\u00f5es. Ainda assim, sublinhou que o envolvimento direto de Washington nas vers\u00f5es preliminares demonstra que as partes est\u00e3o \u201cmuito perto de um resultado concreto\u201d.<\/p>\n<p>Zelensky adiantou tamb\u00e9m que a delega\u00e7\u00e3o ucraniana que esteve em Miami em negocia\u00e7\u00f5es com representantes da Casa Branca regressa hoje a Kyiv. \u201cOs americanos ficaram para negociar com os representantes russos. V\u00e3o falar. E depois receberemos todas as informa\u00e7\u00f5es deles, e eles de n\u00f3s\u201d, resumiu.<\/p>\n<p>Do lado russo, o Kremlin confirmou que o enviado especial Kirill Dmitriev regressa igualmente esta quarta-feira a Moscovo para informar o Presidente Vladimir Putin sobre os resultados das conversa\u00e7\u00f5es realizadas no fim de semana em Miami, centradas numa poss\u00edvel solu\u00e7\u00e3o pac\u00edfica para o conflito na Ucr\u00e2nia.<\/p>\n<p>O an\u00fancio surge num momento de renovada atividade diplom\u00e1tica internacional em torno da guerra iniciada em fevereiro de 2022, com os Estados Unidos a assumirem um papel central na tentativa de aproxima\u00e7\u00e3o entre Kiev e Moscovo.<\/p>\n","protected":false},"excerpt":{"rendered":"O Presidente da Ucr\u00e2nia anunciou esta segunda-feira que est\u00e1 conclu\u00eddo o conjunto base de documentos que integra a&hellip;\n","protected":false},"author":2,"featured_media":198979,"comment_status":"","ping_status":"","sticky":false,"template":"","format":"standard","meta":{"footnotes":""},"categories":[50],"tags":[27,28,413,15,16,830,14,25,26,21,22,62,12,13,19,20,23,24,839,17,18,840,29,30,31,2416,63,64,65],"class_list":{"0":"post-198978","1":"post","2":"type-post","3":"status-publish","4":"format-standard","5":"has-post-thumbnail","7":"category-mundo","8":"tag-breaking-news","9":"tag-breakingnews","10":"tag-eua","11":"tag-featured-news","12":"tag-featurednews","13":"tag-guerra","14":"tag-headlines","15":"tag-latest-news","16":"tag-latestnews","17":"tag-main-news","18":"tag-mainnews","19":"tag-mundo","20":"tag-news","21":"tag-noticias","22":"tag-noticias-principais","23":"tag-noticiasprincipais","24":"tag-principais-noticias","25":"tag-principaisnoticias","26":"tag-russia","27":"tag-top-stories","28":"tag-topstories","29":"tag-ucrania","30":"tag-ultimas","31":"tag-ultimas-noticias","32":"tag-ultimasnoticias","33":"tag-volodymyr-zelensky","34":"tag-world","35":"tag-world-news","36":"tag-worldnews"},"share_on_mastodon":{"url":"https:\/\/pubeurope.com\/@pt\/115765378022885826","error":""},"_links":{"self":[{"href":"https:\/\/www.europesays.com\/pt\/wp-json\/wp\/v2\/posts\/198978","targetHints":{"allow":["GET"]}}],"collection":[{"href":"https:\/\/www.europesays.com\/pt\/wp-json\/wp\/v2\/posts"}],"about":[{"href":"https:\/\/www.europesays.com\/pt\/wp-json\/wp\/v2\/types\/post"}],"author":[{"embeddable":true,"href":"https:\/\/www.europesays.com\/pt\/wp-json\/wp\/v2\/users\/2"}],"replies":[{"embeddable":true,"href":"https:\/\/www.europesays.com\/pt\/wp-json\/wp\/v2\/comments?post=198978"}],"version-history":[{"count":0,"href":"https:\/\/www.europesays.com\/pt\/wp-json\/wp\/v2\/posts\/198978\/revisions"}],"wp:featuredmedia":[{"embeddable":true,"href":"https:\/\/www.europesays.com\/pt\/wp-json\/wp\/v2\/media\/198979"}],"wp:attachment":[{"href":"https:\/\/www.europesays.com\/pt\/wp-json\/wp\/v2\/media?parent=198978"}],"wp:term":[{"taxonomy":"category","embeddable":true,"href":"https:\/\/www.europesays.com\/pt\/wp-json\/wp\/v2\/categories?post=198978"},{"taxonomy":"post_tag","embeddable":true,"href":"https:\/\/www.europesays.com\/pt\/wp-json\/wp\/v2\/tags?post=198978"}],"curies":[{"name":"wp","href":"https:\/\/api.w.org\/{rel}","templated":true}]}}