{"id":198980,"date":"2025-12-22T21:38:39","date_gmt":"2025-12-22T21:38:39","guid":{"rendered":"https:\/\/www.europesays.com\/pt\/198980\/"},"modified":"2025-12-22T21:38:39","modified_gmt":"2025-12-22T21:38:39","slug":"advogado-paulo-topa-detido-no-porto-em-investigacao-por-desvio-de-fundos-justica","status":"publish","type":"post","link":"https:\/\/www.europesays.com\/pt\/198980\/","title":{"rendered":"Advogado Paulo Topa detido no Porto em investiga\u00e7\u00e3o por desvio de fundos | Justi\u00e7a"},"content":{"rendered":"<p>A Pol\u00edcia Judici\u00e1ria (PJ) deteve este domingo, 22 de Dezembro, no Porto o advogado Paulo Topa, confirmou \u00e0 Lusa fonte da pol\u00edcia, tendo a dilig\u00eancia ocorrido no \u00e2mbito de uma investiga\u00e7\u00e3o por desvio de fundos.<\/p>\n<p>A deten\u00e7\u00e3o ocorre dias depois de a SIC noticiar que o advogado e tr\u00eas administradores de insolv\u00eancia s\u00e3o suspeitos de desviar 10 milh\u00f5es de euros de empres\u00e1rios em fal\u00eancia. Ao longo de uma d\u00e9cada, o advogado ter\u00e1 participado na cria\u00e7\u00e3o de 50 empresas de fachada, elaborando cr\u00e9ditos falsos e aliciado pessoas vulner\u00e1veis, incluindo um sem-abrigo, para servirem como testas-de-ferro.<\/p>\n<p>Em comunicado, a Judici\u00e1ria confirma que a deten\u00e7\u00e3o visou acautelar o risco de fuga e foi feita na sequ\u00eancia do mandado de deten\u00e7\u00e3o emitido pelo DIAP Regional do Porto, que indiciou o advogado pela pr\u00e1tica dos crimes de corrup\u00e7\u00e3o activa, insolv\u00eancia dolosa, falsifica\u00e7\u00e3o de documentos e branqueamento de capitais, pelos quais havia sido j\u00e1 detido por duas vezes.<\/p>\n<p>A investiga\u00e7\u00e3o da PJ incide sobre a actua\u00e7\u00e3o concertada do suspeito, interveniente em processos de insolv\u00eancia e ou de recupera\u00e7\u00e3o de empresas, no \u00e2mbito das suas fun\u00e7\u00f5es profissionais, como advogado, actuando conjuntamente com outros dois suspeitos, tamb\u00e9m detidos pela PJ em Abril passado, no desenvolvimento de um esquema criminoso que permitiu beneficiar os insolventes e viabilizar a apropria\u00e7\u00e3o de patrim\u00f3nio pelos pr\u00f3prios ou a favor de terceiros, em preju\u00edzo dos credores.<\/p>\n<p>No esquema eram envolvidas pessoas singulares ou colectivas da sua confian\u00e7a, que se apresentavam com cr\u00e9ditos fict\u00edcios e documenta\u00e7\u00e3o forjada, nomeadamente contratos que t\u00eam por objecto os respectivos bens im\u00f3veis ou alvar\u00e1s de estabelecimento, cr\u00e9ditos esses imediatamente reconhecidos sem estarem devidamente demonstrados.<\/p>\n<p>Tais cr\u00e9ditos fict\u00edcios, al\u00e9m de permitirem a apropria\u00e7\u00e3o imediata de bens m\u00f3veis ou im\u00f3veis, asseguravam a aprova\u00e7\u00e3o dos planos de recupera\u00e7\u00e3o, para que os devedores pudessem tirar proveito dos seus efeitos, suspendendo a ac\u00e7\u00e3o dos reais credores e dissipando o patrim\u00f3nio existente.<\/p>\n<p>No site da Ordem dos Advogados, a c\u00e9dula profissional de Paulo Topa surge como estando inactiva.<\/p>\n<p>\u200bPaulo Topa ser\u00e1 ouvido no primeiro interrogat\u00f3rio judicial nas 48 horas ap\u00f3s a deten\u00e7\u00e3o, o que dever\u00e1 ocorrer at\u00e9 ter\u00e7a-feira no Tribunal de Instru\u00e7\u00e3o Criminal do Porto.<\/p>\n","protected":false},"excerpt":{"rendered":"A Pol\u00edcia Judici\u00e1ria (PJ) deteve este domingo, 22 de Dezembro, no Porto o advogado Paulo Topa, confirmou \u00e0&hellip;\n","protected":false},"author":2,"featured_media":198981,"comment_status":"","ping_status":"","sticky":false,"template":"","format":"standard","meta":{"footnotes":""},"categories":[8],"tags":[27,28,15,16,14,603,25,26,21,22,12,13,19,20,10703,4107,2445,32,23,24,33,58,17,18,29,30,31],"class_list":{"0":"post-198980","1":"post","2":"type-post","3":"status-publish","4":"format-standard","5":"has-post-thumbnail","7":"category-principais-noticias","8":"tag-breaking-news","9":"tag-breakingnews","10":"tag-featured-news","11":"tag-featurednews","12":"tag-headlines","13":"tag-justica","14":"tag-latest-news","15":"tag-latestnews","16":"tag-main-news","17":"tag-mainnews","18":"tag-news","19":"tag-noticias","20":"tag-noticias-principais","21":"tag-noticiasprincipais","22":"tag-ordem-dos-advogados","23":"tag-pj","24":"tag-policia-judiciaria","25":"tag-portugal","26":"tag-principais-noticias","27":"tag-principaisnoticias","28":"tag-pt","29":"tag-sociedade","30":"tag-top-stories","31":"tag-topstories","32":"tag-ultimas","33":"tag-ultimas-noticias","34":"tag-ultimasnoticias"},"share_on_mastodon":{"url":"https:\/\/pubeurope.com\/@pt\/115765386011249350","error":""},"_links":{"self":[{"href":"https:\/\/www.europesays.com\/pt\/wp-json\/wp\/v2\/posts\/198980","targetHints":{"allow":["GET"]}}],"collection":[{"href":"https:\/\/www.europesays.com\/pt\/wp-json\/wp\/v2\/posts"}],"about":[{"href":"https:\/\/www.europesays.com\/pt\/wp-json\/wp\/v2\/types\/post"}],"author":[{"embeddable":true,"href":"https:\/\/www.europesays.com\/pt\/wp-json\/wp\/v2\/users\/2"}],"replies":[{"embeddable":true,"href":"https:\/\/www.europesays.com\/pt\/wp-json\/wp\/v2\/comments?post=198980"}],"version-history":[{"count":0,"href":"https:\/\/www.europesays.com\/pt\/wp-json\/wp\/v2\/posts\/198980\/revisions"}],"wp:featuredmedia":[{"embeddable":true,"href":"https:\/\/www.europesays.com\/pt\/wp-json\/wp\/v2\/media\/198981"}],"wp:attachment":[{"href":"https:\/\/www.europesays.com\/pt\/wp-json\/wp\/v2\/media?parent=198980"}],"wp:term":[{"taxonomy":"category","embeddable":true,"href":"https:\/\/www.europesays.com\/pt\/wp-json\/wp\/v2\/categories?post=198980"},{"taxonomy":"post_tag","embeddable":true,"href":"https:\/\/www.europesays.com\/pt\/wp-json\/wp\/v2\/tags?post=198980"}],"curies":[{"name":"wp","href":"https:\/\/api.w.org\/{rel}","templated":true}]}}