{"id":198996,"date":"2025-12-22T21:50:11","date_gmt":"2025-12-22T21:50:11","guid":{"rendered":"https:\/\/www.europesays.com\/pt\/198996\/"},"modified":"2025-12-22T21:50:11","modified_gmt":"2025-12-22T21:50:11","slug":"trump-prepara-anuncio-sobre-transformacao-de-frota-naval-militar-dos-eua","status":"publish","type":"post","link":"https:\/\/www.europesays.com\/pt\/198996\/","title":{"rendered":"Trump prepara an\u00fancio sobre transforma\u00e7\u00e3o de frota naval militar dos EUA"},"content":{"rendered":"<p>                De acordo com informa\u00e7\u00f5es dadas por um alto funcion\u00e1rio da Casa Branca \u00e0 AFP, os Estados Unidos n\u00e3o pretendem manter-se inativos face \u00e0 crescente presen\u00e7a da China neste setor. O comunicado \u00e0 imprensa ser\u00e1 feito por Trump \u00e0s 16h30, hora local (21h30 GMT), na Florida, onde passa f\u00e9rias no seu resort Mar-a-Lago.<\/p>\n<p>Ao lado de Trump estar\u00e3o o secret\u00e1rio de Estado, Marco Rubio, o secret\u00e1rio do Pent\u00e1gono, Pete Hegseth, e o secret\u00e1rio da Marinha, John Whelan.<\/p>\n<p>O an\u00fancio surge pouco depois do <b>Congresso dos EUA ter aprovado um projeto de lei de Defesa que destina mais de 900 mil milh\u00f5es de d\u00f3lares<\/b> em financiamento anual.<\/p>\n<p>Sucede tamb\u00e9m ao an\u00fancio da Marinha dos EUA, a 19 de dezembro, de um novo projeto para um pequeno navio de guerra, atualmente designado FF(X).<\/p>\n<p>Estas <b>futuras fragatas s\u00e3o concebidas, segundo a Marinha, como adi\u00e7\u00f5es vers\u00e1teis e altamente m\u00f3veis \u00e0 frota existente<\/b> &#8211; que o presidente dos EUA quer transformar numa &#8220;Frota Dourada&#8221;, um conceito ainda vago que ecoa a sua promessa de conduzir os Estados Unidos para uma &#8220;era dourada&#8221;.<\/p>\n<p>O objetivo, segundo a Marinha dos EUA, \u00e9 lan\u00e7ar o primeiro destes novos navios em 2028.<\/p>\n<p>Os especialistas afirmam que <b>os Estados Unidos possuem uma capacidade de proje\u00e7\u00e3o de poder naval significativamente superior \u00e0 da China, mas esta \u00faltima tem empreendido uma r\u00e1pida moderniza\u00e7\u00e3o da sua marinha<\/b>.<\/p>\n<p>Pequim colocou recentemente em funcionamento o seu terceiro porta-avi\u00f5es, equipado com um sistema de catapulta electromagn\u00e9tica, e rumores persistentes sugerem que um quarto est\u00e1 em constru\u00e7\u00e3o.<\/p>\n<p>com ag\u00eancias&#13;\n            <\/p>\n","protected":false},"excerpt":{"rendered":"De acordo com informa\u00e7\u00f5es dadas por um alto funcion\u00e1rio da Casa Branca \u00e0 AFP, os Estados Unidos n\u00e3o&hellip;\n","protected":false},"author":2,"featured_media":198997,"comment_status":"","ping_status":"","sticky":false,"template":"","format":"standard","meta":{"footnotes":""},"categories":[50],"tags":[27,28,92,15,16,39772,14,25,26,21,22,18507,62,12,13,19,20,39773,23,24,17,18,29,30,31,63,64,65],"class_list":{"0":"post-198996","1":"post","2":"type-post","3":"status-publish","4":"format-standard","5":"has-post-thumbnail","7":"category-mundo","8":"tag-breaking-news","9":"tag-breakingnews","10":"tag-donald-trump","11":"tag-featured-news","12":"tag-featurednews","13":"tag-frota-dourada","14":"tag-headlines","15":"tag-latest-news","16":"tag-latestnews","17":"tag-main-news","18":"tag-mainnews","19":"tag-marco-rubio","20":"tag-mundo","21":"tag-news","22":"tag-noticias","23":"tag-noticias-principais","24":"tag-noticiasprincipais","25":"tag-pete-egseth","26":"tag-principais-noticias","27":"tag-principaisnoticias","28":"tag-top-stories","29":"tag-topstories","30":"tag-ultimas","31":"tag-ultimas-noticias","32":"tag-ultimasnoticias","33":"tag-world","34":"tag-world-news","35":"tag-worldnews"},"share_on_mastodon":{"url":"https:\/\/pubeurope.com\/@pt\/115765432995866461","error":""},"_links":{"self":[{"href":"https:\/\/www.europesays.com\/pt\/wp-json\/wp\/v2\/posts\/198996","targetHints":{"allow":["GET"]}}],"collection":[{"href":"https:\/\/www.europesays.com\/pt\/wp-json\/wp\/v2\/posts"}],"about":[{"href":"https:\/\/www.europesays.com\/pt\/wp-json\/wp\/v2\/types\/post"}],"author":[{"embeddable":true,"href":"https:\/\/www.europesays.com\/pt\/wp-json\/wp\/v2\/users\/2"}],"replies":[{"embeddable":true,"href":"https:\/\/www.europesays.com\/pt\/wp-json\/wp\/v2\/comments?post=198996"}],"version-history":[{"count":0,"href":"https:\/\/www.europesays.com\/pt\/wp-json\/wp\/v2\/posts\/198996\/revisions"}],"wp:featuredmedia":[{"embeddable":true,"href":"https:\/\/www.europesays.com\/pt\/wp-json\/wp\/v2\/media\/198997"}],"wp:attachment":[{"href":"https:\/\/www.europesays.com\/pt\/wp-json\/wp\/v2\/media?parent=198996"}],"wp:term":[{"taxonomy":"category","embeddable":true,"href":"https:\/\/www.europesays.com\/pt\/wp-json\/wp\/v2\/categories?post=198996"},{"taxonomy":"post_tag","embeddable":true,"href":"https:\/\/www.europesays.com\/pt\/wp-json\/wp\/v2\/tags?post=198996"}],"curies":[{"name":"wp","href":"https:\/\/api.w.org\/{rel}","templated":true}]}}