{"id":198998,"date":"2025-12-22T21:52:14","date_gmt":"2025-12-22T21:52:14","guid":{"rendered":"https:\/\/www.europesays.com\/pt\/198998\/"},"modified":"2025-12-22T21:52:14","modified_gmt":"2025-12-22T21:52:14","slug":"governo-chega-a-acordo-com-sindicatos-para-revisao-das-carreiras-de-reinsercao-social","status":"publish","type":"post","link":"https:\/\/www.europesays.com\/pt\/198998\/","title":{"rendered":"Governo chega a acordo com sindicatos para revis\u00e3o das carreiras de reinser\u00e7\u00e3o social"},"content":{"rendered":"<p>O Governo chegou esta segunda-feira a acordo com tr\u00eas estruturas sindicais para a revis\u00e3o das carreiras dos trabalhadores de reinser\u00e7\u00e3o social, incluindo a cria\u00e7\u00e3o de um subs\u00eddio de risco, anunciou o Minist\u00e9rio da Justi\u00e7a.<\/p>\n<p>Em comunicado, o minist\u00e9rio refere que o acordo para a revis\u00e3o das carreiras n\u00e3o revistas de t\u00e9cnico superior de reinser\u00e7\u00e3o social, t\u00e9cnico profissional de reinser\u00e7\u00e3o social e t\u00e9cnico superior de reeduca\u00e7\u00e3o foi firmado com a Federa\u00e7\u00e3o de Sindicatos da Administra\u00e7\u00e3o P\u00fablica e de Entidades com Fins P\u00fablicos (FESAP), a Frente Sindical e a Federa\u00e7\u00e3o Nacional dos Sindicatos dos Trabalhadores em Fun\u00e7\u00f5es P\u00fablicas e Sociais (FNSTFPS).<\/p>\n<p>O acordo prev\u00ea a cria\u00e7\u00e3o de duas carreiras: uma de T\u00e9cnico Superior de Reintegra\u00e7\u00e3o Social, para a qual transitam os atuais t\u00e9cnicos superiores de reeduca\u00e7\u00e3o, de reinser\u00e7\u00e3o social e de carreira geral integrados em equipas de reinser\u00e7\u00e3o ou com fun\u00e7\u00f5es de reeduca\u00e7\u00e3o; e outra de T\u00e9cnico de Reintegra\u00e7\u00e3o Social, destinada aos atuais t\u00e9cnicos profissionais de reinser\u00e7\u00e3o social.<\/p>\n<p>Segundo a nota, foi acordada &#8220;a valoriza\u00e7\u00e3o gradual&#8221; das tabelas remunerat\u00f3rias de ambas as carreiras at\u00e9 2027, &#8220;com um regime especial de reposicionamento para os trabalhadores com mais de 20 anos ou mais de desempenho&#8221; das fun\u00e7\u00f5es em causa.<\/p>\n<p>&#8220;\u00c9 tamb\u00e9m criado um suplemento de risco para a profiss\u00e3o, associado \u00e0s carreiras especiais da Dire\u00e7\u00e3o-Geral da Reinser\u00e7\u00e3o e dos Servi\u00e7os Prisionais, em particular \u00e0s novas carreiras de T\u00e9cnico Superior de Reintegra\u00e7\u00e3o Social e T\u00e9cnico de Reintegra\u00e7\u00e3o Social&#8221;, acrescenta o minist\u00e9rio tutelado por Rita Alarc\u00e3o J\u00fadice.<\/p>\n<p>O estabelecido \u00e9 que este suplemento seja atualizado &#8220;de acordo com a atualiza\u00e7\u00e3o anual da administra\u00e7\u00e3o p\u00fablica&#8221;.<\/p>\n<p>O acordo com a FESAP, a Frente Sindical, representada pelo Sindicato dos Quadros T\u00e9cnicos do Estado (STE), e a FNSTFPS prev\u00ea, simultaneamente, a extin\u00e7\u00e3o da carreira de Administrador Prisional, com a integra\u00e7\u00e3o destes trabalhadores na carreira geral de T\u00e9cnico Superior, &#8220;contemplando um regime de reposicionamento gradual at\u00e9 2027&#8221;.<\/p>\n<p>&#8220;Damos hoje mais um passo essencial na valoriza\u00e7\u00e3o das carreiras da Justi\u00e7a e cumprimos um dos compromissos assumidos na dignifica\u00e7\u00e3o de carreiras que aguardavam, h\u00e1 cerca de 20 anos, por este momento&#8221;, sublinha, no comunicado, a ministra da Justi\u00e7a.<\/p>\n","protected":false},"excerpt":{"rendered":"O Governo chegou esta segunda-feira a acordo com tr\u00eas estruturas sindicais para a revis\u00e3o das carreiras dos trabalhadores&hellip;\n","protected":false},"author":2,"featured_media":198999,"comment_status":"","ping_status":"","sticky":false,"template":"","format":"standard","meta":{"footnotes":""},"categories":[8],"tags":[27,28,15,16,14,25,26,21,22,12,13,19,20,32,23,24,33,17,18,29,30,31],"class_list":{"0":"post-198998","1":"post","2":"type-post","3":"status-publish","4":"format-standard","5":"has-post-thumbnail","7":"category-principais-noticias","8":"tag-breaking-news","9":"tag-breakingnews","10":"tag-featured-news","11":"tag-featurednews","12":"tag-headlines","13":"tag-latest-news","14":"tag-latestnews","15":"tag-main-news","16":"tag-mainnews","17":"tag-news","18":"tag-noticias","19":"tag-noticias-principais","20":"tag-noticiasprincipais","21":"tag-portugal","22":"tag-principais-noticias","23":"tag-principaisnoticias","24":"tag-pt","25":"tag-top-stories","26":"tag-topstories","27":"tag-ultimas","28":"tag-ultimas-noticias","29":"tag-ultimasnoticias"},"share_on_mastodon":{"url":"https:\/\/pubeurope.com\/@pt\/115765440986988060","error":""},"_links":{"self":[{"href":"https:\/\/www.europesays.com\/pt\/wp-json\/wp\/v2\/posts\/198998","targetHints":{"allow":["GET"]}}],"collection":[{"href":"https:\/\/www.europesays.com\/pt\/wp-json\/wp\/v2\/posts"}],"about":[{"href":"https:\/\/www.europesays.com\/pt\/wp-json\/wp\/v2\/types\/post"}],"author":[{"embeddable":true,"href":"https:\/\/www.europesays.com\/pt\/wp-json\/wp\/v2\/users\/2"}],"replies":[{"embeddable":true,"href":"https:\/\/www.europesays.com\/pt\/wp-json\/wp\/v2\/comments?post=198998"}],"version-history":[{"count":0,"href":"https:\/\/www.europesays.com\/pt\/wp-json\/wp\/v2\/posts\/198998\/revisions"}],"wp:featuredmedia":[{"embeddable":true,"href":"https:\/\/www.europesays.com\/pt\/wp-json\/wp\/v2\/media\/198999"}],"wp:attachment":[{"href":"https:\/\/www.europesays.com\/pt\/wp-json\/wp\/v2\/media?parent=198998"}],"wp:term":[{"taxonomy":"category","embeddable":true,"href":"https:\/\/www.europesays.com\/pt\/wp-json\/wp\/v2\/categories?post=198998"},{"taxonomy":"post_tag","embeddable":true,"href":"https:\/\/www.europesays.com\/pt\/wp-json\/wp\/v2\/tags?post=198998"}],"curies":[{"name":"wp","href":"https:\/\/api.w.org\/{rel}","templated":true}]}}