{"id":199312,"date":"2025-12-23T02:57:11","date_gmt":"2025-12-23T02:57:11","guid":{"rendered":"https:\/\/www.europesays.com\/pt\/199312\/"},"modified":"2025-12-23T02:57:11","modified_gmt":"2025-12-23T02:57:11","slug":"mariana-rios-anuncia-nascimento-do-primeiro-filho-com-juca-diniz","status":"publish","type":"post","link":"https:\/\/www.europesays.com\/pt\/199312\/","title":{"rendered":"Mariana Rios anuncia nascimento do primeiro filho com Juca Diniz"},"content":{"rendered":"<p><a href=\"https:\/\/caras.com.br\/tags\/mariana-rios\" target=\"_blank\" rel=\"noopener nofollow\"><strong>Mariana Rios<\/strong><\/a> usou as redes sociais nesta segunda-feira, 22, para anunciar o nascimento de <strong>Palo<\/strong>, seu primeiro filho com o empres\u00e1rio <strong>Juca Diniz<\/strong>.<\/p>\n<p>Em seu perfil oficial, a atriz, cantora e apresentadora compartilhou uma foto com o herdeiro nos bra\u00e7os logo ap\u00f3s o parto e dividiu o momento especial. \u201c22.12.2025. Palo Rios Botelho Diniz d\u2019Avila. Deus te aben\u00e7oe, meu filho!\u201d, escreveu a mam\u00e3e na legenda da publica\u00e7\u00e3o.<\/p>\n<p>Os amigos famosos deixaram mensagens de felicita\u00e7\u00f5es nos coment\u00e1rios. \u201cQue lindeza, Mari! Parab\u00e9ns!\u201d, disse a atriz Fernanda Rodrigues. \u201cAhhhh que amor. Meu amiguinho de inf\u00e2ncia nasceu\u201d, escreveu a apresentadora\u00a0Ticiane Pinheiro.\u00a0\u201cSeja bem-vindo, Palo! E parab\u00e9ns aos papais. Muito amor e sa\u00fade para a fam\u00edlia\u201d, desejou a atriz Lucy Ramos.\u00a0\u201cQue gracinha!!! Deus aben\u00e7oe voc\u00eas\u201d, falou a apresentadora Eliana.\u00a0\u201cMuita alegria pra essa fam\u00edlia linda! Bem-vindo, Palo!\u201d, comentou a atriz Milena Toscano.<\/p>\n<p>Vale lembrar que <a href=\"https:\/\/caras.com.br\/bebe\/mariana-rios-lamenta-ataques-apos-revelar-nome-do-filho-doloroso.phtml\" target=\"_blank\" rel=\"noopener nofollow\">Mariana recebeu diversas cr\u00edticas ap\u00f3s revelar o nome do filho<\/a>. \u201cSou muito convicta das minhas ideias e escolhas, e dificilmente algo da internet me abala. Mas, ao ler os coment\u00e1rios sobre o nome, percebi o quanto as pessoas est\u00e3o tristes, sem amor e sem esperan\u00e7a. \u00c9 muito doloroso ver adultos criticando uma crian\u00e7a que ainda nem nasceu\u201d, disse ela em entrevista \u00e0 revista Crescer.<\/p>\n<p><strong>Confira:<\/strong><\/p>\n<blockquote class=\"instagram-media\" style=\"background: #FFF; border: 0; border-radius: 3px; box-shadow: 0 0 1px 0 rgba(0,0,0,0.5),0 1px 10px 0 rgba(0,0,0,0.15); margin: 1px; max-width: 540px; min-width: 326px; padding: 0; width: calc(100% - 2px);\" data-instgrm-permalink=\"https:\/\/www.instagram.com\/p\/DSlHVW9Abl-\/?utm_source=ig_embed&amp;utm_campaign=loading\" data-instgrm-version=\"14\"><\/blockquote>\n<p>Alguns dias antes do nascimento do filho, Mariana Rios compartilhou uma carta aberta emocionante em formato de v\u00eddeo, relatando a transforma\u00e7\u00e3o em sua vida com a chegada do beb\u00ea, fruto de seu relacionamento com Juca Diniz.<\/p>\n<p>\u201cHoje, eu amanheci nesse domingo, ainda sendo a Mariana de antes. Aquela que espera, e ao mesmo tempo, j\u00e1 t\u00e3o pr\u00f3xima da Mariana que nasce com a sua chegada. E que alegria profunda isso me d\u00e1. Hoje eu me despedi de um ciclo que se encerra no instante em que voc\u00ea vem para o mundo. Nada mais ser\u00e1 igual. E por isso eu dou gra\u00e7as a Deus. Eu prometo n\u00e3o sentir saudades de quem eu era antes de voc\u00ea, porque toda mudan\u00e7a \u00e9 bem-vinda, e essa ser\u00e1 a mais transformadora de todas (\u2026)\u201d, disse ela. <a href=\"https:\/\/caras.com.br\/bebe\/mariana-rios-se-emociona-em-carta-aberta-ao-filho-antes-de-dar-a-luz-transbordando.phtml\" target=\"_blank\" rel=\"noopener nofollow\"><strong>Veja o relato completo!<\/strong><\/a><\/p>\n<p><strong>Leia tamb\u00e9m:<\/strong> <a href=\"https:\/\/caras.com.br\/casa-dos-famosos\/na-reta-final-da-gravidez-mariana-rios-mostra-video-da-decoracao-de-natal-inspirada-no-filho.phtml\" target=\"_blank\" rel=\"noopener nofollow\">Na reta final da gravidez, Mariana Rios mostra v\u00eddeo da decora\u00e7\u00e3o de Natal inspirada no filho<\/a><\/p>\n<p>        <a href=\"https:\/\/caras.com.br\/autor\/daniela-santos\" rel=\"nofollow noopener\" target=\"_blank\">&#13;<br \/>\n          <img loading=\"lazy\" decoding=\"async\" alt=\"Daniela Santos\" src=\"https:\/\/www.europesays.com\/pt\/wp-content\/uploads\/2025\/09\/1758949148_187_daniela-santos_sqmd.jpg\" class=\"avatar avatar-115 photo rounded-circle\" height=\"115\" width=\"115\"\/>        <\/a><\/p>\n<p><b>Daniela Santos<\/b> \u00e9 rep\u00f3rter do site CARAS. Formada em jornalismo pela FIAM FAAM, atua na \u00e1rea de celebridades e TV desde 2018<\/p>\n<p>\t                                            <script async src=\"\/\/www.instagram.com\/embed.js\"><\/script><\/p>\n","protected":false},"excerpt":{"rendered":"Mariana Rios usou as redes sociais nesta segunda-feira, 22, para anunciar o nascimento de Palo, seu primeiro filho&hellip;\n","protected":false},"author":2,"featured_media":199313,"comment_status":"","ping_status":"","sticky":false,"template":"","format":"standard","meta":{"footnotes":""},"categories":[145],"tags":[211,210,114,115,3435,20742,2211,4897,32,33],"class_list":{"0":"post-199312","1":"post","2":"type-post","3":"status-publish","4":"format-standard","5":"has-post-thumbnail","7":"category-celebridades","8":"tag-celebridades","9":"tag-celebrities","10":"tag-entertainment","11":"tag-entretenimento","12":"tag-filho","13":"tag-juca-diniz","14":"tag-mariana-rios","15":"tag-nascimento","16":"tag-portugal","17":"tag-pt"},"share_on_mastodon":{"url":"https:\/\/pubeurope.com\/@pt\/115766640451520545","error":""},"_links":{"self":[{"href":"https:\/\/www.europesays.com\/pt\/wp-json\/wp\/v2\/posts\/199312","targetHints":{"allow":["GET"]}}],"collection":[{"href":"https:\/\/www.europesays.com\/pt\/wp-json\/wp\/v2\/posts"}],"about":[{"href":"https:\/\/www.europesays.com\/pt\/wp-json\/wp\/v2\/types\/post"}],"author":[{"embeddable":true,"href":"https:\/\/www.europesays.com\/pt\/wp-json\/wp\/v2\/users\/2"}],"replies":[{"embeddable":true,"href":"https:\/\/www.europesays.com\/pt\/wp-json\/wp\/v2\/comments?post=199312"}],"version-history":[{"count":0,"href":"https:\/\/www.europesays.com\/pt\/wp-json\/wp\/v2\/posts\/199312\/revisions"}],"wp:featuredmedia":[{"embeddable":true,"href":"https:\/\/www.europesays.com\/pt\/wp-json\/wp\/v2\/media\/199313"}],"wp:attachment":[{"href":"https:\/\/www.europesays.com\/pt\/wp-json\/wp\/v2\/media?parent=199312"}],"wp:term":[{"taxonomy":"category","embeddable":true,"href":"https:\/\/www.europesays.com\/pt\/wp-json\/wp\/v2\/categories?post=199312"},{"taxonomy":"post_tag","embeddable":true,"href":"https:\/\/www.europesays.com\/pt\/wp-json\/wp\/v2\/tags?post=199312"}],"curies":[{"name":"wp","href":"https:\/\/api.w.org\/{rel}","templated":true}]}}