{"id":199314,"date":"2025-12-23T03:01:47","date_gmt":"2025-12-23T03:01:47","guid":{"rendered":"https:\/\/www.europesays.com\/pt\/199314\/"},"modified":"2025-12-23T03:01:47","modified_gmt":"2025-12-23T03:01:47","slug":"apos-tres-meses-liliana-oliveira-reencontra-se-com-a-mae-saiba-o-que-lhe-disse","status":"publish","type":"post","link":"https:\/\/www.europesays.com\/pt\/199314\/","title":{"rendered":"Ap\u00f3s tr\u00eas meses, Liliana Oliveira reencontra-se com a m\u00e3e: saiba o que lhe disse!"},"content":{"rendered":"<p>Numa gala parcialmente dedicada ao Natal e \u00e0 fam\u00edlia, os habitantes da casa mais vigiada do Pa\u00eds puderam reencontrar os entes queridos durante breves instantes. E <a href=\"https:\/\/selfie.iol.pt\/famosos\/casa-dos-segredos\/pela-primeira-vez-em-gala-de-secret-story-mae-de-liliana-quebra-o-silencio-e-fala-sobre-ze-fiquei-muito-triste\/20251214\/693f40c6d34e2bd5c6d51912\" target=\"_blank\" rel=\"nofollow noopener\">Liliana Oliveira<\/a>\u00a0recebeu a visita da m\u00e3e, ap\u00f3s tr\u00eas meses.<\/p>\n<p>&#8220;Desculpa ter-te desiludido&#8221;, afirmou a concorrente de &#8220;<a href=\"https:\/\/tvi.iol.pt\/secretstory\/\" target=\"_blank\" rel=\"nofollow noopener\">Secret Story &#8211; Casa dos Segredos<\/a>&#8220;, referindo-se \u00e0 pol\u00e9mica do fim do noivado com Jos\u00e9 Andrade e do come\u00e7o do namoro com <a href=\"https:\/\/selfie.iol.pt\/fotos\/vera-claudia-faz-importante-esclarecimento-sobre-relacao-com-fabio-pereira\/6947a70fd34e3caad84ca561\" target=\"_blank\" rel=\"nofollow noopener\">F\u00e1bio Pereira<\/a>.<\/p>\n<p>&#8220;\u00c9 uma coisa que tu querias. Agora diverte-te&#8221;, respondeu a m\u00e3e, que n\u00e3o quis prolongar a conversa.<\/p>\n<p>Veja, agora, algumas das melhores imagens de Liliana Oliveira na galeria de fotografias que prepar\u00e1mos para si.<\/p>\n","protected":false},"excerpt":{"rendered":"Numa gala parcialmente dedicada ao Natal e \u00e0 fam\u00edlia, os habitantes da casa mais vigiada do Pa\u00eds puderam&hellip;\n","protected":false},"author":2,"featured_media":72903,"comment_status":"","ping_status":"","sticky":false,"template":"","format":"standard","meta":{"footnotes":""},"categories":[142],"tags":[2632,114,115,980,24883,619,32,33,1014,1315,1012,151,162],"class_list":{"0":"post-199314","1":"post","2":"type-post","3":"status-publish","4":"format-standard","5":"has-post-thumbnail","7":"category-tv","8":"tag-casa-dos-segredos","9":"tag-entertainment","10":"tag-entretenimento","11":"tag-famosos","12":"tag-liliana-oliveira","13":"tag-nacional","14":"tag-portugal","15":"tag-pt","16":"tag-reality-show","17":"tag-secret-story","18":"tag-selfie","19":"tag-tv","20":"tag-tvi"},"share_on_mastodon":{"url":"https:\/\/pubeurope.com\/@pt\/115766659880591552","error":""},"_links":{"self":[{"href":"https:\/\/www.europesays.com\/pt\/wp-json\/wp\/v2\/posts\/199314","targetHints":{"allow":["GET"]}}],"collection":[{"href":"https:\/\/www.europesays.com\/pt\/wp-json\/wp\/v2\/posts"}],"about":[{"href":"https:\/\/www.europesays.com\/pt\/wp-json\/wp\/v2\/types\/post"}],"author":[{"embeddable":true,"href":"https:\/\/www.europesays.com\/pt\/wp-json\/wp\/v2\/users\/2"}],"replies":[{"embeddable":true,"href":"https:\/\/www.europesays.com\/pt\/wp-json\/wp\/v2\/comments?post=199314"}],"version-history":[{"count":0,"href":"https:\/\/www.europesays.com\/pt\/wp-json\/wp\/v2\/posts\/199314\/revisions"}],"wp:featuredmedia":[{"embeddable":true,"href":"https:\/\/www.europesays.com\/pt\/wp-json\/wp\/v2\/media\/72903"}],"wp:attachment":[{"href":"https:\/\/www.europesays.com\/pt\/wp-json\/wp\/v2\/media?parent=199314"}],"wp:term":[{"taxonomy":"category","embeddable":true,"href":"https:\/\/www.europesays.com\/pt\/wp-json\/wp\/v2\/categories?post=199314"},{"taxonomy":"post_tag","embeddable":true,"href":"https:\/\/www.europesays.com\/pt\/wp-json\/wp\/v2\/tags?post=199314"}],"curies":[{"name":"wp","href":"https:\/\/api.w.org\/{rel}","templated":true}]}}