{"id":199317,"date":"2025-12-23T03:04:12","date_gmt":"2025-12-23T03:04:12","guid":{"rendered":"https:\/\/www.europesays.com\/pt\/199317\/"},"modified":"2025-12-23T03:04:12","modified_gmt":"2025-12-23T03:04:12","slug":"ranking-fifa-portugal-fecha-ano-em-sexto-espanha-lidera","status":"publish","type":"post","link":"https:\/\/www.europesays.com\/pt\/199317\/","title":{"rendered":"Ranking FIFA: Portugal fecha ano em sexto, Espanha lidera"},"content":{"rendered":"<p style=\"margin-bottom:11px\">Portugal fechou o ano de 2025 na sexta posi\u00e7\u00e3o do ranking FIFA, que continua a ser liderado por Espanha.<\/p>\n<p>Na \u00faltima atualiza\u00e7\u00e3o do ano, o top-10 n\u00e3o sofreu qualquer altera\u00e7\u00e3o relativamente a novembro, visto que apenas existiram jogos a contar para a Ta\u00e7a \u00c1rabe. A Argentina, que tinha terminado 2024 no primeiro lugar, mas j\u00e1 em setembro passado perdeu a lideran\u00e7a para Espanha, \u00e9 segunda classificada. Ainda no p\u00f3dio, est\u00e1 a Fran\u00e7a, seguida do Brasil. Em sexto, portanto, est\u00e1 Portugal, que durante o ano tamb\u00e9m passou pela s\u00e9tima e pela quinta posi\u00e7\u00e3o.<\/p>\n<p>Em s\u00e9timo, est\u00e3o os Pa\u00edses Baixos, enquanto a B\u00e9lgica \u00e9 oitava, a Alemanha \u00e9 nona e a Cro\u00e1cia ocupa o 10.\u00ba posto. A bater \u00e0 porta do top-10, est\u00e1 a sele\u00e7\u00e3o de Marrocos, no 11.\u00ba lugar.<\/p>\n<p>A sele\u00e7\u00e3o do Kosovo \u00e9 o principal destaque de 2025, ao ter subido 19 posi\u00e7\u00f5es, o m\u00e1ximo deste ano, at\u00e9 ao 80.\u00ba posto. Desde o ranking de dezembro do ano passado, nota ainda para Noruega (29.\u00ba) e Suriname (123.\u00ba), que escalaram 15 lugares.<\/p>\n<p><strong>O top-10 do ranking da FIFA:<\/strong><\/p>\n<p>\n   1. Espanha, 1.877,18 pontos.\n <\/p>\n<p>\n   2. Argentina, 1.873,33.\n <\/p>\n<p>\n   3. Fran\u00e7a, 1.870.\n <\/p>\n<p>\n   4. Inglaterra, 1.834,12.\n <\/p>\n<p>\n   5. Brasil, 1.760,46.\n <\/p>\n<p>\n  <strong>6. PORTUGAL, 1.760,38.<\/strong>\n <\/p>\n<p>\n   7. Pa\u00edses Baixos, 1.756,27.\n <\/p>\n<p>\n   8. B\u00e9lgica, 1.730,71.\n <\/p>\n<p>\n   9. Alemanha, 1.724,15.\n <\/p>\n<p>\n   10. Cro\u00e1cia, 1.716,88.\n <\/p>\n","protected":false},"excerpt":{"rendered":"Portugal fechou o ano de 2025 na sexta posi\u00e7\u00e3o do ranking FIFA, que continua a ser liderado por&hellip;\n","protected":false},"author":2,"featured_media":199318,"comment_status":"","ping_status":"","sticky":false,"template":"","format":"standard","meta":{"footnotes":""},"categories":[87],"tags":[2424,135,640,46,32,33,47,4564,39826,4338,5420,16170,134],"class_list":{"0":"post-199317","1":"post","2":"type-post","3":"status-publish","4":"format-standard","5":"has-post-thumbnail","7":"category-desporto","8":"tag-argentina","9":"tag-desporto","10":"tag-espanha","11":"tag-maisfutebol","12":"tag-portugal","13":"tag-pt","14":"tag-pura-paixao","15":"tag-ranking","16":"tag-ranking-fifa","17":"tag-selecao","18":"tag-selecao-nacional","19":"tag-selecao-portuguesa","20":"tag-sports"},"share_on_mastodon":{"url":"https:\/\/pubeurope.com\/@pt\/115766667821355445","error":""},"_links":{"self":[{"href":"https:\/\/www.europesays.com\/pt\/wp-json\/wp\/v2\/posts\/199317","targetHints":{"allow":["GET"]}}],"collection":[{"href":"https:\/\/www.europesays.com\/pt\/wp-json\/wp\/v2\/posts"}],"about":[{"href":"https:\/\/www.europesays.com\/pt\/wp-json\/wp\/v2\/types\/post"}],"author":[{"embeddable":true,"href":"https:\/\/www.europesays.com\/pt\/wp-json\/wp\/v2\/users\/2"}],"replies":[{"embeddable":true,"href":"https:\/\/www.europesays.com\/pt\/wp-json\/wp\/v2\/comments?post=199317"}],"version-history":[{"count":0,"href":"https:\/\/www.europesays.com\/pt\/wp-json\/wp\/v2\/posts\/199317\/revisions"}],"wp:featuredmedia":[{"embeddable":true,"href":"https:\/\/www.europesays.com\/pt\/wp-json\/wp\/v2\/media\/199318"}],"wp:attachment":[{"href":"https:\/\/www.europesays.com\/pt\/wp-json\/wp\/v2\/media?parent=199317"}],"wp:term":[{"taxonomy":"category","embeddable":true,"href":"https:\/\/www.europesays.com\/pt\/wp-json\/wp\/v2\/categories?post=199317"},{"taxonomy":"post_tag","embeddable":true,"href":"https:\/\/www.europesays.com\/pt\/wp-json\/wp\/v2\/tags?post=199317"}],"curies":[{"name":"wp","href":"https:\/\/api.w.org\/{rel}","templated":true}]}}