{"id":199329,"date":"2025-12-23T03:28:16","date_gmt":"2025-12-23T03:28:16","guid":{"rendered":"https:\/\/www.europesays.com\/pt\/199329\/"},"modified":"2025-12-23T03:28:16","modified_gmt":"2025-12-23T03:28:16","slug":"pai-de-isabel-veloso-pede-fim-de-especulacoes-continuamos-crendo-no-milagre","status":"publish","type":"post","link":"https:\/\/www.europesays.com\/pt\/199329\/","title":{"rendered":"Pai de Isabel Veloso pede fim de especula\u00e7\u00f5es: &#8220;Continuamos crendo no milagre&#8221;"},"content":{"rendered":"<p>Joelson Veloso, pai de Isabel Veloso, usou as redes sociais para pedir o fim de especula\u00e7\u00f5es sobre o estado de sa\u00fade da influenciadora digital e da postura de seus familiares, que est\u00e1 internada na UTI do Hospital Erasto Gaertner, em Curitiba, no Paran\u00e1. A blogueira precisou ser entubada por conta de um grave quadro de pneumonia.<\/p>\n<p>&#8220;A todos que oram e torcem pela vida da Isabel, nossa gratid\u00e3o. Ela segue inst\u00e1vel, mas seguimos firmes no prop\u00f3sito da sua cura e reabilita\u00e7\u00e3o. Esse \u00e9 um momento de f\u00e9, de uni\u00e3o e de sil\u00eancio diante da dor&#8221;, iniciou.<\/p>\n<p>+\u00a0<a href=\"https:\/\/natelinha.uol.com.br\/famosos\/2025\/12\/22\/santos-atualiza-estado-de-saude-de-neymar-apos-cirurgia-235605.php\" rel=\"nofollow noopener\" target=\"_blank\">Santos atualiza estado de sa\u00fade de Neymar ap\u00f3s cirurgia<\/a><\/p>\n<p>continua depois da publicidade<\/p>\n<p>+\u00a0<a href=\"https:\/\/natelinha.uol.com.br\/televisao\/2025\/12\/22\/the-noite-com-danilo-gentili-garante-melhor-desempenho-comercial-de-sua-historia-235594.php\" rel=\"nofollow noopener\" target=\"_blank\">The Noite com Danilo Gentili garante melhor desempenho comercial de sua hist\u00f3ria<\/a><\/p>\n<p>Nos Stories do Instagram, o empres\u00e1rio completou: &#8220;N\u00e3o \u00e9 hora de suposi\u00e7\u00f5es &#8212; \u00e9 hora de ora\u00e7\u00e3o. Isabel precisa de paz, amor e for\u00e7a. Que cada palavra dita seja para edificar, nunca para ferir. Continuamos crendo no milagre&#8221;.<\/p>\n<p><img decoding=\"async\" loading=\"lazy\" class=\"horizontal\" src=\"https:\/\/www.europesays.com\/pt\/wp-content\/uploads\/2025\/12\/pai-isabel-veloso-pede-fim-especulacoes-1_3746.jpeg\" alt=\"Print de Story de pai de Isabel Veloso com foto no elevador e texto\" width=\"1000\" height=\"1793\" continuamos=\"\" crendo=\"\" no=\"\" milagre=\"\"\/><\/p>\n<p>Fam\u00edlia de Isabel Veloso se envolveu em pol\u00eamica<\/p>\n<p>No \u00faltimo fim de semana, familiares da parte materna de <a href=\"https:\/\/natelinha.uol.com.br\/famosos\/tudo-sobre\/isabel-veloso\" rel=\"nofollow noopener\" target=\"_blank\">Isabel Veloso<\/a> acusaram o pai dela, Joelson Veloso, de ordenar que a m\u00e3e da influenciadora, Miriam Kiekow, deixasse a casa em que vivia. A mulher, que cuida da filha em tempo integral, morava em um apartamento que teria sido emprestado por parentes do ex-marido.<\/p>\n<p>continua depois da publicidade<\/p>\n<p>Irm\u00e3 da blogueira, Priscila Kiekow disse que sentiu a necessidade de expor a situa\u00e7\u00e3o porque a &#8220;humilha\u00e7\u00e3o e a viol\u00eancia psicol\u00f3gica se tornaram grandes demais para serem ignoradas&#8221;.<\/p>\n<p><a href=\"https:\/\/natelinha.uol.com.br\/famosos\/2025\/12\/21\/o-emocionado-pedido-do-marido-de-isabel-veloso-apos-polemica-durante-internacao-235562.php\" rel=\"nofollow noopener\" target=\"_blank\">Lucas Borbas, marido de Isabel Veloso, pediu que a situa\u00e7\u00e3o seja resolvida fora das redes sociais<\/a>: &#8220;Quest\u00f5es de natureza estritamente privada e familiar est\u00e3o sendo indevidamente expostas, em um momento extremamente delicado e inoportuno&#8221;.<\/p>\n<p>&#8220;A Isabel enfrenta uma luta pela vida, e, por respeito \u00e0 sua hist\u00f3ria, \u00e0 sua dignidade e \u00e0 sua reputa\u00e7\u00e3o, seu nome e o de sua fam\u00edlia n\u00e3o deveriam ser utilizados ou associados a conflitos, desentendimentos ou vers\u00f5es parciais dos fatos&#8221;, seguiu ele.<\/p>\n<p>continua depois da publicidade<\/p>\n","protected":false},"excerpt":{"rendered":"Joelson Veloso, pai de Isabel Veloso, usou as redes sociais para pedir o fim de especula\u00e7\u00f5es sobre o&hellip;\n","protected":false},"author":2,"featured_media":199330,"comment_status":"","ping_status":"","sticky":false,"template":"","format":"standard","meta":{"footnotes":""},"categories":[145],"tags":[211,210,114,115,7733,32,33],"class_list":{"0":"post-199329","1":"post","2":"type-post","3":"status-publish","4":"format-standard","5":"has-post-thumbnail","7":"category-celebridades","8":"tag-celebridades","9":"tag-celebrities","10":"tag-entertainment","11":"tag-entretenimento","12":"tag-isabel-veloso","13":"tag-portugal","14":"tag-pt"},"share_on_mastodon":{"url":"https:\/\/pubeurope.com\/@pt\/115766762578613480","error":""},"_links":{"self":[{"href":"https:\/\/www.europesays.com\/pt\/wp-json\/wp\/v2\/posts\/199329","targetHints":{"allow":["GET"]}}],"collection":[{"href":"https:\/\/www.europesays.com\/pt\/wp-json\/wp\/v2\/posts"}],"about":[{"href":"https:\/\/www.europesays.com\/pt\/wp-json\/wp\/v2\/types\/post"}],"author":[{"embeddable":true,"href":"https:\/\/www.europesays.com\/pt\/wp-json\/wp\/v2\/users\/2"}],"replies":[{"embeddable":true,"href":"https:\/\/www.europesays.com\/pt\/wp-json\/wp\/v2\/comments?post=199329"}],"version-history":[{"count":0,"href":"https:\/\/www.europesays.com\/pt\/wp-json\/wp\/v2\/posts\/199329\/revisions"}],"wp:featuredmedia":[{"embeddable":true,"href":"https:\/\/www.europesays.com\/pt\/wp-json\/wp\/v2\/media\/199330"}],"wp:attachment":[{"href":"https:\/\/www.europesays.com\/pt\/wp-json\/wp\/v2\/media?parent=199329"}],"wp:term":[{"taxonomy":"category","embeddable":true,"href":"https:\/\/www.europesays.com\/pt\/wp-json\/wp\/v2\/categories?post=199329"},{"taxonomy":"post_tag","embeddable":true,"href":"https:\/\/www.europesays.com\/pt\/wp-json\/wp\/v2\/tags?post=199329"}],"curies":[{"name":"wp","href":"https:\/\/api.w.org\/{rel}","templated":true}]}}