{"id":199410,"date":"2025-12-23T06:06:19","date_gmt":"2025-12-23T06:06:19","guid":{"rendered":"https:\/\/www.europesays.com\/pt\/199410\/"},"modified":"2025-12-23T06:06:19","modified_gmt":"2025-12-23T06:06:19","slug":"estrela-infantil-da-televisao-dos-anos-2000-vive-hoje-em-situacao-de-sem-abrigo-fas-ficaram-em-choque-noticias-de-hoje","status":"publish","type":"post","link":"https:\/\/www.europesays.com\/pt\/199410\/","title":{"rendered":"Estrela infantil da televis\u00e3o dos anos 2000 vive hoje em situa\u00e7\u00e3o de sem-abrigo. F\u00e3s ficaram em choque &#8211; Not\u00edcias de hoje"},"content":{"rendered":"<p>Ficou conhecido mundialmente no in\u00edcio dos anos 2000 atrav\u00e9s de uma popular s\u00e9rie juvenil da Nickelodeon, mas a realidade atual de <strong>Tylor Chase<\/strong> est\u00e1 a chocar f\u00e3s e antigos colegas. O ator, hoje com 36 anos, foi recentemente filmado a viver em situa\u00e7\u00e3o de sem-abrigo nas ruas de Los Angeles, num v\u00eddeo que rapidamente se tornou viral nas redes sociais e gerou uma onda de tristeza e preocupa\u00e7\u00e3o.<\/p>\n<p>As imagens mostram o antigo int\u00e9rprete de <strong>Martin Qwerly<\/strong>, da s\u00e9rie Ned\u2019s Declassified School Survival Guide, visivelmente debilitado e a viver na rua. No v\u00eddeo, uma pessoa aborda o ator e questiona-o se tinha trabalhado no Disney Channel. Chase corrige-a, explicando que fez parte do elenco da Nickelodeon, mais concretamente da s\u00e9rie que marcou uma gera\u00e7\u00e3o.<\/p>\n<p>A grava\u00e7\u00e3o espalhou-se rapidamente online e provocou rea\u00e7\u00f5es emocionadas por parte de f\u00e3s que cresceram a ver a s\u00e9rie. A situa\u00e7\u00e3o acabou tamb\u00e9m por chegar aos antigos colegas de elenco de Chase, Devon Werkheiser, Daniel Curtis Lee e Lindsey Shaw, que abordaram o tema no Ned\u2019s Declassified Podcast Survival Guide.<\/p>\n<p>Citado pelo site <a href=\"https:\/\/www.dailymail.co.uk\/news\/article-15403905\/Nickelodeon-star-tylor-chase-homeless-los-angeles.html\" target=\"_blank\" rel=\"nofollow noopener\">Daily Mail,<\/a>\u00a0um dos seus colegas, Daniel Curtis Lee confessou ter ficado profundamente abalado com as imagens. \u201cFoi uma not\u00edcia muito dif\u00edcil de processar. O v\u00eddeo \u00e9 assustador\u201d, afirmou, admitindo sentimentos de revolta e impot\u00eancia ao ver um amigo exposto num momento t\u00e3o vulner\u00e1vel. O ator revelou ainda que, inicialmente, acreditou tratar-se apenas de um mau momento, mas que outros v\u00eddeos acabaram por confirmar que Chase enfrenta dificuldades s\u00e9rias.<\/p>\n<p>Tamb\u00e9m Lindsey Shaw manifestou o desejo de ir ao encontro do antigo colega. \u201cGostava muito de ir falar com ele, demonstrar-lhe carinho e olhar-lhe nos olhos. Tenho muitas saudades do Tylor e gosto imenso dele\u201d, disse. Devon Werkheiser refor\u00e7ou que \u00e9 \u201cdoloroso e chocante\u201d ver algu\u00e9m t\u00e3o pr\u00f3ximo passar por esta situa\u00e7\u00e3o, sublinhando, ainda assim, que acredita que a pessoa que divulgou o v\u00eddeo teve boas inten\u00e7\u00f5es.<\/p>\n<p>Natural do Arizona, Tylor Chase iniciou a carreira ainda adolescente e, al\u00e9m do sucesso em Ned\u2019s Declassified School Survival Guide, participou em projetos como Everybody Hates Chris e no filme Good Time Max, de 2008, protagonizado por James Franco. A sua situa\u00e7\u00e3o atual reacendeu o debate sobre os desafios enfrentados por antigas estrelas infantis e deixou muitos f\u00e3s em choque com o rumo inesperado da sua vida.<\/p>\n<p><strong>Veja o v\u00eddeo:<\/strong><\/p>\n<blockquote class=\"instagram-media\" data-instgrm-captioned=\"\" data-instgrm-permalink=\"https:\/\/www.instagram.com\/reel\/DSkhbaOCgfg\/?utm_source=ig_embed&amp;utm_campaign=loading\" data-instgrm-version=\"14\" style=\" background:#FFF; border:0; border-radius:3px; box-shadow:0 0 1px 0 rgba(0,0,0,0.5),0 1px 10px 0 rgba(0,0,0,0.15); margin: 1px; max-width:540px; min-width:326px; padding:0; width:99.375%; width:-webkit-calc(100% - 2px); width:calc(100% - 2px);\">\n<\/blockquote>\n<p>                        <script async src=\"\/\/www.instagram.com\/embed.js\"><\/script><\/p>\n","protected":false},"excerpt":{"rendered":"Ficou conhecido mundialmente no in\u00edcio dos anos 2000 atrav\u00e9s de uma popular s\u00e9rie juvenil da Nickelodeon, mas a&hellip;\n","protected":false},"author":2,"featured_media":199411,"comment_status":"","ping_status":"","sticky":false,"template":"","format":"standard","meta":{"footnotes":""},"categories":[145],"tags":[211,210,114,115,39831,488,13728,13,32,33,39832],"class_list":{"0":"post-199410","1":"post","2":"type-post","3":"status-publish","4":"format-standard","5":"has-post-thumbnail","7":"category-celebridades","8":"tag-celebridades","9":"tag-celebrities","10":"tag-entertainment","11":"tag-entretenimento","12":"tag-estrela-infantil","13":"tag-iol","14":"tag-nickelodeon","15":"tag-noticias","16":"tag-portugal","17":"tag-pt","18":"tag-tylor-chase"},"share_on_mastodon":{"url":"https:\/\/pubeurope.com\/@pt\/115767383360149403","error":""},"_links":{"self":[{"href":"https:\/\/www.europesays.com\/pt\/wp-json\/wp\/v2\/posts\/199410","targetHints":{"allow":["GET"]}}],"collection":[{"href":"https:\/\/www.europesays.com\/pt\/wp-json\/wp\/v2\/posts"}],"about":[{"href":"https:\/\/www.europesays.com\/pt\/wp-json\/wp\/v2\/types\/post"}],"author":[{"embeddable":true,"href":"https:\/\/www.europesays.com\/pt\/wp-json\/wp\/v2\/users\/2"}],"replies":[{"embeddable":true,"href":"https:\/\/www.europesays.com\/pt\/wp-json\/wp\/v2\/comments?post=199410"}],"version-history":[{"count":0,"href":"https:\/\/www.europesays.com\/pt\/wp-json\/wp\/v2\/posts\/199410\/revisions"}],"wp:featuredmedia":[{"embeddable":true,"href":"https:\/\/www.europesays.com\/pt\/wp-json\/wp\/v2\/media\/199411"}],"wp:attachment":[{"href":"https:\/\/www.europesays.com\/pt\/wp-json\/wp\/v2\/media?parent=199410"}],"wp:term":[{"taxonomy":"category","embeddable":true,"href":"https:\/\/www.europesays.com\/pt\/wp-json\/wp\/v2\/categories?post=199410"},{"taxonomy":"post_tag","embeddable":true,"href":"https:\/\/www.europesays.com\/pt\/wp-json\/wp\/v2\/tags?post=199410"}],"curies":[{"name":"wp","href":"https:\/\/api.w.org\/{rel}","templated":true}]}}