{"id":199419,"date":"2025-12-23T06:45:33","date_gmt":"2025-12-23T06:45:33","guid":{"rendered":"https:\/\/www.europesays.com\/pt\/199419\/"},"modified":"2025-12-23T06:45:33","modified_gmt":"2025-12-23T06:45:33","slug":"apenas-5-da-infraestrutura-tecnologica-esta-no-pais","status":"publish","type":"post","link":"https:\/\/www.europesays.com\/pt\/199419\/","title":{"rendered":"apenas 5% da infraestrutura tecnol\u00f3gica est\u00e1 no pa\u00eds"},"content":{"rendered":"<p>A <a target=\"_blank\" href=\"https:\/\/www.artresilia.com\/\" rel=\"nofollow noopener\">Art Resilia<\/a> criou um estudo estrat\u00e9gico para Portugal sobre soberania digital que revela que o nosso pa\u00eds ainda tem uma forte depend\u00eancia tecnol\u00f3gica do estrangeiro.<\/p>\n<p><a target=\"_blank\" href=\"https:\/\/pplware.sapo.pt\/wp-content\/uploads\/2025\/12\/art_00-1.jpg\" onclick=\"refreshIframe()\" class=\"foobox\" rel=\"nofollow noopener\"><img fetchpriority=\"high\" decoding=\"async\" src=\"https:\/\/www.europesays.com\/pt\/wp-content\/uploads\/2025\/12\/art_00-1-720x405.jpg\" alt=\"Portugal exposto digitalmente: apenas 5% da infraestrutura tecnol\u00f3gica est\u00e1 no pa\u00eds\" width=\"720\" height=\"405\" class=\"aligncenter wp-image-1094845 size-medium\"  \/><\/a><\/p>\n<p>Um estudo recente da empresa portuguesa <a target=\"_blank\" href=\"https:\/\/www.artresilia.com\/\" rel=\"nofollow noopener\">Art Resilia<\/a> revela que <strong>apenas 5% da infraestrutura digital associada a ativos portugueses est\u00e1 alojada em Portugal<\/strong>, um cen\u00e1rio que levanta preocupa\u00e7\u00f5es estrat\u00e9gicas no dom\u00ednio da soberania digital.<\/p>\n<p>Para a realiza\u00e7\u00e3o do <strong>estudo foram analisados mais de 215 mil hosts expostos \u00e0 Internet e cerca de 130 mil dom\u00ednios .pt<\/strong>, permitindo tra\u00e7ar um retrato detalhado da presen\u00e7a digital nacional.<\/p>\n<p>O resultado evidencia um ecossistema tecnol\u00f3gico amplamente distribu\u00eddo por centros de dados estrangeiros, sobretudo dentro da Uni\u00e3o Europeia.<\/p>\n<p><a target=\"_blank\" href=\"https:\/\/pplware.sapo.pt\/wp-content\/uploads\/2025\/12\/art_02-1.jpg\" onclick=\"refreshIframe()\" class=\"foobox\" rel=\"nofollow noopener\"><img loading=\"lazy\" decoding=\"async\" src=\"https:\/\/www.europesays.com\/pt\/wp-content\/uploads\/2025\/12\/art_02-1-720x405.jpg\" alt=\"Portugal exposto digitalmente: apenas 5% da infraestrutura tecnol\u00f3gica est\u00e1 no pa\u00eds\" width=\"720\" height=\"405\" class=\"aligncenter wp-image-1094847 size-medium\"  \/><\/a><\/p>\n<p>5% das infraestruturas de e-mail est\u00e3o fora de Portugal<\/p>\n<p>Apesar do alojamento de servi\u00e7os fora do pa\u00eds representar um risco, o estudo destaca que <strong>75% da infraestrutura digital portuguesa est\u00e1 localizada na Uni\u00e3o Europeia<\/strong>, um espa\u00e7o considerado de &#8220;controlo amig\u00e1vel&#8221; devido \u00e0 harmoniza\u00e7\u00e3o legislativa com Portugal.<\/p>\n<p>Um dos poucos sinais positivos surge na \u00e1rea dos servi\u00e7os de e-mail, onde <strong>cerca de 55% (especificamente 55,2%) da infraestrutura est\u00e1 associada a centros de dados ou ao ciberespa\u00e7o portugu\u00eas.<\/strong><\/p>\n<p>O <strong>estudo identificou ainda 65 organiza\u00e7\u00f5es classificadas como infraestruturas digitais cr\u00edticas<\/strong>, entre fornecedores de acesso \u00e0 Internet e operadores de centros de dados. Neste ponto, Portugal surge bem posicionado: a maioria destas entidades tem sede no pa\u00eds ou na Uni\u00e3o Europeia, garantindo enquadramento legal favor\u00e1vel.<\/p>\n<p>Soberania digital como pilar estrat\u00e9gico<\/p>\n<p>O conceito de soberania digital refere-se ao dom\u00ednio que um pa\u00eds deve ter sobre os seus dados, infraestruturas tecnol\u00f3gicas, processos digitais e sistemas cr\u00edticos.<\/p>\n<p>A Art Resilia defende que esta autonomia n\u00e3o implica isolamento, mas sim uma capacidade de controlar e proteger recursos essenciais num contexto global cada vez mais competitivo.<\/p>\n<p>As conclus\u00f5es do estudo refor\u00e7am a import\u00e2ncia do tema: a soberania digital \u00e9 hoje vista como essencial para a <strong>seguran\u00e7a nacional<\/strong>, a <strong>privacidade dos cidad\u00e3os<\/strong> e a <strong>independ\u00eancia econ\u00f3mica<\/strong> face a grandes multinacionais tecnol\u00f3gicas.<\/p>\n<p><a target=\"_blank\" href=\"https:\/\/pplware.sapo.pt\/?attachment_id=1094846\" rel=\"nofollow noopener\"><img loading=\"lazy\" decoding=\"async\" src=\"https:\/\/www.europesays.com\/pt\/wp-content\/uploads\/2025\/12\/Infogra\u0301fico-1-288x720.jpg\" alt=\"Portugal exposto digitalmente: apenas 5% da infraestrutura tecnol\u00f3gica est\u00e1 no pa\u00eds\" width=\"288\" height=\"720\" class=\"aligncenter wp-image-1094846 size-medium\"  \/><\/a><\/p>\n<p>Soberania digital \u201cn\u00e3o \u00e9 um debate para o futuro<\/p>\n<p>Apesar do alinhamento com a UE em pol\u00edticas e normas, Portugal continua a enfrentar limita\u00e7\u00f5es significativas para implementar, de forma plena e r\u00e1pida, os requisitos europeus de seguran\u00e7a e resili\u00eancia digital. Falta de recursos humanos especializados, capacidade tecnol\u00f3gica limitada e restri\u00e7\u00f5es financeiras s\u00e3o alguns dos entraves apontados.<\/p>\n<p>A <a target=\"_blank\" href=\"https:\/\/www.artresilia.com\/\" rel=\"nofollow noopener\">Art Resilia<\/a> alerta que a soberania digital \u201cn\u00e3o \u00e9 um debate para o futuro, mas uma necessidade imediata\u201d, destacando que a prote\u00e7\u00e3o dos dados e das infraestruturas cr\u00edticas deve ser uma prioridade nacional.<\/p>\n<p>O estudo conclui apelando a um refor\u00e7o estrat\u00e9gico do investimento em tecnologia nacional, forma\u00e7\u00e3o especializada e infraestruturas pr\u00f3prias. O objetivo n\u00e3o \u00e9 cortar la\u00e7os com parceiros internacionais, mas garantir que Portugal mant\u00e9m a capacidade de agir autonomamente perante amea\u00e7as ou descontinuidades globais.<\/p>\n","protected":false},"excerpt":{"rendered":"A Art Resilia criou um estudo estrat\u00e9gico para Portugal sobre soberania digital que revela que o nosso pa\u00eds&hellip;\n","protected":false},"author":2,"featured_media":199420,"comment_status":"","ping_status":"","sticky":false,"template":"","format":"standard","meta":{"footnotes":""},"categories":[83],"tags":[88,89,90,5579,32,33],"class_list":{"0":"post-199419","1":"post","2":"type-post","3":"status-publish","4":"format-standard","5":"has-post-thumbnail","7":"category-empresas","8":"tag-business","9":"tag-economy","10":"tag-empresas","11":"tag-infraestrutura","12":"tag-portugal","13":"tag-pt"},"share_on_mastodon":{"url":"https:\/\/pubeurope.com\/@pt\/115767537018268935","error":""},"_links":{"self":[{"href":"https:\/\/www.europesays.com\/pt\/wp-json\/wp\/v2\/posts\/199419","targetHints":{"allow":["GET"]}}],"collection":[{"href":"https:\/\/www.europesays.com\/pt\/wp-json\/wp\/v2\/posts"}],"about":[{"href":"https:\/\/www.europesays.com\/pt\/wp-json\/wp\/v2\/types\/post"}],"author":[{"embeddable":true,"href":"https:\/\/www.europesays.com\/pt\/wp-json\/wp\/v2\/users\/2"}],"replies":[{"embeddable":true,"href":"https:\/\/www.europesays.com\/pt\/wp-json\/wp\/v2\/comments?post=199419"}],"version-history":[{"count":0,"href":"https:\/\/www.europesays.com\/pt\/wp-json\/wp\/v2\/posts\/199419\/revisions"}],"wp:featuredmedia":[{"embeddable":true,"href":"https:\/\/www.europesays.com\/pt\/wp-json\/wp\/v2\/media\/199420"}],"wp:attachment":[{"href":"https:\/\/www.europesays.com\/pt\/wp-json\/wp\/v2\/media?parent=199419"}],"wp:term":[{"taxonomy":"category","embeddable":true,"href":"https:\/\/www.europesays.com\/pt\/wp-json\/wp\/v2\/categories?post=199419"},{"taxonomy":"post_tag","embeddable":true,"href":"https:\/\/www.europesays.com\/pt\/wp-json\/wp\/v2\/tags?post=199419"}],"curies":[{"name":"wp","href":"https:\/\/api.w.org\/{rel}","templated":true}]}}