{"id":199431,"date":"2025-12-23T07:13:40","date_gmt":"2025-12-23T07:13:40","guid":{"rendered":"https:\/\/www.europesays.com\/pt\/199431\/"},"modified":"2025-12-23T07:13:40","modified_gmt":"2025-12-23T07:13:40","slug":"apagao-em-sao-francisco-deixou-os-autonomos-da-waymo-congelados-nos-cruzamentos","status":"publish","type":"post","link":"https:\/\/www.europesays.com\/pt\/199431\/","title":{"rendered":"Apag\u00e3o em S\u00e3o Francisco deixou os aut\u00f3nomos da Waymo congelados nos cruzamentos"},"content":{"rendered":"<p class=\"wp-caption-text top\"><a href=\"https:\/\/www.youtube.com\/watch?v=0vgXsEPRZ7o\" rel=\"nofollow external noopener noreferrer\" data-wpel-link=\"external\" target=\"_blank\" class=\"ext-link\">Waymo \/ YouTube<\/a><\/p>\n<p><img decoding=\"async\" loading=\"lazy\" class=\"size-kopa-image-size-3 wp-image-438772\" src=\"https:\/\/www.europesays.com\/pt\/wp-content\/uploads\/2025\/12\/4401580a44a822bebe812572f4efd7df-783x450.png\" alt=\"Ve\u00edculo aut\u00f3nomo da Waymo\" width=\"700\" height=\"402\"  \/><\/p>\n<p class=\"wp-caption-text bot\">Ve\u00edculo aut\u00f3nomo da Waymo<\/p>\n<p><strong>Um apag\u00e3o significativo deixou a cidade californiana \u00e0s escuras \u2014 e sem sem\u00e1foros. A Waymo n\u00e3o explicou porque \u00e9 que a falha de energia deixou os seus carros aut\u00f3nomos \u201cencalhados\u201d nas ruas, o que poder\u00e1 indiciar uma vulnerabilidade relevante do sistema Waymo Driver.<\/strong><\/p>\n<p>Foi um fim de semana de caos no tr\u00e2nsito da cidade de S\u00e3o Francisco, na costa oeste dos Estados Unidos.<\/p>\n<p>Por toda a cidade californiana, dezenas de ve\u00edculos aut\u00f3nomos da <a href=\"https:\/\/zap.aeiou.pt\/tag\/waymo\" data-wpel-link=\"internal\" rel=\"nofollow noopener\" target=\"_blank\">Waymo<\/a> foram vistos <strong>parados pelas ruas<\/strong>, principalmente em cruzamentos, depois de no s\u00e1bado de manh\u00e3 um <strong>apag\u00e3o significativo<\/strong> ter deixado a cidade sem sem\u00e1foros.<\/p>\n<p>N\u00e3o \u00e9 ainda claro <strong>se os pr\u00f3prios ve\u00edculos<\/strong> da Waymo se tornam inoper\u00e1veis \u200b\u200bno caso de perderem a liga\u00e7\u00e3o ao \u201chub remoto\u201d da empresa, ou se n\u00e3o s\u00e3o capazes de lidar com a falta de sem\u00e1foros a funcionar corretamente e n\u00e3o receberam qualquer suporte do \u201chub\u201d.<\/p>\n<p>A Waymo, anteriormente designada \u201cGoogle Self-Driving Car Project\u201d, respondeu \u00e0 falha de energia suspendendo os seus servi\u00e7os de transporte na cidade, mas imagens e <a href=\"https:\/\/x.com\/TheEVuniverse\/status\/2002654772780781899\" data-wpel-link=\"external\" target=\"_blank\" rel=\"nofollow external noopener noreferrer\" class=\"ext-link\">v\u00eddeos<\/a> partilhados nas redes sociais mostravam os t\u00e1xis sem condutor<strong> imobilizados em cruzamentos<\/strong>, com as luzes de emerg\u00eancia ligadas.<\/p>\n<p>\u201c<strong>Suspenderemos temporariamente os nossos servi\u00e7os<\/strong> de transporte na \u00c1rea da Ba\u00eda de S\u00e3o Francisco devido ao apag\u00e3o generalizado\u201d, disse <strong>Suzanne Philion<\/strong>, porta-voz da Waymo, ao <a href=\"https:\/\/chatgpt.com\/c\/69486902-02e4-8327-baf4-b4eec30f0066\" data-wpel-link=\"external\" target=\"_blank\" rel=\"nofollow external noopener noreferrer\" class=\"ext-link\">Engadget<\/a>. \u201cAs nossas equipas est\u00e3o a trabalhar com empenho e em estreita coordena\u00e7\u00e3o com os respons\u00e1veis municipais, e esperamos conseguir repor os nossos servi\u00e7os em funcionamento em breve\u201d.<\/p>\n<p>O apag\u00e3o na cidade californiana fo<strong>i atribu\u00eddo a um inc\u00eandio<\/strong> numa das subesta\u00e7\u00f5es da Pacific Gas &amp; Electric (PG&amp;E), a principal fornecedora de energia da regi\u00e3o. O incidente come\u00e7ou durante a manh\u00e3 de s\u00e1bado e, segundo a PG&amp;E, afectou cerca de <strong>130 mil clientes<\/strong>. Na manh\u00e3 de domingo, a empresa <a href=\"https:\/\/x.com\/PGE4Me\/status\/2002534714389717370\" data-wpel-link=\"external\" target=\"_blank\" rel=\"nofollow external noopener noreferrer\" class=\"ext-link\">adiantou<\/a> que as equipas j\u00e1 tinham restabelecido a energia a cerca de 110 mil desses clientes.<\/p>\n<p><strong>A Waymo n\u00e3o explicou<\/strong> porque \u00e9 que a falha de energia deixou os seus carros aut\u00f3nomos <strong>\u201cencalhados\u201d nas ruas de S\u00e3o Francisco<\/strong>, mas o epis\u00f3dio poder\u00e1 ter exposto uma <strong>vulnerabilidade relevante do sistema Waymo Drive<\/strong>r.<\/p>\n<p>No seu site, a empresa detida pela Alphabet, empresa-m\u00e3e do Google, afirma que o seu sistema de condu\u00e7\u00e3o aut\u00f3noma \u201c<strong>responde a sinais e sinaliza\u00e7\u00e3o,<\/strong> como as cores dos sem\u00e1foros e sinais tempor\u00e1rios de paragem\u201d, o que poder\u00e1 indicar que os ve\u00edculos tiveram dificuldades perante os sem\u00e1foros fora de servi\u00e7o.<\/p>\n<p>J\u00e1 o CEO da Tesla, <strong>Elon Musk<\/strong>, n\u00e3o perdeu a oportunidade de se vangloriar dos seus aut\u00f3nomos. \u201c<strong>Os Robotaxis da Tesla n\u00e3o foram afectados<\/strong> pelo apag\u00e3o em SF\u201d, <a href=\"https:\/\/x.com\/elonmusk\/status\/2002774307659997582\" data-wpel-link=\"external\" target=\"_blank\" rel=\"nofollow external noopener noreferrer\" class=\"ext-link\">escreveu<\/a> Musk numa publica\u00e7\u00e3o no X.<\/p>\n<p>    <a href=\"https:\/\/zap.aeiou.pt\/subscrever-newsletter\" data-wpel-link=\"internal\" rel=\"nofollow noopener\" target=\"_blank\">&#13;<br \/>\n        <img loading=\"lazy\" decoding=\"async\" class=\"aligncenter size-full wp-image-575475\" src=\"https:\/\/www.europesays.com\/pt\/wp-content\/uploads\/2025\/12\/1765389371_545_2d51fe4a0ba54894421ead1809309ed9-1-450x140.jpg\" alt=\"Subscreva a Newsletter ZAP\" width=\"450\" height=\"140\"\/>&#13;<br \/>\n    <\/a><\/p>\n<p>                <a href=\"https:\/\/whatsapp.com\/channel\/0029VaIC4EE2f3EJZPPSbR34\" data-wpel-link=\"external\" target=\"_blank\" rel=\"nofollow external noopener noreferrer\" class=\"ext-link\">&#13;<br \/>\n                    <img loading=\"lazy\" decoding=\"async\" class=\"aligncenter size-full wp-image-575475\" src=\"https:\/\/www.europesays.com\/pt\/wp-content\/uploads\/2025\/12\/1765389371_770_c68c559d956d4ca20f435ed74a6e71e6.png\" alt=\"Siga-nos no WhatsApp\" width=\"175\" height=\"64\"\/>&#13;<br \/>\n                <\/a><\/p>\n<p>                <a href=\"https:\/\/news.google.com\/publications\/CAAiEHRwZondIV71PDjWNoqMduEqFAgKIhB0cGaJ3SFe9Tw41jaKjHbh?hl=en-US&amp;gl=US&amp;ceid=US%3Aen\" data-wpel-link=\"external\" target=\"_blank\" rel=\"nofollow external noopener noreferrer\" class=\"ext-link\">&#13;<br \/>\n                    <img loading=\"lazy\" decoding=\"async\" class=\"aligncenter size-full wp-image-575475\" src=\"https:\/\/www.europesays.com\/pt\/wp-content\/uploads\/2025\/12\/1765389372_556_5123dd8b087b644fdb8f8603acd1bad4.png\" alt=\"Siga-nos no Google News\" width=\"176\" height=\"64\"\/>&#13;<br \/>\n                <\/a><\/p>\n","protected":false},"excerpt":{"rendered":"Waymo \/ YouTube Ve\u00edculo aut\u00f3nomo da Waymo Um apag\u00e3o significativo deixou a cidade californiana \u00e0s escuras \u2014 e&hellip;\n","protected":false},"author":2,"featured_media":199432,"comment_status":"","ping_status":"","sticky":false,"template":"","format":"standard","meta":{"footnotes":""},"categories":[83],"tags":[2702,88,89,90,295,32,33,39834,36988],"class_list":{"0":"post-199431","1":"post","2":"type-post","3":"status-publish","4":"format-standard","5":"has-post-thumbnail","7":"category-empresas","8":"tag-auto","9":"tag-business","10":"tag-economy","11":"tag-empresas","12":"tag-industria","13":"tag-portugal","14":"tag-pt","15":"tag-veiculos-autonomos","16":"tag-waymo"},"share_on_mastodon":{"url":"https:\/\/pubeurope.com\/@pt\/115767647526876986","error":""},"_links":{"self":[{"href":"https:\/\/www.europesays.com\/pt\/wp-json\/wp\/v2\/posts\/199431","targetHints":{"allow":["GET"]}}],"collection":[{"href":"https:\/\/www.europesays.com\/pt\/wp-json\/wp\/v2\/posts"}],"about":[{"href":"https:\/\/www.europesays.com\/pt\/wp-json\/wp\/v2\/types\/post"}],"author":[{"embeddable":true,"href":"https:\/\/www.europesays.com\/pt\/wp-json\/wp\/v2\/users\/2"}],"replies":[{"embeddable":true,"href":"https:\/\/www.europesays.com\/pt\/wp-json\/wp\/v2\/comments?post=199431"}],"version-history":[{"count":0,"href":"https:\/\/www.europesays.com\/pt\/wp-json\/wp\/v2\/posts\/199431\/revisions"}],"wp:featuredmedia":[{"embeddable":true,"href":"https:\/\/www.europesays.com\/pt\/wp-json\/wp\/v2\/media\/199432"}],"wp:attachment":[{"href":"https:\/\/www.europesays.com\/pt\/wp-json\/wp\/v2\/media?parent=199431"}],"wp:term":[{"taxonomy":"category","embeddable":true,"href":"https:\/\/www.europesays.com\/pt\/wp-json\/wp\/v2\/categories?post=199431"},{"taxonomy":"post_tag","embeddable":true,"href":"https:\/\/www.europesays.com\/pt\/wp-json\/wp\/v2\/tags?post=199431"}],"curies":[{"name":"wp","href":"https:\/\/api.w.org\/{rel}","templated":true}]}}