{"id":199457,"date":"2025-12-23T08:21:12","date_gmt":"2025-12-23T08:21:12","guid":{"rendered":"https:\/\/www.europesays.com\/pt\/199457\/"},"modified":"2025-12-23T08:21:12","modified_gmt":"2025-12-23T08:21:12","slug":"como-funciona-a-autoestrada-que-da-prioridade-absoluta-no-hospital","status":"publish","type":"post","link":"https:\/\/www.europesays.com\/pt\/199457\/","title":{"rendered":"como funciona a &#8220;autoestrada&#8221; que d\u00e1 prioridade absoluta no hospital?"},"content":{"rendered":"<p>Abreviado para AVC, um acidente vascular cerebral \u00e9 a principal causa de morte em Portugal. Pela urg\u00eancia que est\u00e1 associada ao socorro do paciente, existe um protocolo de emerg\u00eancia m\u00e9dica desenhado para garantir que as v\u00edtimas recebem tratamento especializado no menor tempo poss\u00edvel. Entenda como funciona a Via Verde AVC!<\/p>\n<p><a target=\"_blank\" href=\"https:\/\/pplware.sapo.pt\/wp-content\/uploads\/2025\/12\/avc_cerebro_cabeca.jpg\" onclick=\"refreshIframe()\" class=\"foobox\" rel=\"nofollow noopener\"><img fetchpriority=\"high\" decoding=\"async\" src=\"https:\/\/www.europesays.com\/pt\/wp-content\/uploads\/2025\/12\/avc_cerebro_cabeca-720x405.jpg\" alt=\"AVC\" width=\"720\" height=\"405\" class=\"aligncenter size-medium wp-image-1094859\"  \/><\/a>\n<\/p>\n<p>Em todo o mundo, estima-se que uma em cada seis pessoas ter\u00e1 um AVC; a cada segundo uma sofre esta enfermidade; e a cada seis segundos esta doen\u00e7a \u00e9 respons\u00e1vel pela morte de algu\u00e9m.<\/p>\n<p>Segundo a Sociedade Portuguesa do Acidente Vascular Cerebral, Portugal \u00e9, na Europa Ocidental, o pa\u00eds com a mais elevada taxa de mortalidade, sobretudo na popula\u00e7\u00e3o com menos de 65 anos. Ali\u00e1s, no nosso pa\u00eds, esta \u00e9 a principal causa de morte.<\/p>\n<p>Como ocorre um acidente vascular cerebral?<\/p>\n<p>Com in\u00fameros fatores de risco, e alguns deles incontrol\u00e1veis, o AVC resulta da les\u00e3o das c\u00e9lulas cerebrais, que morrem ou deixam de funcionar normalmente, pela aus\u00eancia de oxig\u00e9nio e de nutrientes na sequ\u00eancia de um bloqueio do fluxo de sangue (AVC isqu\u00e9mico) ou porque s\u00e3o inundadas pelo sangue a partir de uma art\u00e9ria que se rompe (AVC hemorr\u00e1gico).<\/p>\n<p><a target=\"_blank\" href=\"https:\/\/pplware.sapo.pt\/wp-content\/uploads\/2025\/12\/avc_tipos.jpg\" onclick=\"refreshIframe()\" class=\"foobox\" rel=\"nofollow noopener\"><img loading=\"lazy\" decoding=\"async\" src=\"https:\/\/www.europesays.com\/pt\/wp-content\/uploads\/2025\/12\/avc_tipos-720x405.jpg\" alt=\"\" width=\"720\" height=\"405\" class=\"aligncenter size-medium wp-image-1094854\"  \/><\/a><\/p>\n<p>Nos <strong>isqu\u00e9micos<\/strong>, que correspondem \u00e0 grande maioria dos casos, as c\u00e9lulas do c\u00e9rebro morrem pouco tempo depois da ocorr\u00eancia desta les\u00e3o.<\/p>\n<p>Contudo, uma vez que pode durar algumas horas se o fluxo de sangue n\u00e3o estiver completamente interrompido, \u00e9 fundamental agir rapidamente de modo a minimizar as les\u00f5es cerebrais.<\/p>\n<p>Al\u00e9m desta, existe outra forma de dura\u00e7\u00e3o mais reduzida, inferior a 24 horas, que se designa acidente <strong>isqu\u00e9mico transit\u00f3rio<\/strong> (AIT). Nestes casos, o entupimento da art\u00e9ria cerebral \u00e9 moment\u00e2neo e os sintomas podem durar alguns minutos ou horas.<\/p>\n<p>De ressalvar que, mesmo nos casos transit\u00f3rios, \u00e9 fundamental recorrer ao hospital, uma vez que um AIT pode ser o primeiro sinal de um AVC com consequ\u00eancias devastadoras.<\/p>\n<p>Os 3 &#8220;F&#8221;<\/p>\n<p>Reconhecer um AVC \u00e9 relativamente simples, recorrendo \u00e0 regra dos 3 &#8220;F&#8221;. Estes sintomas podem surgir de forma isolada ou combinados:<\/p>\n<ul>\n<li><strong>Face<\/strong>: a boca est\u00e1 torta ou um lado do rosto parece &#8220;ca\u00eddo&#8221;?<\/li>\n<li><strong>For\u00e7a<\/strong>: h\u00e1 falta de for\u00e7a num bra\u00e7o ou perna?<\/li>\n<li><strong>Fala<\/strong>: a pessoa tem dificuldade em falar, diz frases sem sentido ou a voz est\u00e1 &#8220;enrolada&#8221;?<\/li>\n<\/ul>\n<p><a target=\"_blank\" href=\"https:\/\/pplware.sapo.pt\/wp-content\/uploads\/2025\/12\/avc_3fs_chatgpt.jpg\" onclick=\"refreshIframe()\" class=\"foobox\" rel=\"nofollow noopener\"><img loading=\"lazy\" decoding=\"async\" aria-describedby=\"caption-attachment-1094855\" src=\"https:\/\/www.europesays.com\/pt\/wp-content\/uploads\/2025\/12\/avc_3fs_chatgpt-720x405.jpg\" alt=\"\" width=\"720\" height=\"405\" class=\"wp-image-1094855 size-medium\"  \/><\/a><\/p>\n<p id=\"caption-attachment-1094855\" class=\"wp-caption-text\">Imagem gerada com recurso \u00e0 Intelig\u00eancia Artificial.<\/p>\n<p>A urg\u00eancia do tratamento em caso de AVC<\/p>\n<p>Em caso de AVC, agir rapidamente \u00e9 fundamental, porque o c\u00e9rebro depende de um fluxo constante de sangue e oxig\u00e9nio.<\/p>\n<p>Quando esse fluxo \u00e9 interrompido ou ocorre uma hemorragia, as c\u00e9lulas cerebrais come\u00e7am a sofrer danos em poucos minutos. Assim, quanto mais tempo passa sem tratamento, maior \u00e9 a \u00e1rea do c\u00e9rebro afetada e mais graves tendem a ser as sequelas, como dificuldades na fala, no movimento ou na mem\u00f3ria.<\/p>\n<p>Considerando que cada minuto conta e atrasos podem ter consequ\u00eancias irrevers\u00edveis, a resposta imediata \u00e9 crucial, permitindo o acesso a tratamentos eficazes, que s\u00f3 podem ser administrados numa janela de tempo limitada.<\/p>\n<p><a target=\"_blank\" href=\"https:\/\/pplware.sapo.pt\/wp-content\/uploads\/2021\/12\/pplware_chamadas_emergencia_1.jpg\" onclick=\"refreshIframe()\" class=\"foobox\" rel=\"nofollow noopener\"><img loading=\"lazy\" decoding=\"async\" src=\"https:\/\/www.europesays.com\/pt\/wp-content\/uploads\/2025\/12\/pplware_chamadas_emergencia_1-720x405.jpg\" alt=\"\" width=\"720\" height=\"405\" class=\"aligncenter size-medium wp-image-816888\"  \/><\/a><\/p>\n<p>Caso testemunhe um AVC, ligue para o 112!<\/p>\n<p>Caso testemunhe um AVC, verificando os chamados 3 &#8220;F&#8221;, contrarie o instinto de se deslocar, de carro, para o hospital mais pr\u00f3ximo. Em vez disso, ligue imediatamente para o 112.<\/p>\n<p>Ao ligar para os servi\u00e7os de emerg\u00eancia, \u00e9 poss\u00edvel ativar mecanismos que encaminham o doente para hospitais preparados para diagnosticar e tratar o AVC com rapidez.<\/p>\n<p>Esta rapidez aumenta significativamente as hip\u00f3teses de sobreviv\u00eancia e de recupera\u00e7\u00e3o funcional, refor\u00e7ando a ideia de que, perante sinais de AVC, a melhor decis\u00e3o \u00e9 agir de imediato e nunca esperar que os sintomas passem sozinhos.<\/p>\n<p><a target=\"_blank\" href=\"https:\/\/www.europesays.com\/pt\/wp-content\/uploads\/2025\/12\/via_verde_avc.jpg\" onclick=\"refreshIframe()\" class=\"foobox\"><img loading=\"lazy\" decoding=\"async\" aria-describedby=\"caption-attachment-1094858\" src=\"https:\/\/www.europesays.com\/pt\/wp-content\/uploads\/2025\/12\/via_verde_avc.jpg\" alt=\"\" width=\"720\" height=\"405\" class=\"wp-image-1094858 size-full\"  \/><\/a><\/p>\n<p id=\"caption-attachment-1094858\" class=\"wp-caption-text\">Cr\u00e9dito: Igor Martins\/ Observador (<a target=\"_blank\" href=\"https:\/\/observador.pt\/especiais\/via-verde-avc-o-socorro-ultrarrapido-que-salva-vidas-quando-o-sangue-nao-chega-ao-cerebro\/\" rel=\"nofollow noopener\">2024<\/a>)<\/p>\n<p>Via verde AVC assegura tratamento o mais r\u00e1pido poss\u00edvel<\/p>\n<p>Num cen\u00e1rio de AVC, a <a target=\"_blank\" href=\"https:\/\/www.associacaoportuguesadeavc.com\/via-verde-do-avc\" rel=\"nofollow noopener\">Via Verde AVC<\/a> funciona como uma &#8220;autoestrada&#8221; de sobreviv\u00eancia que envolve v\u00e1rias etapas coordenadas:<\/p>\n<p>Este \u00e9 o passo mais importante. Nunca deve levar o doente ao hospital por meios pr\u00f3prios. Ao ligar para o 112, a chamada \u00e9 encaminhada para o Centro de Orienta\u00e7\u00e3o de Doentes Urgentes (CODU) do INEM.<\/p>\n<p>Ap\u00f3s confirmarem a suspeita de AVC, os profissionais do INEM ativam a &#8220;Via Verde&#8221;, alertando imediatamente o hospital de destino.<\/p>\n<p>Uma ambul\u00e2ncia \u00e9 enviada para prestar os primeiros cuidados e transportar o doente para o hospital com a Unidade de AVC mais adequada, ou seja, que tenha capacidade para realizar exames de imagem e tratamentos como fibrin\u00f3lise ou trombectomia.<\/p>\n<p>Ao chegar ao hospital, a equipa m\u00e9dica j\u00e1 est\u00e1 \u00e0 espera do doente, ignorando as filas de espera habituais da urg\u00eancia para realizar um TAC e iniciar o tratamento de imediato.<\/p>\n<p><a target=\"_blank\" href=\"https:\/\/pplware.sapo.pt\/wp-content\/uploads\/2024\/04\/emergencia00.jpg\" onclick=\"refreshIframe()\" class=\"foobox\" rel=\"nofollow noopener\"><img loading=\"lazy\" decoding=\"async\" src=\"https:\/\/www.europesays.com\/pt\/wp-content\/uploads\/2025\/12\/emergencia00-720x405.jpg\" alt=\"\" width=\"720\" height=\"405\" class=\"aligncenter size-medium wp-image-988218\"  \/><\/a><\/p>\n<p>N\u00e3o perder tempo pode reduzir as sequelas<\/p>\n<p>Em Portugal Continental, existiam cerca de 34 hospitais, <a target=\"_blank\" href=\"https:\/\/observador.pt\/especiais\/via-verde-avc-o-socorro-ultrarrapido-que-salva-vidas-quando-o-sangue-nao-chega-ao-cerebro\/#:~:text=um%20dos%2034%20em%20Portugal%20preparados%20para%20socorrer%20AVC%20com%20equipas%20r%C3%A1pidas%2C%20equipamento%20especializado%20e%20rotinas%20ensaiadas\" rel=\"nofollow noopener\">em 2024<\/a>, preparados com equipas de Via Verde AVC.<\/p>\n<p>Os tratamentos mais eficazes, como a administra\u00e7\u00e3o de f\u00e1rmacos para dissolver co\u00e1gulos, t\u00eam uma janela de tempo limitada, geralmente at\u00e9 4,5 a 6 horas ap\u00f3s o in\u00edcio dos sintomas.<\/p>\n<p>Por isso, o encaminhamento via 112 reduz significativamente o tempo at\u00e9 ao tratamento, e aumenta as probabilidades de uma recupera\u00e7\u00e3o total ou com menor grau de incapacidade.<\/p>\n","protected":false},"excerpt":{"rendered":"Abreviado para AVC, um acidente vascular cerebral \u00e9 a principal causa de morte em Portugal. Pela urg\u00eancia que&hellip;\n","protected":false},"author":2,"featured_media":199458,"comment_status":"","ping_status":"","sticky":false,"template":"","format":"standard","meta":{"footnotes":"","_share_on_mastodon":"0"},"categories":[86],"tags":[39836,1493,39837,29023,116,32,33,117],"class_list":["post-199457","post","type-post","status-publish","format-standard","has-post-thumbnail","category-saude","tag-39836","tag-avc","tag-chamada-de-emergencia","tag-emergencia-medica","tag-health","tag-portugal","tag-pt","tag-saude"],"share_on_mastodon":{"url":"https:\/\/pubeurope.com\/@pt\/115767914651126229","error":""},"_links":{"self":[{"href":"https:\/\/www.europesays.com\/pt\/wp-json\/wp\/v2\/posts\/199457","targetHints":{"allow":["GET"]}}],"collection":[{"href":"https:\/\/www.europesays.com\/pt\/wp-json\/wp\/v2\/posts"}],"about":[{"href":"https:\/\/www.europesays.com\/pt\/wp-json\/wp\/v2\/types\/post"}],"author":[{"embeddable":true,"href":"https:\/\/www.europesays.com\/pt\/wp-json\/wp\/v2\/users\/2"}],"replies":[{"embeddable":true,"href":"https:\/\/www.europesays.com\/pt\/wp-json\/wp\/v2\/comments?post=199457"}],"version-history":[{"count":0,"href":"https:\/\/www.europesays.com\/pt\/wp-json\/wp\/v2\/posts\/199457\/revisions"}],"wp:featuredmedia":[{"embeddable":true,"href":"https:\/\/www.europesays.com\/pt\/wp-json\/wp\/v2\/media\/199458"}],"wp:attachment":[{"href":"https:\/\/www.europesays.com\/pt\/wp-json\/wp\/v2\/media?parent=199457"}],"wp:term":[{"taxonomy":"category","embeddable":true,"href":"https:\/\/www.europesays.com\/pt\/wp-json\/wp\/v2\/categories?post=199457"},{"taxonomy":"post_tag","embeddable":true,"href":"https:\/\/www.europesays.com\/pt\/wp-json\/wp\/v2\/tags?post=199457"}],"curies":[{"name":"wp","href":"https:\/\/api.w.org\/{rel}","templated":true}]}}