{"id":199469,"date":"2025-12-23T08:42:28","date_gmt":"2025-12-23T08:42:28","guid":{"rendered":"https:\/\/www.europesays.com\/pt\/199469\/"},"modified":"2025-12-23T08:42:28","modified_gmt":"2025-12-23T08:42:28","slug":"entenda-como-as-familias-de-elvis-presley-e-john-travolta-podem-estar-interligadas-r7-entretenimento","status":"publish","type":"post","link":"https:\/\/www.europesays.com\/pt\/199469\/","title":{"rendered":"Entenda como as fam\u00edlias de Elvis Presley e John Travolta podem estar interligadas \u2013 R7 Entretenimento"},"content":{"rendered":"<p>Uma bomba explodiu nas redes sociais ap\u00f3s surgir um boato de que Benjamin Travolta, o filho mais novo do ator John Travolta e Kelly Preston, seria bisneto biol\u00f3gico de Elvis Presley. Isso porque a neta do Rei do Rock, Riley Keough, que \u00e9 filha de Lisa Marie Presley, teria doado seus \u00f3vulos para o ator e sua mulher.<\/p>\n<p>Segundo um documento apresentado na Justi\u00e7a americana, Benjamin, que hoje tem 15 anos, seria filho biol\u00f3gico de Riley Keough e bisneto de Elvis. A hist\u00f3ria surgiu durante um processo judicial de R$ 250 milh\u00f5es e que envolvia Priscilla Presley, vi\u00fava do rei do rock, e dois ex-s\u00f3cios dela. Eles a acusam, ao lado do filho, Navarone Garcia, de quebra de contrato e interfer\u00eancia em neg\u00f3cios ligados ao uso do nome e da imagem de Priscila.<\/p>\n<p>John Travolta e Kelly Preston est\u00e3o casados desde 1991 e tiveram tr\u00eas filhos: Ella, de 25 anos, Benjamin, de 15 anos, e o mais velho Jett, que morreu em 2009, aos 16 anos, v\u00edtima de uma convuls\u00e3o durante uma viagem de f\u00e9rias. Depois da trag\u00e9dia, Travolta queria aumentar a fam\u00edlia e tamb\u00e9m salvar a carreira em meio a alega\u00e7\u00f5es de m\u00e1 conduta sexual. Por causa da idade avan\u00e7ada da esposa, John resolveu pedir ajuda aos Presley.<\/p>\n<p>A a\u00e7\u00e3o afirma que Lisa Marie foi a primeira op\u00e7\u00e3o para doa\u00e7\u00e3o dos \u00f3vulos, mas, por conta do envolvimento com drogas, eles optaram por Riley Keough, que na \u00e9poca tinha 21 anos. Em troca, segundo o processo, a atriz teria ganhado um carro de luxo hist\u00f3rico e cerca de R$ 100 mil. At\u00e9 agora, ningu\u00e9m se pronunciou. Kelly faleceu em 2020, v\u00edtima de um c\u00e2ncer de mama pelo qual lutava h\u00e1 quase dois anos.<\/p>\n<p><b>O PlayPlus agora \u00e9 RecordPlus: mais conte\u00fado da RECORD para voc\u00ea, ao vivo e de gra\u00e7a. Baixe o app <b><a href=\"https:\/\/descubra.recordplus.com\/\" rel=\"nofollow noopener\" target=\"_blank\">aqui!<\/a><\/b><\/b><\/p>\n","protected":false},"excerpt":{"rendered":"Uma bomba explodiu nas redes sociais ap\u00f3s surgir um boato de que Benjamin Travolta, o filho mais novo&hellip;\n","protected":false},"author":2,"featured_media":199470,"comment_status":"","ping_status":"","sticky":false,"template":"","format":"standard","meta":{"footnotes":""},"categories":[145],"tags":[4552,211,210,114,115,39841,3034,32,33],"class_list":{"0":"post-199469","1":"post","2":"type-post","3":"status-publish","4":"format-standard","5":"has-post-thumbnail","7":"category-celebridades","8":"tag-a-hora-da-venenosa","9":"tag-celebridades","10":"tag-celebrities","11":"tag-entertainment","12":"tag-entretenimento","13":"tag-fabiola-reipert","14":"tag-famosos-e-celebridades","15":"tag-portugal","16":"tag-pt"},"share_on_mastodon":{"url":"https:\/\/pubeurope.com\/@pt\/115767996778707637","error":""},"_links":{"self":[{"href":"https:\/\/www.europesays.com\/pt\/wp-json\/wp\/v2\/posts\/199469","targetHints":{"allow":["GET"]}}],"collection":[{"href":"https:\/\/www.europesays.com\/pt\/wp-json\/wp\/v2\/posts"}],"about":[{"href":"https:\/\/www.europesays.com\/pt\/wp-json\/wp\/v2\/types\/post"}],"author":[{"embeddable":true,"href":"https:\/\/www.europesays.com\/pt\/wp-json\/wp\/v2\/users\/2"}],"replies":[{"embeddable":true,"href":"https:\/\/www.europesays.com\/pt\/wp-json\/wp\/v2\/comments?post=199469"}],"version-history":[{"count":0,"href":"https:\/\/www.europesays.com\/pt\/wp-json\/wp\/v2\/posts\/199469\/revisions"}],"wp:featuredmedia":[{"embeddable":true,"href":"https:\/\/www.europesays.com\/pt\/wp-json\/wp\/v2\/media\/199470"}],"wp:attachment":[{"href":"https:\/\/www.europesays.com\/pt\/wp-json\/wp\/v2\/media?parent=199469"}],"wp:term":[{"taxonomy":"category","embeddable":true,"href":"https:\/\/www.europesays.com\/pt\/wp-json\/wp\/v2\/categories?post=199469"},{"taxonomy":"post_tag","embeddable":true,"href":"https:\/\/www.europesays.com\/pt\/wp-json\/wp\/v2\/tags?post=199469"}],"curies":[{"name":"wp","href":"https:\/\/api.w.org\/{rel}","templated":true}]}}