{"id":199574,"date":"2025-12-23T10:50:19","date_gmt":"2025-12-23T10:50:19","guid":{"rendered":"https:\/\/www.europesays.com\/pt\/199574\/"},"modified":"2025-12-23T10:50:19","modified_gmt":"2025-12-23T10:50:19","slug":"nao-foi-vitoria-do-talento-ou-da-beleza-foi-do-trabalho-observador","status":"publish","type":"post","link":"https:\/\/www.europesays.com\/pt\/199574\/","title":{"rendered":"&#8220;N\u00e3o foi vit\u00f3ria do talento ou da beleza, foi do trabalho&#8221; \u2013 Observador"},"content":{"rendered":"<p>N\u00e1poles, Moreirense, Farense, Famalic\u00e3o.<strong> O Benfica leva atualmente quatro vit\u00f3rias consecutivas em todas as competi\u00e7\u00f5es,<\/strong> algo que j\u00e1 n\u00e3o acontecia desde o in\u00edcio da temporada e quando Bruno Lage ainda era o treinador. Um dado simples mas que, na verdade, \u00e9 o espelho da tal consist\u00eancia que Jos\u00e9 Mourinho parece ter finalmente alcan\u00e7ado nos encarnados.<\/p>\n<blockquote class=\"wp-embedded-content\" data-secret=\"FVt4nZD7bh\">\n<p><a href=\"https:\/\/observador.pt\/2025\/12\/22\/prestianni-e-a-ideia-de-que-os-verdadeiros-artistas-brilham-ate-em-dias-a-preto-e-branco-a-cronica-do-benfica-famalicao\/\" rel=\"nofollow noopener\" target=\"_blank\">Prestianni e a ideia de que os verdadeiros artistas brilham at\u00e9 em dias a preto e branco (a cr\u00f3nica do Benfica-Famalic\u00e3o)<\/a><\/p>\n<\/blockquote>\n<p>Ao mesmo tempo, <strong>o Benfica tamb\u00e9m n\u00e3o sofreu golos nos mesmos quatro jogos,<\/strong> algo que tamb\u00e9m j\u00e1 n\u00e3o acontecia desde o in\u00edcio da temporada, e garantiu que pelo menos mant\u00e9m as dist\u00e2ncias para FC Porto e Sporting, sendo que os le\u00f5es s\u00f3 entram em campo esta ter\u00e7a-feira contra o V. Guimar\u00e3es. A n\u00edvel individual, Pavlidis voltou a marcar e n\u00e3o s\u00f3 cimentou o posto de melhor marcador do Campeonato, com 14 golos, como chegou aos 50 golos de forma global pelos encarnados.<\/p>\n<p>Depois do apito final, na zona de entrevistas r\u00e1pidas, Jos\u00e9 Mourinho reconheceu que foi uma vit\u00f3ria \u201cmerecida, mas dif\u00edcil\u201d. \u201cVit\u00f3ria merecida, mas n\u00e3o bela. N\u00e3o foi uma vit\u00f3ria do talento nem da beleza de jogo que j\u00e1 tivemos neste \u00faltimo m\u00eas, em que fizemos grandes jogos, <strong>mas foi uma vit\u00f3ria do trabalho, da organiza\u00e7\u00e3o defensiva, do rigor e da humildade.<\/strong> Contra uma equipa que \u00e9 a primeira vez que perde fora de casa, a primeira vez que n\u00e3o faz golo fora de casa. Contra uma equipa boa, com jogadores bons. Vit\u00f3ria merecida. Se algu\u00e9m poderia ter feito mais golos \u00e9ramos n\u00f3s, apesar de n\u00e3o termos feito um grande jogo ofensivamente. O Trubin pouco fez na contribui\u00e7\u00e3o do resultado\u201d, come\u00e7ou por dizer, abordando depois a estrat\u00e9gia para o jogo.<\/p>\n<blockquote class=\"twitter-tweet\" data-width=\"500\" data-dnt=\"true\">\n<p lang=\"pt\" dir=\"ltr\">O ????Benfica n\u00e3o sofre golos h\u00e1 4 jogos, o melhor registo continua a ser a s\u00e9rie das 7 partidas iniciais da \u00e9poca.<\/p>\n<p>Somando os registos de triunfos e golos, esta \u00e9 a melhor s\u00e9rie encarnada em 2025\/26:<br \/>????4V, 9-0 golos (dez.)<br \/>????4V, 6-0 golos (ago.) <a href=\"https:\/\/t.co\/8vkjpv9rgy\" rel=\"nofollow\">pic.twitter.com\/8vkjpv9rgy<\/a><\/p>\n<p>\u2014 Playmaker (@playmaker_PT) <a href=\"https:\/\/twitter.com\/playmaker_PT\/status\/2003239261328531735?ref_src=twsrc%5Etfw\" rel=\"nofollow noopener\" target=\"_blank\">December 22, 2025<\/a><\/p>\n<\/blockquote>\n<p>\u201cN\u00e3o encontr\u00e1mos muito a profundidade. As caracter\u00edsticas do Pavlidis n\u00e3o s\u00e3o propriamente essas. Ele estava a jogar muito bem e em grande empatia de jogo com o Barreiro, numa altern\u00e2ncia no baixar e procurar a profundidade. O Aursnes dava-nos esta solidez que apresent\u00e1mos, mas menos agressividade na profundidade. Mas jogos parecidos com este\u2026 J\u00e1 empat\u00e1mos aqui e hoje n\u00e3o empat\u00e1mos, ganh\u00e1mos. Tivemos solidez, a equipa esteve compacta, solid\u00e1ria, e <strong>quando n\u00e3o se joga muito bem \u00e9 preciso ser compacto, humilde e trabalhar bem.<\/strong> Fomos os merecidos vencedores\u201d, acrescentou.<\/p>\n<p>Por fim, Jos\u00e9 Mourinho explicou o que se passou com Tom\u00e1s Ara\u00fajo, que saiu aparentemente indisposto nos primeiros minutos da segunda parte.<strong> \u201cDoente. Jogou doente, medicado.<\/strong> Ao intervalo j\u00e1 estava com alguns sintomas que estavam a crescer, estava a sentir alguns tremores, as febres estavam a subir. Chegou a altura de sair e temos o Ant\u00f3nio, quando sai um entra outro e as coisas ficam iguais\u201d, terminou.<\/p>\n<p>Gianluca Prestianni foi a novidade de Mourinho no onze inicial, muito face \u00e0 aus\u00eancia de Leandro Barreiro, e acabou por ser eleito o melhor jogador em campo. \u201cSab\u00edamos que ia ser um jogo dif\u00edcil, mas gra\u00e7as ao trabalho de todos conseguimos tirar o melhor de cada um e somar os tr\u00eas pontos, que era o mais importante. Trabalho dia a dia para poder ter minutos e aproveitar as oportunidades. <strong>N\u00e3o vai sair sempre tudo bem, mas vou dar sempre 100%\u201d,<\/strong> disse o argentino, dedicando ainda a vit\u00f3ria aos adeptos.<\/p>\n<blockquote class=\"twitter-tweet\" data-width=\"500\" data-dnt=\"true\">\n<p lang=\"pt\" dir=\"ltr\">????Quinta vit\u00f3ria do ????Benfica pela margem m\u00ednima na Liga Betclic 2025\/26.<\/p>\n<p>Tr\u00eas dos cinco triunfos foram com golos da vit\u00f3ria de ????????Pavlidis de grande penalidade:<br \/>0-1 Estrela da Amadora<br \/>2-1 Gil Vicente<br \/>1-0 Famalic\u00e3o <a href=\"https:\/\/t.co\/IqhkO7AhY7\" rel=\"nofollow\">pic.twitter.com\/IqhkO7AhY7<\/a><\/p>\n<p>\u2014 Playmaker (@playmaker_PT) <a href=\"https:\/\/twitter.com\/playmaker_PT\/status\/2003241183443828819?ref_src=twsrc%5Etfw\" rel=\"nofollow noopener\" target=\"_blank\">December 22, 2025<\/a><\/p>\n<\/blockquote>\n<p>A surpresa do p\u00f3s-jogo, por\u00e9m, ficou reservada para Miguel Ribeiro, presidente do Famalic\u00e3o, que surgiu na sala de imprensa do Est\u00e1dio da Luz para se dirigir aos jornalistas. \u201cCome\u00e7o pelo mais importante, que \u00e9 desejar boas festas a todos. E \u00f3timo ano de 2026, a todos aqui, portugueses, adeptos do Famalic\u00e3o. <strong>Entendo que o que vivemos aqui hoje \u00e9 caso para ser estudado pelo IPMA.<\/strong> Assistimos a uma r\u00e9plica do ciclone dos A\u00e7ores e lamento que um clube que est\u00e1 a crescer, um treinador que tem proposta de jogo com qualidade, seja v\u00edtima de uma r\u00e9plica do ciclone dos A\u00e7ores. Estamos longe, mas ser\u00e1 algo para ser estudado pelo IPMA, n\u00e3o encontro outra institui\u00e7\u00e3o para o fazer\u201d, vincou, comparando o lance da grande penalidade de Justin de Haas sobre Otamendi ao do pen\u00e1lti cometido por Tiago Duarte sobre Hjulmand nos A\u00e7ores, na semana passada, no jogo da Ta\u00e7a de Portugal entre o Sporting e o Santa Clara.<\/p>\n<p>            <script async src=\"https:\/\/platform.twitter.com\/widgets.js\" charset=\"utf-8\"><\/script><\/p>\n","protected":false},"excerpt":{"rendered":"N\u00e1poles, Moreirense, Farense, Famalic\u00e3o. O Benfica leva atualmente quatro vit\u00f3rias consecutivas em todas as competi\u00e7\u00f5es, algo que j\u00e1&hellip;\n","protected":false},"author":2,"featured_media":199575,"comment_status":"","ping_status":"","sticky":false,"template":"","format":"standard","meta":{"footnotes":""},"categories":[145],"tags":[51,211,210,135,114,115,524,10589,32,33],"class_list":{"0":"post-199574","1":"post","2":"type-post","3":"status-publish","4":"format-standard","5":"has-post-thumbnail","7":"category-celebridades","8":"tag-benfica","9":"tag-celebridades","10":"tag-celebrities","11":"tag-desporto","12":"tag-entertainment","13":"tag-entretenimento","14":"tag-futebol","15":"tag-i-liga-betclic","16":"tag-portugal","17":"tag-pt"},"share_on_mastodon":{"url":"https:\/\/pubeurope.com\/@pt\/115768500083494745","error":""},"_links":{"self":[{"href":"https:\/\/www.europesays.com\/pt\/wp-json\/wp\/v2\/posts\/199574","targetHints":{"allow":["GET"]}}],"collection":[{"href":"https:\/\/www.europesays.com\/pt\/wp-json\/wp\/v2\/posts"}],"about":[{"href":"https:\/\/www.europesays.com\/pt\/wp-json\/wp\/v2\/types\/post"}],"author":[{"embeddable":true,"href":"https:\/\/www.europesays.com\/pt\/wp-json\/wp\/v2\/users\/2"}],"replies":[{"embeddable":true,"href":"https:\/\/www.europesays.com\/pt\/wp-json\/wp\/v2\/comments?post=199574"}],"version-history":[{"count":0,"href":"https:\/\/www.europesays.com\/pt\/wp-json\/wp\/v2\/posts\/199574\/revisions"}],"wp:featuredmedia":[{"embeddable":true,"href":"https:\/\/www.europesays.com\/pt\/wp-json\/wp\/v2\/media\/199575"}],"wp:attachment":[{"href":"https:\/\/www.europesays.com\/pt\/wp-json\/wp\/v2\/media?parent=199574"}],"wp:term":[{"taxonomy":"category","embeddable":true,"href":"https:\/\/www.europesays.com\/pt\/wp-json\/wp\/v2\/categories?post=199574"},{"taxonomy":"post_tag","embeddable":true,"href":"https:\/\/www.europesays.com\/pt\/wp-json\/wp\/v2\/tags?post=199574"}],"curies":[{"name":"wp","href":"https:\/\/api.w.org\/{rel}","templated":true}]}}