{"id":199605,"date":"2025-12-23T11:19:11","date_gmt":"2025-12-23T11:19:11","guid":{"rendered":"https:\/\/www.europesays.com\/pt\/199605\/"},"modified":"2025-12-23T11:19:11","modified_gmt":"2025-12-23T11:19:11","slug":"renata-fan-se-emociona-ao-falar-da-morte-do-pai-zoeira","status":"publish","type":"post","link":"https:\/\/www.europesays.com\/pt\/199605\/","title":{"rendered":"Renata Fan se emociona ao falar da morte do pai &#8211; Zoeira"},"content":{"rendered":"<p>Renata Fan falou publicamente pela primeira vez sobre a morte do pai, Paulo Ant\u00f4nio Ribeiro Fan, que faleceu aos 76 anos no \u00faltimo s\u00e1bado (20), em Santo \u00c2ngelo, no Rio Grande do Sul. Emocionada, a apresentadora usou os minutos finais do programa &#8220;Jogo Aberto&#8221;, da Band, nesta segunda-feira (22), para prestar uma homenagem e compartilhar a dor do luto.<\/p>\n<p>\u201cNo s\u00e1bado, eu, infelizmente, perdi meu pai aos 76 anos. Ele morou sempre em Santo \u00c2ngelo, uma cidade no interior do Rio Grande do Sul. Foi tudo muito intenso, muito r\u00e1pido, muito doloroso. E l\u00e1 eu estive, voltei\u201d, desabafou Renata, de 48 anos. O pai foi cremado em Santa Maria, e a causa da morte n\u00e3o foi divulgada.<\/p>\n<p>Durante o relato, Renata destacou os ensinamentos que recebeu do pai ao longo da vida. \u201cMinha programa\u00e7\u00e3o para o ano era cobrir todos os grandes eventos esportivos do futebol brasileiro e internacional&#8230; E esse homem, ele me deixou tantas, tantas heran\u00e7as de valores, de vida, de li\u00e7\u00f5es; duas delas eu levo no cora\u00e7\u00e3o e levo na vida\u201d, afirmou.<\/p>\n<p>A apresentadora ressaltou o exemplo profissional deixado por Paulo Ant\u00f4nio. \u201cA primeira \u00e9 que ele sempre foi um trabalhador digno, a carteira de trabalho para ele n\u00e3o era s\u00f3 papel, ele fazia isso todos os dias e fez at\u00e9 ficar doente. Ent\u00e3o, ele me ensinou que o trabalho, quando a gente est\u00e1 num grupo, num time, a gente leva at\u00e9 o final, e foi o que fiz hoje, estando aqui, ao vivo na Band, e querendo concluir essa etapa no Jogo Aberto\u201d, disse.<\/p>\n<p>\t\t\t\tVeja tamb\u00e9m<\/p>\n<p>Renata tamb\u00e9m falou sobre a import\u00e2ncia da fam\u00edlia, valor que, segundo ela, era inegoci\u00e1vel para o pai. \u201cO segundo valor que eu nunca vou esquecer \u00e9 o da fam\u00edlia unida. A fam\u00edlia unida, para ele, era vida, era lei e era algo inegoci\u00e1vel, ent\u00e3o eu dedico esse programa ao meu pai, ao seu Paulo Ant\u00f4nio Ribeiro Fan, o homem mais importante da minha vida&#8221;.\u00a0<\/p>\n<p>Em meio \u00e0 emo\u00e7\u00e3o, a apresentadora agradeceu o apoio dos familiares e do marido. \u201cDedico tamb\u00e9m \u00e0s pessoas que est\u00e3o sofrendo comigo muito de perto: meu irm\u00e3o Rafael, minha cunhada Let\u00edcia, os meus sobrinhos Mateus e Lucas e principalmente \u00e0 minha m\u00e3e, a dona Ana Fan, que viveu 55 anos da vida dela ao lado do meu pai\u201d, declarou.<\/p>\n<p>Ela ainda destacou a parceria dos pais ao longo da vida. &#8220;Um casal que teve elos, la\u00e7os, cumplicidade e que formaram uma fam\u00edlia de verdade. Em tempos atuais isso nem sempre \u00e9 poss\u00edvel. Na hora ruim a gente descobre quem s\u00e3o as pessoas. O \u00c1tila Abreu, que \u00e9 meu companheiro de vida, se mostrou um homem magn\u00edfico, muito al\u00e9m das minhas expectativas&#8221;.\u00a0<\/p>\n<p>Ao encerrar, Renata se dirigiu diretamente ao pai, em uma despedida comovente. \u201cPara a eternidade eu vou ser a sua maior f\u00e3 sempre, vou levar voc\u00ea e os seus ensinamentos sempre. Eu queria ter dito mais vezes \u2018eu te amo\u2019, eu queria ter estado mais perto e nem sempre foi poss\u00edvel. Mas o que fica \u00e9 o melhor da vida e essa saudade que eu vou transformar n\u00e3o em presen\u00e7a, mas em aus\u00eancia. Porque eu vou te encontrar em outro lugar e de outro jeito&#8221;.\u00a0<\/p>\n","protected":false},"excerpt":{"rendered":"Renata Fan falou publicamente pela primeira vez sobre a morte do pai, Paulo Ant\u00f4nio Ribeiro Fan, que faleceu&hellip;\n","protected":false},"author":2,"featured_media":199606,"comment_status":"","ping_status":"","sticky":false,"template":"","format":"standard","meta":{"footnotes":""},"categories":[145],"tags":[211,210,114,115,712,32,33],"class_list":{"0":"post-199605","1":"post","2":"type-post","3":"status-publish","4":"format-standard","5":"has-post-thumbnail","7":"category-celebridades","8":"tag-celebridades","9":"tag-celebrities","10":"tag-entertainment","11":"tag-entretenimento","12":"tag-pessoas","13":"tag-portugal","14":"tag-pt"},"share_on_mastodon":{"url":"https:\/\/pubeurope.com\/@pt\/115768614168921809","error":""},"_links":{"self":[{"href":"https:\/\/www.europesays.com\/pt\/wp-json\/wp\/v2\/posts\/199605","targetHints":{"allow":["GET"]}}],"collection":[{"href":"https:\/\/www.europesays.com\/pt\/wp-json\/wp\/v2\/posts"}],"about":[{"href":"https:\/\/www.europesays.com\/pt\/wp-json\/wp\/v2\/types\/post"}],"author":[{"embeddable":true,"href":"https:\/\/www.europesays.com\/pt\/wp-json\/wp\/v2\/users\/2"}],"replies":[{"embeddable":true,"href":"https:\/\/www.europesays.com\/pt\/wp-json\/wp\/v2\/comments?post=199605"}],"version-history":[{"count":0,"href":"https:\/\/www.europesays.com\/pt\/wp-json\/wp\/v2\/posts\/199605\/revisions"}],"wp:featuredmedia":[{"embeddable":true,"href":"https:\/\/www.europesays.com\/pt\/wp-json\/wp\/v2\/media\/199606"}],"wp:attachment":[{"href":"https:\/\/www.europesays.com\/pt\/wp-json\/wp\/v2\/media?parent=199605"}],"wp:term":[{"taxonomy":"category","embeddable":true,"href":"https:\/\/www.europesays.com\/pt\/wp-json\/wp\/v2\/categories?post=199605"},{"taxonomy":"post_tag","embeddable":true,"href":"https:\/\/www.europesays.com\/pt\/wp-json\/wp\/v2\/tags?post=199605"}],"curies":[{"name":"wp","href":"https:\/\/api.w.org\/{rel}","templated":true}]}}