{"id":199621,"date":"2025-12-23T11:34:13","date_gmt":"2025-12-23T11:34:13","guid":{"rendered":"https:\/\/www.europesays.com\/pt\/199621\/"},"modified":"2025-12-23T11:34:13","modified_gmt":"2025-12-23T11:34:13","slug":"revista-americana-aposta-em-wagner-moura-como-vencedor-do-oscar-de-melhor-ator-r7-entretenimento","status":"publish","type":"post","link":"https:\/\/www.europesays.com\/pt\/199621\/","title":{"rendered":"Revista americana aposta em Wagner Moura como vencedor do Oscar de Melhor Ator \u2013 R7 Entretenimento"},"content":{"rendered":"<p>LEIA AQUI O RESUMO DA NOT\u00cdCIA<\/p>\n<ul class=\"b-article-body-custom-embed-brief-news__list\" style=\"margin: 0; padding-left: 20px; list-style-type: disc;\">\n<li>A revista The Hollywood Reporter colocou Wagner Moura como favorito ao Oscar de Melhor Ator em 2026.<\/li>\n<li>O brasileiro \u00e9 reconhecido pela atua\u00e7\u00e3o no filme &#8220;O Agente Secreto&#8221;, que vem atraindo aten\u00e7\u00e3o da cr\u00edtica.<\/li>\n<li>Scott Feinberg destacou Moura em primeiro lugar, seguido por outros atores renomados.<\/li>\n<li agente=\"\" secreto=\"\" o=\"\" filme=\"\" brasileiro=\"\" com=\"\" mais=\"\" indica=\"\" na=\"\" hist=\"\" do=\"\" globo=\"\" de=\"\" ouro.=\"\"\/>\n<\/ul>\n<p style=\"font-size: 0.8em; font-style: italic; text-align: right; margin-top: 15px; padding-bottom: 5px; margin-bottom: 0;\">Produzido pela Ri7a &#8211; a Intelig\u00eancia Artificial do R7<\/p>\n<p><img decoding=\"async\" data-chromatic=\"ignore\" alt=\"\" class=\"c-image\" loading=\"lazy\" src=\"https:\/\/www.europesays.com\/pt\/wp-content\/uploads\/2025\/12\/DGJ3HMWLIFCNVPGAG66ISKIAZM.jpeg\"  width=\"1141\" height=\"770\"\/>Protagonista de &#8216;O Agente Secreto&#8217; deve concorrer com Timoth\u00e9e Chalamet e Michael B. Jordan Reprodu\u00e7\u00e3o\/Instagram\/@theacademy <\/p>\n<p class=\"jarvics:base-text-neutral-high-400 base-text-[calc(theme(fontSize.xs)_*_var(--font-size,_1))] base-font-normal base-font-primary base-text-neutral-low-500 base-text-left\">A revista norte-americana The Hollywood Reporter publicou a previs\u00e3o do <a href=\"https:\/\/entretenimento.r7.com\/cinema\/alem-de-wagner-moura-saiba-quais-sao-os-atores-cotados-ao-oscar-2026-18112025\/\" target=\"_self\" rel=\"nofollow noopener\" title=\"https:\/\/entretenimento.r7.com\/cinema\/alem-de-wagner-moura-saiba-quais-sao-os-atores-cotados-ao-oscar-2026-18112025\/\">Oscar 2026<\/a> feita por Scott Feinberg, editor-chefe da cobertura de premia\u00e7\u00f5es. Na lista de poss\u00edveis indicados e vencedores, <a href=\"https:\/\/www.r7.com\/tudo-sobre\/wagner-moura\/\" target=\"_self\" rel=\"nofollow noopener\" title=\"https:\/\/www.r7.com\/tudo-sobre\/wagner-moura\/\">Wagner Moura<\/a> aparece como favorito na categoria de Melhor Ator.<\/p>\n<p class=\"jarvics:base-text-neutral-high-400 base-text-[calc(theme(fontSize.xs)_*_var(--font-size,_1))] base-font-normal base-font-primary base-text-neutral-low-500 base-text-left\">Desde a estreia de <a href=\"https:\/\/www.r7.com\/tudo-sobre\/o-agente-secreto\/\" target=\"_self\" rel=\"nofollow noopener\" title=\"https:\/\/www.r7.com\/tudo-sobre\/o-agente-secreto\/\">O Agente Secreto<\/a>, o brasileiro tem chamado a aten\u00e7\u00e3o dos cr\u00edticos e \u00e9 cotado pela maioria dos jornais internacionais como um dos indicados ao pr\u00eamio.<\/p>\n<p class=\"jarvics:base-text-neutral-high-400 base-text-[calc(theme(fontSize.xs)_*_var(--font-size,_1))] base-font-normal base-font-primary base-text-neutral-low-500 base-text-left\">Para o editor-chefe, a atua\u00e7\u00e3o de Wagner fica em primeiro lugar do ranking, seguido por Timoth\u00e9e Chalamet, Leonardo DiCaprio, Michael B. Jordan e Joel Edgerton. Outros trabalhos que podem ser bem avaliados, para o editor-chefe, s\u00e3o os de George Clooney, Ethan Hawke e Dwayne Johnson.<\/p>\n<p class=\"jarvics:base-text-neutral-high-400 base-text-[calc(theme(fontSize.xs)_*_var(--font-size,_1))] base-font-normal base-font-primary base-text-neutral-low-500 base-text-left\">Segundo a an\u00e1lise, o sucesso dirigido por Kleber Mendon\u00e7a Filho pode ser considerado em algumas categorias, como Melhor Filme e Melhor Diretor, mas n\u00e3o deve ganhar uma estatueta.<\/p>\n<p class=\"jarvics:base-text-neutral-high-400 base-text-[calc(theme(fontSize.xs)_*_var(--font-size,_1))] base-font-normal base-font-primary base-text-neutral-low-500 base-text-left\">Em O Agente Secreto, ambientado em 1977, Wagner Moura interpreta Marcelo, um professor de S\u00e3o Paulo que decide fugir de sua realidade misteriosa e violenta se mudando para Recife, onde passa a ser atormentado por \u201cfantasmas\u201d do passado.<\/p>\n<p class=\"jarvics:base-text-neutral-high-400 base-text-[calc(theme(fontSize.xs)_*_var(--font-size,_1))] base-font-normal base-font-primary base-text-neutral-low-500 base-text-left\">Al\u00e9m da expectativa de ser nomeado ao Oscar, o longa j\u00e1 se tornou o filme brasileiro com mais indica\u00e7\u00f5es na hist\u00f3ria do Globo de Ouro. A produ\u00e7\u00e3o concorre a Melhor Filme de Drama, Melhor Filme Internacional e Melhor Ator de Drama (Wagner Moura).<\/p>\n<p><video controls=\"\" class=\"video-js\" preload=\"metadata\" poster=\"https:\/\/d22yf0mxeu0gma.cloudfront.net\/12-22-2025\/t_a51d4647f5ca44df88ce286f2439eec3_name_o_agente_secreto_guerra.jpg\" title=\"Obama coloca filme brasileiro na lista de melhores longas-metragens de 2025\" data-sprite-url=\"\" data-metadata=\"{&quot;title&quot;:&quot;Obama coloca filme brasileiro na lista de melhores longas-metragens de 2025&quot;,&quot;sectionName&quot;:&quot;R7&quot;,&quot;mainSection&quot;:&quot;Cinema&quot;,&quot;subSection&quot;:&quot;&quot;,&quot;views&quot;:&quot;&quot;,&quot;disableAdv&quot;:&quot;false&quot;,&quot;createdDate&quot;:&quot;2025-12-22T12:02:13Z&quot;,&quot;mainSectionUrl&quot;:&quot;https:\/\/noticias.r7.com\/record-news\/news-das-10\/video\/obama-coloca-filme-brasileiro-na-lista-de-melhores-longas-metragens-de-2025-22122025\/&quot;,&quot;sectionPath&quot;:&quot;https:\/\/noticias.r7.com\/record-news\/news-das-10&quot;,&quot;ageRating&quot;:&quot;&quot;,&quot;ageRatingDescription&quot;:&quot;&quot;,&quot;duration&quot;:49152,&quot;playerUrl&quot;:&quot;https:\/\/noticias.r7.com\/player\/18e5fd97-ad15-4ad7-9c53-529e05616f4d\/&quot;}\" data-player-params=\"{&quot;p&quot;:&quot;true&quot;,&quot;autoPlay&quot;:&quot;false&quot;,&quot;logo&quot;:&quot;true&quot;,&quot;playlistId&quot;:&quot;false&quot;,&quot;calhau&quot;:&quot;false&quot;,&quot;share&quot;:&quot;true&quot;,&quot;sz&quot;:&quot;false&quot;,&quot;full&quot;:&quot;true&quot;,&quot;customAdHash&quot;:&quot;\/7542\/R7entretenimento\/cinema&quot;,&quot;referrerUrl&quot;:&quot;&quot;,&quot;externalLinks&quot;:&quot;true&quot;,&quot;debug&quot;:&quot;false&quot;,&quot;debugHash&quot;:&quot;false&quot;,&quot;debugRelated&quot;:&quot;false&quot;,&quot;timerRelated&quot;:&quot;true&quot;,&quot;logoRecord&quot;:&quot;false&quot;,&quot;contextModal&quot;:&quot;false&quot;,&quot;parentUrl&quot;:&quot;https:\/\/record.r7.com\/&quot;,&quot;t&quot;:&quot;0&quot;,&quot;noTitle&quot;:false,&quot;endBehavior&quot;:&quot;default&quot;}\" data-related-videos=\"[{&quot;title&quot;:&quot;'Exterm&#xED;nio' pode ter continua&#xE7;&#xE3;o ap&#xF3;s 'O Templo dos Ossos'&quot;,&quot;thumb&quot;:&quot;https:\/\/d22yf0mxeu0gma.cloudfront.net\/12-21-2025\/t_0c6273b2bf734d789ddd6935a30a1c7b_name_Cillian_Murphy.jpg&quot;,&quot;url&quot;:&quot;https:\/\/noticias.r7.com\/record-news\/geek-record-news\/video\/exterminio-pode-ter-continuacao-apos-o-templo-dos-ossos-22122025\/&quot;,&quot;embedUrl&quot;:&quot;https:\/\/noticias.r7.com\/player\/96848398-7a3a-4704-b630-8a9596368a08\/&quot;},{&quot;title&quot;:&quot;Curta-metragem brasileiro &#xE9; pr&#xE9;-indicado ao Oscar&quot;,&quot;thumb&quot;:&quot;https:\/\/d22yf0mxeu0gma.cloudfront.net\/12-19-2025\/t_51689454b27d429bbde5d1f847514830_name_file_960x540_1600_v4_.jpg&quot;,&quot;url&quot;:&quot;https:\/\/noticias.r7.com\/record-news\/news-das-10\/video\/curta-metragem-brasileiro-e-pre-indicado-ao-oscar-19122025\/&quot;,&quot;embedUrl&quot;:&quot;https:\/\/noticias.r7.com\/player\/0f427002-5c11-4f9c-b800-a876c2ebf7bd\/&quot;},{&quot;title&quot;:&quot;An&#xFA;ncio de 1977 de cl&#xE1;ssico do cinema quebra recorde em venda milion&#xE1;ria&quot;,&quot;thumb&quot;:&quot;https:\/\/d22yf0mxeu0gma.cloudfront.net\/12-15-2025\/t_b54e58c39abf4583b027ec664c65bf01_name_layout_record_news___28_.png&quot;,&quot;url&quot;:&quot;https:\/\/noticias.r7.com\/record-news\/news-das-10\/video\/anuncio-de-1977-de-classico-do-cinema-quebra-recorde-em-venda-milionaria-15122025\/&quot;,&quot;embedUrl&quot;:&quot;https:\/\/noticias.r7.com\/player\/f4bbac79-6b4e-4f0a-8c5f-d7fd94d5717f\/&quot;}]\" data-player-url=\"https:\/\/noticias.r7.com\/player\/18e5fd97-ad15-4ad7-9c53-529e05616f4d\/\" data-arc-video=\"\" data-arc-id=\"18e5fd97-ad15-4ad7-9c53-529e05616f4d\" data-short=\"false\" style=\"visibility:hidden\"><\/video><\/p>\n<p class=\"jarvics:base-text-neutral-high-400 base-text-[calc(theme(fontSize.xs)_*_var(--font-size,_1))] base-font-normal base-font-primary base-text-neutral-low-500 base-text-left\"><b>Para saber tudo do mundo dos famosos, <\/b><a href=\"https:\/\/whatsapp.com\/channel\/0029Va9UfKcHQbRyCyhPt71R\" rel=\"nofollow noopener\" target=\"_blank\"><b>siga o canal de entretenimento do R7<\/b><\/a><b>, o portal de not\u00edcias da RECORD, no WhatsApp<\/b><\/p>\n","protected":false},"excerpt":{"rendered":"LEIA AQUI O RESUMO DA NOT\u00cdCIA A revista The Hollywood Reporter colocou Wagner Moura como favorito ao Oscar&hellip;\n","protected":false},"author":2,"featured_media":199622,"comment_status":"","ping_status":"","sticky":false,"template":"","format":"standard","meta":{"footnotes":""},"categories":[145],"tags":[211,210,470,114,115,2158,1409,32,33,12348],"class_list":{"0":"post-199621","1":"post","2":"type-post","3":"status-publish","4":"format-standard","5":"has-post-thumbnail","7":"category-celebridades","8":"tag-celebridades","9":"tag-celebrities","10":"tag-cinema","11":"tag-entertainment","12":"tag-entretenimento","13":"tag-o-agente-secreto","14":"tag-oscar","15":"tag-portugal","16":"tag-pt","17":"tag-wagner-moura"},"share_on_mastodon":{"url":"https:\/\/pubeurope.com\/@pt\/115768673463876180","error":""},"_links":{"self":[{"href":"https:\/\/www.europesays.com\/pt\/wp-json\/wp\/v2\/posts\/199621","targetHints":{"allow":["GET"]}}],"collection":[{"href":"https:\/\/www.europesays.com\/pt\/wp-json\/wp\/v2\/posts"}],"about":[{"href":"https:\/\/www.europesays.com\/pt\/wp-json\/wp\/v2\/types\/post"}],"author":[{"embeddable":true,"href":"https:\/\/www.europesays.com\/pt\/wp-json\/wp\/v2\/users\/2"}],"replies":[{"embeddable":true,"href":"https:\/\/www.europesays.com\/pt\/wp-json\/wp\/v2\/comments?post=199621"}],"version-history":[{"count":0,"href":"https:\/\/www.europesays.com\/pt\/wp-json\/wp\/v2\/posts\/199621\/revisions"}],"wp:featuredmedia":[{"embeddable":true,"href":"https:\/\/www.europesays.com\/pt\/wp-json\/wp\/v2\/media\/199622"}],"wp:attachment":[{"href":"https:\/\/www.europesays.com\/pt\/wp-json\/wp\/v2\/media?parent=199621"}],"wp:term":[{"taxonomy":"category","embeddable":true,"href":"https:\/\/www.europesays.com\/pt\/wp-json\/wp\/v2\/categories?post=199621"},{"taxonomy":"post_tag","embeddable":true,"href":"https:\/\/www.europesays.com\/pt\/wp-json\/wp\/v2\/tags?post=199621"}],"curies":[{"name":"wp","href":"https:\/\/api.w.org\/{rel}","templated":true}]}}