{"id":199655,"date":"2025-12-23T12:07:16","date_gmt":"2025-12-23T12:07:16","guid":{"rendered":"https:\/\/www.europesays.com\/pt\/199655\/"},"modified":"2025-12-23T12:07:16","modified_gmt":"2025-12-23T12:07:16","slug":"gabriel-medina-recebe-homenagem-emocionante-da-namorada-ao-celebrar-32-anos","status":"publish","type":"post","link":"https:\/\/www.europesays.com\/pt\/199655\/","title":{"rendered":"Gabriel Medina recebe homenagem emocionante da namorada ao celebrar 32 anos"},"content":{"rendered":"<p><a href=\"https:\/\/caras.com.br\/tags\/gabriel-medina\" rel=\"nofollow noopener\" target=\"_blank\"><strong>Gabriel Medina<\/strong><\/a> est\u00e1 completando 32 anos nesta segunda-feira, 22. O surfista apareceu em registros pessoais e descontra\u00eddos publicados por <strong><a href=\"https:\/\/caras.com.br\/tags\/isabella-arantes\" rel=\"nofollow noopener\" target=\"_blank\">Isabella Arantes<\/a>,<\/strong> que compartilhou momentos do in\u00edcio do dia.<\/p>\n<p>Os registros mostram um clima de comemora\u00e7\u00e3o em casa, logo nas primeiras horas da manh\u00e3. No v\u00eddeo publicado por Isabella, o surfista aparece deitado na cama enquanto recebe uma bandeja de caf\u00e9 da manh\u00e3 com bolo, ovos mexidos, suco de laranja, frutas e caf\u00e9. A influenciadora canta Parab\u00e9ns pra Voc\u00ea durante a surpresa. Em outro detalhe do registro, ela surge vestindo a camisa do Corinthians, em refer\u00eancia \u00e0 vit\u00f3ria do clube sobre o Vasco na final da Copa do Brasil, celebrada pelo casal na noite anterior.<\/p>\n<p> Homenagem para Gabriel Medina <\/p>\n<p>Na sequ\u00eancia, Isabella Arantes publicou um \u00e1lbum de fotos ao lado de Medina e incluiu uma declara\u00e7\u00e3o extensa sobre o aniversariante. No texto, ela escreveu: \u201cEu queria genuinamente que todos que te admiram tivessem o prazer de conhecer o seu cora\u00e7\u00e3o\u2026 um cora\u00e7\u00e3o t\u00e3o bom que \u00e0s vezes sofre por n\u00e3o conseguir ser duro. Gabriel tem uma luz rara, uma pureza de alma que n\u00e3o se for\u00e7a, n\u00e3o se cria\u2026 voc\u00ea simplesmente \u00e9\u201d.<\/p>\n<p>A mensagem continua com elogios \u00e0 forma como o surfista encara a vida e finaliza com desejos de felicidade e prote\u00e7\u00e3o. \u201cHoje \u00e9 o seu dia, quero te desejar tudo de melhor que exista neste mundo, que Deus te aben\u00e7oe, te livre de todo mal e que todos os seus sonhos se realizem. Sou f\u00e3 do Medina, mas ainda sou mais f\u00e3 do Gabriel. Feliz anivers\u00e1rio\u2026 te amo\u201d, escreveu.<\/p>\n<blockquote class=\"instagram-media\" style=\"background: #FFF; border: 0; border-radius: 3px; box-shadow: 0 0 1px 0 rgba(0,0,0,0.5),0 1px 10px 0 rgba(0,0,0,0.15); margin: 1px; max-width: 540px; min-width: 326px; padding: 0; width: calc(100% - 2px);\" data-instgrm-captioned=\"\" data-instgrm-permalink=\"https:\/\/www.instagram.com\/p\/DSkZLbsAG1n\/?utm_source=ig_embed&amp;utm_campaign=loading\" data-instgrm-version=\"14\"><\/blockquote>\n<p>Os rumores sobre o relacionamento entre Medina e Isabella Arantes come\u00e7aram a circular em junho, ap\u00f3s publica\u00e7\u00f5es em cen\u00e1rios semelhantes e passeios pela Bahia. A primeira postagem oficial dos dois juntos aconteceu em agosto, confirmando a aproxima\u00e7\u00e3o que j\u00e1 vinha sendo observada pelos seguidores.<\/p>\n<p>Leia tamb\u00e9m: <a href=\"https:\/\/caras.com.br\/atualidades\/apos-sofrer-lesao-grave-gabriel-medina-reflete-sobre-seu-ano.phtml\" rel=\"nofollow noopener\" target=\"_blank\">Ap\u00f3s sofrer les\u00e3o grave, Gabriel Medina reflete sobre seu ano<\/a><\/p>\n<p>        <a href=\"https:\/\/caras.com.br\/autor\/izabella-nicolau\" rel=\"nofollow noopener\" target=\"_blank\">&#13;<br \/>\n          <img loading=\"lazy\" decoding=\"async\" alt=\"Izabella Nicolau\" src=\"https:\/\/www.europesays.com\/pt\/wp-content\/uploads\/2025\/10\/1761546134_794_whatsapp_image_2025-08-12_at_15.10.50_1_sqmd.jpeg\" class=\"avatar avatar-115 photo rounded-circle\" height=\"115\" width=\"115\"\/>        <\/a><\/p>\n<p><strong>Izabella Nicolau<\/strong> \u00e9 rep\u00f3rter de conte\u00fado do site CARAS. Formada em jornalismo, j\u00e1 passou por sites como Observat\u00f3rio do Cinema e Ultraverso. Escreve sobre cultura, entretenimento e celebridades.<\/p>\n<p>\t                                            <script async src=\"\/\/www.instagram.com\/embed.js\"><\/script><\/p>\n","protected":false},"excerpt":{"rendered":"Gabriel Medina est\u00e1 completando 32 anos nesta segunda-feira, 22. O surfista apareceu em registros pessoais e descontra\u00eddos publicados&hellip;\n","protected":false},"author":2,"featured_media":199656,"comment_status":"","ping_status":"","sticky":false,"template":"","format":"standard","meta":{"footnotes":""},"categories":[145],"tags":[211,210,114,115,27572,32,33],"class_list":{"0":"post-199655","1":"post","2":"type-post","3":"status-publish","4":"format-standard","5":"has-post-thumbnail","7":"category-celebridades","8":"tag-celebridades","9":"tag-celebrities","10":"tag-entertainment","11":"tag-entretenimento","12":"tag-gabriel-medina","13":"tag-portugal","14":"tag-pt"},"share_on_mastodon":{"url":"https:\/\/pubeurope.com\/@pt\/115768803086523000","error":""},"_links":{"self":[{"href":"https:\/\/www.europesays.com\/pt\/wp-json\/wp\/v2\/posts\/199655","targetHints":{"allow":["GET"]}}],"collection":[{"href":"https:\/\/www.europesays.com\/pt\/wp-json\/wp\/v2\/posts"}],"about":[{"href":"https:\/\/www.europesays.com\/pt\/wp-json\/wp\/v2\/types\/post"}],"author":[{"embeddable":true,"href":"https:\/\/www.europesays.com\/pt\/wp-json\/wp\/v2\/users\/2"}],"replies":[{"embeddable":true,"href":"https:\/\/www.europesays.com\/pt\/wp-json\/wp\/v2\/comments?post=199655"}],"version-history":[{"count":0,"href":"https:\/\/www.europesays.com\/pt\/wp-json\/wp\/v2\/posts\/199655\/revisions"}],"wp:featuredmedia":[{"embeddable":true,"href":"https:\/\/www.europesays.com\/pt\/wp-json\/wp\/v2\/media\/199656"}],"wp:attachment":[{"href":"https:\/\/www.europesays.com\/pt\/wp-json\/wp\/v2\/media?parent=199655"}],"wp:term":[{"taxonomy":"category","embeddable":true,"href":"https:\/\/www.europesays.com\/pt\/wp-json\/wp\/v2\/categories?post=199655"},{"taxonomy":"post_tag","embeddable":true,"href":"https:\/\/www.europesays.com\/pt\/wp-json\/wp\/v2\/tags?post=199655"}],"curies":[{"name":"wp","href":"https:\/\/api.w.org\/{rel}","templated":true}]}}