{"id":199777,"date":"2025-12-23T13:50:17","date_gmt":"2025-12-23T13:50:17","guid":{"rendered":"https:\/\/www.europesays.com\/pt\/199777\/"},"modified":"2025-12-23T13:50:17","modified_gmt":"2025-12-23T13:50:17","slug":"cp-vai-aumentar-o-preco-de-todos-os-servicos-a-partir-de-janeiro-nit","status":"publish","type":"post","link":"https:\/\/www.europesays.com\/pt\/199777\/","title":{"rendered":"CP vai aumentar o pre\u00e7o de todos os servi\u00e7os a partir de janeiro \u2014 NiT"},"content":{"rendered":"<p>Depois do Metropolitano de Lisboa e da Carris terem anunciado o aumento dos pre\u00e7os dos transportes para o pr\u00f3ximo ano, chegou a vez da Comboios de Portugal (CP) fazer o mesmo. Os novos valores v\u00e3o entrar em vigor j\u00e1 a 1 de janeiro de 2026.\u00a0<\/p>\n<p>De acordo com a empresa de transportes, os novos pre\u00e7os apresentam um aumento m\u00e9dio de 2,26 por cento.\u00a0O pre\u00e7o do Passe Ferrovi\u00e1rio Verde e dos passes Navegante e Andante, por sua vez, n\u00e3o ter\u00e3o qualquer altera\u00e7\u00e3o.<\/p>\n<p>Em Lisboa, o bilhete inteiro nos Comboios Urbanos vai rondar entre os 1,50\u20ac (para uma zona) e 3,90\u20ac (oito). Atualmente, variam entre os 1,45\u20ac e os 3,80\u20ac, respetivamente. A assinatura de 30 dias tamb\u00e9m sofrer\u00e1 uma altera\u00e7\u00e3o: uma zona vai passar de 29,75\u20ac para 30,45\u20ac; enquanto duas vai aumentar de 31,65\u20ac para 32,35\u20ac.<\/p>\n<p>No Porto, os valores v\u00e3o variar entre 1,65\u20ac (uma zona) e os 6,60\u20ac (17 zonas). A assinatura normal, por sua vez, vai rondar entre os 34,90\u20ac e os 142,10\u20ac, respetivamente. Em Coimbra, os Comboios Urbanos v\u00e3o variar entre os 1,75\u20ac (uma zona) e os 3,10\u20ac (cinco zonas). As assinaturas normais come\u00e7am nos 28,15\u20ac e podem chegar aos 65,45\u20ac, respetivamente.\u00a0<\/p>\n<p>Os bilhetes do Comboio Celta, que liga o Porto a Vigo, v\u00e3o come\u00e7ar nos 4,10\u20ac e poder\u00e3o chegar aos 26,80\u20ac (ambos incluem ida e volta e variam mediante a origem da viagem).\u00a0<\/p>\n<p>Outros servi\u00e7os como o Alfa Pendular, o Intercidades, o Regional e o Internacional tamb\u00e9m sofrer\u00e3o altera\u00e7\u00f5es. Todos os novos valores est\u00e3o dispon\u00edveis no <a href=\"https:\/\/cp.pt\/pt\/detalhe-aviso\/precos-1-janeiro-2026?utm_campaign=Novos%20pre%C3%A7os%202026&amp;utm_medium=email&amp;utm_source=Eloqua\" target=\"_blank\" rel=\"noopener nofollow\">site<\/a> da CP.<\/p>\n<p>Leia tamb\u00e9m o <a href=\"https:\/\/www.nit.pt\/fora-de-casa\/prepare-se-tarifas-dos-transportes-publicos-em-lisboa-vao-aumentar-a-partir-de-janeiro\" target=\"_blank\" rel=\"noopener nofollow\">artigo<\/a> da NiT sobre o aumento dos pre\u00e7os dos transportes p\u00fablicos em Lisboa para 2026.<\/p>\n","protected":false},"excerpt":{"rendered":"Depois do Metropolitano de Lisboa e da Carris terem anunciado o aumento dos pre\u00e7os dos transportes para o&hellip;\n","protected":false},"author":2,"featured_media":199778,"comment_status":"","ping_status":"","sticky":false,"template":"","format":"standard","meta":{"footnotes":""},"categories":[83],"tags":[88,89,90,32,33],"class_list":{"0":"post-199777","1":"post","2":"type-post","3":"status-publish","4":"format-standard","5":"has-post-thumbnail","7":"category-empresas","8":"tag-business","9":"tag-economy","10":"tag-empresas","11":"tag-portugal","12":"tag-pt"},"share_on_mastodon":{"url":"https:\/\/pubeurope.com\/@pt\/115769207892205996","error":""},"_links":{"self":[{"href":"https:\/\/www.europesays.com\/pt\/wp-json\/wp\/v2\/posts\/199777","targetHints":{"allow":["GET"]}}],"collection":[{"href":"https:\/\/www.europesays.com\/pt\/wp-json\/wp\/v2\/posts"}],"about":[{"href":"https:\/\/www.europesays.com\/pt\/wp-json\/wp\/v2\/types\/post"}],"author":[{"embeddable":true,"href":"https:\/\/www.europesays.com\/pt\/wp-json\/wp\/v2\/users\/2"}],"replies":[{"embeddable":true,"href":"https:\/\/www.europesays.com\/pt\/wp-json\/wp\/v2\/comments?post=199777"}],"version-history":[{"count":0,"href":"https:\/\/www.europesays.com\/pt\/wp-json\/wp\/v2\/posts\/199777\/revisions"}],"wp:featuredmedia":[{"embeddable":true,"href":"https:\/\/www.europesays.com\/pt\/wp-json\/wp\/v2\/media\/199778"}],"wp:attachment":[{"href":"https:\/\/www.europesays.com\/pt\/wp-json\/wp\/v2\/media?parent=199777"}],"wp:term":[{"taxonomy":"category","embeddable":true,"href":"https:\/\/www.europesays.com\/pt\/wp-json\/wp\/v2\/categories?post=199777"},{"taxonomy":"post_tag","embeddable":true,"href":"https:\/\/www.europesays.com\/pt\/wp-json\/wp\/v2\/tags?post=199777"}],"curies":[{"name":"wp","href":"https:\/\/api.w.org\/{rel}","templated":true}]}}